{"id":121297,"date":"2025-12-30T23:55:16","date_gmt":"2025-12-30T23:55:16","guid":{"rendered":"https:\/\/www.europesays.com\/se\/121297\/"},"modified":"2025-12-30T23:55:16","modified_gmt":"2025-12-30T23:55:16","slug":"en-dod-i-villabrand-i-kramfors-expressen","status":"publish","type":"post","link":"https:\/\/www.europesays.com\/se\/121297\/","title":{"rendered":"En d\u00f6d i villabrand i Kramfors &#8211; Expressen"},"content":{"rendered":"<ol>\n<li><a href=\"https:\/\/news.google.com\/rss\/articles\/CBMilwFBVV95cUxNdTBpdzhSbVFtV2FlRm9aOE5Vb3p3S1NoVVhYaWJodHZWaG8zdkJBRnJncDFacGw3T2YxeTdNOGFNb3QtZFJrNzBwOHktVWx1Uzh5SXJONjhRQmFQMHRaVmdTUElBWm03NjNrd19Hc3c5YWg4X29leWVla0t6OWJqOUhBNlpKYVZMX1E1Ukl5bkZhS3NtTHNz?oc=5\" target=\"_blank\" rel=\"nofollow noopener\">En d\u00f6d i villabrand i Kramfors<\/a>&nbsp;&nbsp;Expressen<\/li>\n<li><a href=\"https:\/\/news.google.com\/rss\/articles\/CBMijgFBVV95cUxPYVVwWkN6cm12SHZ0ek5tVjJrWEZ6ZmdqRnk0ODZmT1pLU0xQT2tsYV9fU2hwZ3BvYmlOUFMwbTB6VjBYZUdFak1YN3BWcTg0VzZ2Rjg5ZmFwdVd5VlBacEU5Z2ViSHdpZVBoOV91aXZrOUpvTFBrRlNpQnNaLXBGZUhWSDFrRVdENVNrRG13?oc=5\" target=\"_blank\" rel=\"nofollow noopener\">En d\u00f6d i brand i Kramfors \u2013 misst\u00e4nkt mordbr\u00e4nnare gripen<\/a>&nbsp;&nbsp;Aftonbladet<\/li>\n<li><a href=\"https:\/\/news.google.com\/rss\/articles\/CBMijwFBVV95cUxOWUotQWI0U2UzNXA5X2NyUTB0dmlWUlJndkRZcjFjNVFyR3E0WnBSck4yNXBvTjlzZ2FENWRHWW5SWmZSckxFVHVhOE1IMTNjbTgxVXdUTG9maWo1c2o3VFJ2U0cwdWVqZHJhZUdMaVR6NEs2U1RrOUJwTDY5Z0hVdlZlMkFKRzNmLWJidDdTOA?oc=5\" target=\"_blank\" rel=\"nofollow noopener\">Nyheter fr\u00e5n dagen: 30 december<\/a>&nbsp;&nbsp;SVT Nyheter<\/li>\n<li><a href=\"https:\/\/news.google.com\/rss\/articles\/CBMiekFVX3lxTFBOdlBHeGR2aFkzaFF2WV9tV29TNUM4QWF2bG95S1gzX1RvUHdEYXRuNVdmcG1IN2pvTDkxVWhfYlVGZnZQbTZxWjhTNlY0UjJPSWt3RnVfazlpZ2NadEN2enZWekRpaV9kcG1RbEFqaHVMUzZtdnRkOGdR?oc=5\" target=\"_blank\" rel=\"nofollow noopener\">En d\u00f6d i villabrand \u2013 man misst\u00e4nks f\u00f6r mord<\/a>&nbsp;&nbsp;SvD<\/li>\n<li><a href=\"https:\/\/news.google.com\/rss\/articles\/CBMirAFBVV95cUxOOUxMYllaLUlBNUF2WlRta1Fld2tpXzczamdRUlk1OGM2Qm9fNjlzaEZ6WnJXMXpkcUZLTlVfMl9NTlpFUVUzcl92V3VYT0lUdHJZWG9uY213a3UtMmlUNEw4N2J3LWtlcDhKRm81dXZlNWNQbTdTNjUwUS1UVU5sYjR3V0x4dmVyTFBwU0FCT3FaWjdQbFFEcXNYN1pwY3FoVEJuOGpfR2txSFpM?oc=5\" target=\"_blank\" rel=\"nofollow noopener\">Byn i chock efter misst\u00e4nkta mordet: \u201dFruktansv\u00e4rt obehagligt\u201d<\/a>&nbsp;&nbsp;Tidningen \u00c5ngermanland<\/li>\n<\/ol>\n","protected":false},"excerpt":{"rendered":"En d\u00f6d i villabrand i Kramfors&nbsp;&nbsp;Expressen En d\u00f6d i brand i Kramfors \u2013 misst\u00e4nkt mordbr\u00e4nnare gripen&nbsp;&nbsp;Aftonbladet Nyheter fr\u00e5n&hellip;\n","protected":false},"author":2,"featured_media":39,"comment_status":"","ping_status":"","sticky":false,"template":"","format":"standard","meta":{"footnotes":""},"categories":[5],"tags":[22,23,26,27,17,21,24,25,28,29,15,16,18,34,31,33,32,30,19,20],"class_list":{"0":"post-121297","1":"post","2":"type-post","3":"status-publish","4":"format-standard","5":"has-post-thumbnail","7":"category-rubriker","8":"tag-breaking-news","9":"tag-breakingnews","10":"tag-featured-news","11":"tag-featurednews","12":"tag-headlines","13":"tag-huvudnyheter","14":"tag-latest-news","15":"tag-latestnews","16":"tag-main-news","17":"tag-mainnews","18":"tag-news","19":"tag-nyheter","20":"tag-rubriker","21":"tag-se","22":"tag-svenska","23":"tag-sverige","24":"tag-sweden","25":"tag-swedish","26":"tag-top-stories","27":"tag-topstories"},"share_on_mastodon":{"url":"https:\/\/pubeurope.com\/@se\/115811222955661945","error":""},"_links":{"self":[{"href":"https:\/\/www.europesays.com\/se\/wp-json\/wp\/v2\/posts\/121297","targetHints":{"allow":["GET"]}}],"collection":[{"href":"https:\/\/www.europesays.com\/se\/wp-json\/wp\/v2\/posts"}],"about":[{"href":"https:\/\/www.europesays.com\/se\/wp-json\/wp\/v2\/types\/post"}],"author":[{"embeddable":true,"href":"https:\/\/www.europesays.com\/se\/wp-json\/wp\/v2\/users\/2"}],"replies":[{"embeddable":true,"href":"https:\/\/www.europesays.com\/se\/wp-json\/wp\/v2\/comments?post=121297"}],"version-history":[{"count":0,"href":"https:\/\/www.europesays.com\/se\/wp-json\/wp\/v2\/posts\/121297\/revisions"}],"wp:featuredmedia":[{"embeddable":true,"href":"https:\/\/www.europesays.com\/se\/wp-json\/wp\/v2\/media\/39"}],"wp:attachment":[{"href":"https:\/\/www.europesays.com\/se\/wp-json\/wp\/v2\/media?parent=121297"}],"wp:term":[{"taxonomy":"category","embeddable":true,"href":"https:\/\/www.europesays.com\/se\/wp-json\/wp\/v2\/categories?post=121297"},{"taxonomy":"post_tag","embeddable":true,"href":"https:\/\/www.europesays.com\/se\/wp-json\/wp\/v2\/tags?post=121297"}],"curies":[{"name":"wp","href":"https:\/\/api.w.org\/{rel}","templated":true}]}}