{"id":121298,"date":"2025-12-31T00:03:07","date_gmt":"2025-12-31T00:03:07","guid":{"rendered":"https:\/\/www.europesays.com\/se\/121298\/"},"modified":"2025-12-31T00:03:07","modified_gmt":"2025-12-31T00:03:07","slug":"nyarsvadret-minusgrader-och-sno-horisont-magasin","status":"publish","type":"post","link":"https:\/\/www.europesays.com\/se\/121298\/","title":{"rendered":"Ny\u00e5rsv\u00e4dret: Minusgrader och sn\u00f6 &#8211; Horisont magasin"},"content":{"rendered":"<p data-inline=\"padding: 0px;color: rgb(17, 17, 17);font-size: 15px;font-family: Roboto, sans-serif;font-weight: 400;text-align: start;list-style-position: outside;line-height:170%; line-height: 1.7;margin: 0 0 10px\"><strong>Ny\u00e5rsaftonen bjuder p\u00e5 s\u00e5v\u00e4l minusgrader som sn\u00f6fall i princip \u00f6ver hela \u00f6n och \u00f6ver hela dygnet.\u00a0<\/strong><\/p>\n<p data-inline=\"padding: 0px;color: rgb(17, 17, 17);font-size: 15px;font-family: Roboto, sans-serif;font-weight: 400;text-align: start;list-style-position: outside;line-height:170%; line-height: 1.7;margin: 0 0 10px\">Enligt SMHI v\u00e4ntas temperaturerna under onsdagen den 31 december att ligga mellan \u20131 och \u20134 grader, nederb\u00f6rd \u00e4r att v\u00e4nta s\u00e5 gott som hela dagen, och vindarna svaga.<\/p>\n<p data-inline=\"padding: 0px;color: rgb(17, 17, 17);font-size: 15px;font-family: Roboto, sans-serif;font-weight: 400;text-align: start;list-style-position: outside;line-height:170%; line-height: 1.7;margin: 0 0 10px\">Vid tolvslaget blir det enligt prognosen tre minusgrader och sydostliga vindar p\u00e5 cirka fyra meter i sekunden, men upp\u00e5t 7 m\/s i byarna.<\/p>\n<p>                                        Annons<br \/>\n                                        <a href=\"https:\/\/www.ica.se\/butiker\/maxi\/gotland\/maxi-ica-stormarknad-visby-1003730\/?icqid=Cj0KCQjw267GBhCSARIsAOjVJ4EqRnbF2Qf0AsSOKIsrNJ4-91F_r60p5WznKWj-YwHnO2qRYbe0lOQaAqAiEALw_wcB&amp;gad_source=1&amp;gad_campaignid=7319844863&amp;gbraid=0AAAAADKgUif50mduMbE68IsscFGAabWsm&amp;gclid=Cj0KCQjw267GBhCSARIsAOjVJ4EqRnbF2Qf0AsSOKIsrNJ4-91F_r60p5WznKWj-YwHnO2qRYbe0lOQaAqAiEALw_wcB\" target=\"_blank\" data-tracking-id=\"left3\" rel=\"nofollow noopener\"><img decoding=\"async\" src=\"https:\/\/usercontent.one\/wp\/www.horisontmagasin.se\/wp-content\/uploads\/2024\/09\/800-x-200-Ica-Maxi.jpg?media=1766356387\" alt=\"Annons\" class=\"img-fluid mx-auto d-block lazyload\" bad-src=\"data:image\/svg+xml;base64,PHN2ZyB3aWR0aD0iMSIgaGVpZ2h0PSIxIiB4bWxucz0iaHR0cDovL3d3dy53My5vcmcvMjAwMC9zdmciPjwvc3ZnPg==\"\/><\/a>                                    <\/p>\n<p>Bland annat detta g\u00f6r att den upplevda temperaturen blir cirka \u00e5tta minusgrader, varnar SMHI.<\/p>\n<p data-inline=\"padding: 0px;color: rgb(17, 17, 17);font-size: 15px;font-family: Roboto, sans-serif;font-weight: 400;text-align: start;list-style-position: outside;line-height:170%; line-height: 1.7;margin: 0 0 10px\">Ute p\u00e5 havet kring Gotland d\u00e4remot, r\u00e5der kulingvarning med vindar p\u00e5 14-17 meter i sekunden.<\/p>\n","protected":false},"excerpt":{"rendered":"Ny\u00e5rsaftonen bjuder p\u00e5 s\u00e5v\u00e4l minusgrader som sn\u00f6fall i princip \u00f6ver hela \u00f6n och \u00f6ver hela dygnet.\u00a0 Enligt SMHI&hellip;\n","protected":false},"author":2,"featured_media":113348,"comment_status":"","ping_status":"","sticky":false,"template":"","format":"standard","meta":{"footnotes":""},"categories":[5],"tags":[22,23,26,27,17,21,24,25,28,29,15,16,18,34,31,33,32,30,19,20],"class_list":{"0":"post-121298","1":"post","2":"type-post","3":"status-publish","4":"format-standard","5":"has-post-thumbnail","7":"category-rubriker","8":"tag-breaking-news","9":"tag-breakingnews","10":"tag-featured-news","11":"tag-featurednews","12":"tag-headlines","13":"tag-huvudnyheter","14":"tag-latest-news","15":"tag-latestnews","16":"tag-main-news","17":"tag-mainnews","18":"tag-news","19":"tag-nyheter","20":"tag-rubriker","21":"tag-se","22":"tag-svenska","23":"tag-sverige","24":"tag-sweden","25":"tag-swedish","26":"tag-top-stories","27":"tag-topstories"},"share_on_mastodon":{"url":"https:\/\/pubeurope.com\/@se\/115811254466257357","error":""},"_links":{"self":[{"href":"https:\/\/www.europesays.com\/se\/wp-json\/wp\/v2\/posts\/121298","targetHints":{"allow":["GET"]}}],"collection":[{"href":"https:\/\/www.europesays.com\/se\/wp-json\/wp\/v2\/posts"}],"about":[{"href":"https:\/\/www.europesays.com\/se\/wp-json\/wp\/v2\/types\/post"}],"author":[{"embeddable":true,"href":"https:\/\/www.europesays.com\/se\/wp-json\/wp\/v2\/users\/2"}],"replies":[{"embeddable":true,"href":"https:\/\/www.europesays.com\/se\/wp-json\/wp\/v2\/comments?post=121298"}],"version-history":[{"count":0,"href":"https:\/\/www.europesays.com\/se\/wp-json\/wp\/v2\/posts\/121298\/revisions"}],"wp:featuredmedia":[{"embeddable":true,"href":"https:\/\/www.europesays.com\/se\/wp-json\/wp\/v2\/media\/113348"}],"wp:attachment":[{"href":"https:\/\/www.europesays.com\/se\/wp-json\/wp\/v2\/media?parent=121298"}],"wp:term":[{"taxonomy":"category","embeddable":true,"href":"https:\/\/www.europesays.com\/se\/wp-json\/wp\/v2\/categories?post=121298"},{"taxonomy":"post_tag","embeddable":true,"href":"https:\/\/www.europesays.com\/se\/wp-json\/wp\/v2\/tags?post=121298"}],"curies":[{"name":"wp","href":"https:\/\/api.w.org\/{rel}","templated":true}]}}