{"id":121301,"date":"2025-12-31T00:17:06","date_gmt":"2025-12-31T00:17:06","guid":{"rendered":"https:\/\/www.europesays.com\/se\/121301\/"},"modified":"2025-12-31T00:17:06","modified_gmt":"2025-12-31T00:17:06","slug":"just-nu-moskva-attackerat-600-000-ryssar-saknar-strom-marcus-oscarsson","status":"publish","type":"post","link":"https:\/\/www.europesays.com\/se\/121301\/","title":{"rendered":"JUST NU: Moskva attackerat \u2013 600 000 ryssar saknar str\u00f6m &#8211; Marcus Oscarsson"},"content":{"rendered":"<ol>\n<li><a href=\"https:\/\/news.google.com\/rss\/articles\/CBMiiAFBVV95cUxNSXVxTFk3UWFZZXZ5cXZfcXoyWUhPVXhrUEExa1FTdm5qWEZCNWwxQm5Kcm9wb0JRNlNGMHpRUkhHQXFrQXBrZVVBaWlaaTI5YktfOUxfTUpFUWprckVoTDRuWDJUWG5QYXRQazhpT2xlelhxNWluVmluamQxYXlqMTBTTF9WVkZv?oc=5\" target=\"_blank\" rel=\"nofollow noopener\">JUST NU: Moskva attackerat \u2013 600 000 ryssar saknar str\u00f6m<\/a>&nbsp;&nbsp;Marcus Oscarsson<\/li>\n<li><a href=\"https:\/\/news.google.com\/rss\/articles\/CBMiigFBVV95cUxPVTFVZ0hLY05JWHdJLXUtU2V0di13WjI5Qlp0OWI1MElzQ1NCejlPaEwySEtUY2tIT2k4Y003ZEFCWGV2Ykk0QnlSQlpYcWFoYWtwWFJ4NkE3ZVkzZjBUNTRnTGZELVAxZVlTU0hwZ3BVRENaT0pPVmpUdEZrdVVwcWlnX3lQYnlCX0E?oc=5\" target=\"_blank\" rel=\"nofollow noopener\">Ukraina: Krigsfartyg angripet i Kaspiska havet<\/a>&nbsp;&nbsp;Aftonbladet<\/li>\n<li><a href=\"https:\/\/news.google.com\/rss\/articles\/CBMif0FVX3lxTFA4QkRiTkdRc3lKS0N0ZldzT21VM2F1VEhVRldpVl9Ma3h4M2NwaVZWRnlsMi1zdTBSMnRPVWc5bWgyZkxSWlFpcHA3MDdacDgzdUhkdDZSTWZyZHNsMW12bEVQNHFfR0I0VGRHUXpCV01obWY5QUtSNlNoak1QUFU?oc=5\" target=\"_blank\" rel=\"nofollow noopener\">Ryska dr\u00f6nare uppges ha tr\u00e4ffat tv\u00e5 civila fartyg<\/a>&nbsp;&nbsp;Omni<\/li>\n<li><a href=\"https:\/\/news.google.com\/rss\/articles\/CBMijwFBVV95cUxPM0ZPMlgyWk1QeV9oYy00NVg1SFo0ZC1KeXN6R1RWQkNuMGxCaWE5UjUtczRMZllhWWNDNzlrbkw1ZHlmVFRkNzA0N2FQV1VCNDZ4TmR4Qi1Ja216UnlodTRLdklhX2tWZ0JLX0paX1pDWEdtSmhWZEFrd1h2b0hjTlQ5NHpneU1iaGVlRkNxUQ?oc=5\" target=\"_blank\" rel=\"nofollow noopener\">Ukrainsk dr\u00f6nare attackerar ryskt oljeraffinaderi<\/a>&nbsp;&nbsp;Indeksonline.<\/li>\n<li><a href=\"https:\/\/news.google.com\/rss\/articles\/CBMivwFBVV95cUxOTGtYU2ZxRFhVbGt1ZlBmaFZoTGNmV1JsNERCbWZZSklmdjBCQkljeHI3ek81cjJOVFVTM3NoS09NN00wWjgxMVBqRk9tdlFmOENSUkNfcnhPa0NCc2hKZ1VBaTY1ejczcy1nRy1iZS1hcFZfdkhNRVUxczhrbVJEcDYzallIMlpqUVpVQ21tdVh3NWIwMk9HdHQzRlVHNnZPWUlOWWJqa1VMQ1FrVjhiMl8tX01HLURON214VmN1RQ?oc=5\" target=\"_blank\" rel=\"nofollow noopener\">Ukraina tr\u00e4ffar ett ryskt oljeraffinaderi med brittiska Storm Shadow-kryssningsrobotar<\/a>&nbsp;&nbsp;Gamereactor<\/li>\n<\/ol>\n","protected":false},"excerpt":{"rendered":"JUST NU: Moskva attackerat \u2013 600 000 ryssar saknar str\u00f6m&nbsp;&nbsp;Marcus Oscarsson Ukraina: Krigsfartyg angripet i Kaspiska havet&nbsp;&nbsp;Aftonbladet Ryska&hellip;\n","protected":false},"author":2,"featured_media":121302,"comment_status":"","ping_status":"","sticky":false,"template":"","format":"standard","meta":{"footnotes":""},"categories":[14],"tags":[22,23,26,27,17,21,24,25,28,29,15,16,18,34,31,33,32,30,19,20,51,52,53,54],"class_list":{"0":"post-121301","1":"post","2":"type-post","3":"status-publish","4":"format-standard","5":"has-post-thumbnail","7":"category-varlden","8":"tag-breaking-news","9":"tag-breakingnews","10":"tag-featured-news","11":"tag-featurednews","12":"tag-headlines","13":"tag-huvudnyheter","14":"tag-latest-news","15":"tag-latestnews","16":"tag-main-news","17":"tag-mainnews","18":"tag-news","19":"tag-nyheter","20":"tag-rubriker","21":"tag-se","22":"tag-svenska","23":"tag-sverige","24":"tag-sweden","25":"tag-swedish","26":"tag-top-stories","27":"tag-topstories","28":"tag-varlden","29":"tag-world","30":"tag-world-news","31":"tag-worldnews"},"share_on_mastodon":{"url":"https:\/\/pubeurope.com\/@se\/115811309503137386","error":""},"_links":{"self":[{"href":"https:\/\/www.europesays.com\/se\/wp-json\/wp\/v2\/posts\/121301","targetHints":{"allow":["GET"]}}],"collection":[{"href":"https:\/\/www.europesays.com\/se\/wp-json\/wp\/v2\/posts"}],"about":[{"href":"https:\/\/www.europesays.com\/se\/wp-json\/wp\/v2\/types\/post"}],"author":[{"embeddable":true,"href":"https:\/\/www.europesays.com\/se\/wp-json\/wp\/v2\/users\/2"}],"replies":[{"embeddable":true,"href":"https:\/\/www.europesays.com\/se\/wp-json\/wp\/v2\/comments?post=121301"}],"version-history":[{"count":0,"href":"https:\/\/www.europesays.com\/se\/wp-json\/wp\/v2\/posts\/121301\/revisions"}],"wp:featuredmedia":[{"embeddable":true,"href":"https:\/\/www.europesays.com\/se\/wp-json\/wp\/v2\/media\/121302"}],"wp:attachment":[{"href":"https:\/\/www.europesays.com\/se\/wp-json\/wp\/v2\/media?parent=121301"}],"wp:term":[{"taxonomy":"category","embeddable":true,"href":"https:\/\/www.europesays.com\/se\/wp-json\/wp\/v2\/categories?post=121301"},{"taxonomy":"post_tag","embeddable":true,"href":"https:\/\/www.europesays.com\/se\/wp-json\/wp\/v2\/tags?post=121301"}],"curies":[{"name":"wp","href":"https:\/\/api.w.org\/{rel}","templated":true}]}}