{"id":121305,"date":"2025-12-31T00:23:10","date_gmt":"2025-12-31T00:23:10","guid":{"rendered":"https:\/\/www.europesays.com\/se\/121305\/"},"modified":"2025-12-31T00:23:10","modified_gmt":"2025-12-31T00:23:10","slug":"fotosidan-poddradio-153-arskronika-och-framtidsspaning","status":"publish","type":"post","link":"https:\/\/www.europesays.com\/se\/121305\/","title":{"rendered":"Fotosidan Poddradio #153 \u00c5rskr\u00f6nika och framtidsspaning"},"content":{"rendered":"<p>                          Fotosidan Poddradio<\/p>\n<p class=\"articleingress\">Magnus &amp; Martin snackar om \u00e5rets prylnyheter och i synnerhet om Sony A7 V och Canon Eos R6 Mark III som \u00e4r inne f\u00f6r test. De spanar ocks\u00e5 om vad som komma skall.<\/p>\n<p>Du kan lyssna p\u00e5 Fotosidan Poddradio reklamfri i f\u00e4ltet ovan. Fotosidan Poddradio finns i de flesta poodspelare, s\u00f6k p\u00e5 &#8221;Fotosidan Poddradio&#8221;. <a href=\"https:\/\/podcasts.apple.com\/se\/podcast\/fotosidan-poddradio\/id1444868018\" target=\"_blank\" rel=\"noopener nofollow\">Itunes<\/a> \u00e4r den kanal vi rekommenderar och som \u00e4r reklamfri. Vi finns \u00e4ven hos <a href=\"https:\/\/open.spotify.com\/show\/5cKZsdfNp2x4amd6Wcavpx?si=f6cZ8ouxTH243wBWfBFIcw\" target=\"_blank\" rel=\"noopener nofollow\">Spotify<\/a> (reklam som vi inte styr \u00f6ver kan f\u00f6rekomma) och p\u00e5 <a href=\"https:\/\/www.youtube.com\/@Fotosidan\/videos\" target=\"_blank\" rel=\"noopener nofollow\">Youtube<\/a>.<\/p>\n<p>Gl\u00f6m som sagt inte att gilla, f\u00f6lj eller prenumerera i din favoritapp! D\u00e5 blir vi glada! \ud83d\ude42<\/p>\n<p>      \t\t\t<img decoding=\"async\" src=\"https:\/\/www.europesays.com\/se\/wp-content\/uploads\/2025\/08\/7ad6b79007376b3d2364e4cfe4bf04d5.jpg\" border=\"0\" alt=\"\"\/>\t\t\t\t<\/p>\n<p>Publicerad 2025-12-30. <\/p>\n<p>    Fotosidan produktdatabas<\/p>\n<p>Omd\u00f6men fr\u00e5n medlemmar, testbilder och produktinformation<\/p>\n<p>        <a href=\"https:\/\/www.fotosidan.se\/prylar\/view.htm?ID=29710\" rel=\"nofollow noopener\" target=\"_blank\"><img decoding=\"async\" src=\"https:\/\/www.europesays.com\/se\/wp-content\/uploads\/2025\/12\/4e25fe6faa4bb414c01e6b28761ac10c.jpg\" border=\"0\" width=\"\" height=\"\" alt=\"Canon Eos R6 Mark III\"\/><\/a><\/p>\n<p>        <a href=\"https:\/\/www.fotosidan.se\/prylar\/view.htm?ID=29717\" rel=\"nofollow noopener\" target=\"_blank\"><img decoding=\"async\" src=\"https:\/\/www.europesays.com\/se\/wp-content\/uploads\/2025\/12\/13b731f673e88da8a2176ec70ed6cbe3.jpg\" border=\"0\" width=\"\" height=\"\" alt=\"Sony A7 V\"\/><\/a><\/p>\n<tr>\n<td>Ingen butik som bevakas av Prisjakt har produkten i lager.<\/td>\n<\/tr>\n<p><a href=\"https:\/\/www.prisjakt.nu\/?ref=61280\" target=\"_blank\" rel=\"nofollow noopener\"><img decoding=\"async\" src=\"https:\/\/www.europesays.com\/se\/wp-content\/uploads\/2025\/12\/prisjakt_logo_dark.png\"\/><\/a><\/p>\n","protected":false},"excerpt":{"rendered":"Fotosidan Poddradio Magnus &amp; Martin snackar om \u00e5rets prylnyheter och i synnerhet om Sony A7 V och Canon&hellip;\n","protected":false},"author":2,"featured_media":121306,"comment_status":"","ping_status":"","sticky":false,"template":"","format":"standard","meta":{"footnotes":""},"categories":[66],"tags":[12876,80,78,79,34,31,33,32,30,81,84,83,82],"class_list":{"0":"post-121305","1":"post","2":"type-post","3":"status-publish","4":"format-standard","5":"has-post-thumbnail","7":"category-vetenskap-och-teknik","8":"tag-fotosidan-poddradio","9":"tag-science","10":"tag-science-and-technology","11":"tag-scienceandtechnology","12":"tag-se","13":"tag-svenska","14":"tag-sverige","15":"tag-sweden","16":"tag-swedish","17":"tag-technology","18":"tag-teknik","19":"tag-vetenskap","20":"tag-vetenskapteknik"},"share_on_mastodon":{"url":"https:\/\/pubeurope.com\/@se\/115811333132542127","error":""},"_links":{"self":[{"href":"https:\/\/www.europesays.com\/se\/wp-json\/wp\/v2\/posts\/121305","targetHints":{"allow":["GET"]}}],"collection":[{"href":"https:\/\/www.europesays.com\/se\/wp-json\/wp\/v2\/posts"}],"about":[{"href":"https:\/\/www.europesays.com\/se\/wp-json\/wp\/v2\/types\/post"}],"author":[{"embeddable":true,"href":"https:\/\/www.europesays.com\/se\/wp-json\/wp\/v2\/users\/2"}],"replies":[{"embeddable":true,"href":"https:\/\/www.europesays.com\/se\/wp-json\/wp\/v2\/comments?post=121305"}],"version-history":[{"count":0,"href":"https:\/\/www.europesays.com\/se\/wp-json\/wp\/v2\/posts\/121305\/revisions"}],"wp:featuredmedia":[{"embeddable":true,"href":"https:\/\/www.europesays.com\/se\/wp-json\/wp\/v2\/media\/121306"}],"wp:attachment":[{"href":"https:\/\/www.europesays.com\/se\/wp-json\/wp\/v2\/media?parent=121305"}],"wp:term":[{"taxonomy":"category","embeddable":true,"href":"https:\/\/www.europesays.com\/se\/wp-json\/wp\/v2\/categories?post=121305"},{"taxonomy":"post_tag","embeddable":true,"href":"https:\/\/www.europesays.com\/se\/wp-json\/wp\/v2\/tags?post=121305"}],"curies":[{"name":"wp","href":"https:\/\/api.w.org\/{rel}","templated":true}]}}