{"id":121307,"date":"2025-12-31T00:29:09","date_gmt":"2025-12-31T00:29:09","guid":{"rendered":"https:\/\/www.europesays.com\/se\/121307\/"},"modified":"2025-12-31T00:29:09","modified_gmt":"2025-12-31T00:29:09","slug":"hugo-pettersson-lamnar-hv71-ar-klar-for-malmo-shl","status":"publish","type":"post","link":"https:\/\/www.europesays.com\/se\/121307\/","title":{"rendered":"Hugo Pettersson l\u00e4mnar HV71 \u2013 \u00e4r klar f\u00f6r Malm\u00f6 | SHL"},"content":{"rendered":"<p>Publicerad 30 dec 2025 kl 21.56Uppdaterad kl 23.53<\/p>\n<p>Hugo Pettersson har varit utl\u00e5nad till b\u00e5de Kalmar och AIK.<\/p>\n<p>Sedan november \u00e4r han tillbaka i HV71 mer konsekvent.<\/p>\n<p>Men n\u00e4sta s\u00e4song spelar han i en annan SHL-klubb.<\/p>\n<p>Enligt vad Expressen erfar \u00e4r Pettersson \u00f6verens med Malm\u00f6.<\/p>\n<p>\u2013 Njae, allts\u00e5 jag har pratat med min agent, och han sk\u00f6ter det, s\u00e4ger Pettersson.<\/p>\n<p><img   alt=\"\"\/><\/p>\n<p>Hugo Pettersson.<\/p>\n<p>Foto: DAVID WRELAND \/ BILDBYR\u00c5N<\/p>\n<p>\u00d6ppna bild i helsk\u00e4rm<\/p>\n<p>20-\u00e5rige Hugo Pettersson har st\u00e5tt f\u00f6r sju m\u00e5l och tre assist under de 22 matcher han spelat f\u00f6r <a href=\"https:\/\/www.expressen.se\/tagg\/organization\/hv71\/\" class=\"\" rel=\"nofollow noopener\" target=\"_blank\">HV71<\/a> under h\u00f6sten.<\/p>\n<p>Till en b\u00f6rjan var det r\u00f6rigt. Han l\u00e5nades tidigt ut till allsvenska AIK, men kallades r\u00e4tt snabbt tillbaka till J\u00f6nk\u00f6ping, d\u00e4r han blivit kvar, och spelar numera ganska kosnekvent, med all \u00f6vriga fr\u00e5nvaro.<\/p>\n<p>N\u00e4sta s\u00e4song v\u00e4ljer dock forwarden att flytta vidare.<\/p>\n<p>Enligt vad Expressen erfar s\u00e5 \u00e4r Pettersson \u00f6verens med SHL-konkurrent Malm\u00f6, som HV71 under tisdagskv\u00e4llen st\u00e4lldes mot.<\/p>\n<p>\u2013 Jag har haft lite erbjudanden fr\u00e5n andra lag, och n\u00e5gra har man k\u00e4nt lite mer f\u00f6r, men jag har inte skrivit p\u00e5 f\u00f6r n\u00e5gon, s\u00e4ger Hugo Pettersson.<\/p>\n<p><strong>Enligt v\u00e5ra uppgifter \u00e4r du \u00f6verens med Malm\u00f6.<\/strong><\/p>\n<p>\u2013 Jass\u00e5? D\u00e5 vet du mer \u00e4n vad jag vet. Jag har inte skrivit p\u00e5 n\u00e5gonstans.<\/p>\n","protected":false},"excerpt":{"rendered":"Publicerad 30 dec 2025 kl 21.56Uppdaterad kl 23.53 Hugo Pettersson har varit utl\u00e5nad till b\u00e5de Kalmar och AIK.&hellip;\n","protected":false},"author":2,"featured_media":121308,"comment_status":"","ping_status":"","sticky":false,"template":"","format":"standard","meta":{"footnotes":""},"categories":[68],"tags":[1354,2735,1179,34,255,823,111,110,31,33,32,30],"class_list":{"0":"post-121307","1":"post","2":"type-post","3":"status-publish","4":"format-standard","5":"has-post-thumbnail","7":"category-sport","8":"tag-organization-hv71","9":"tag-organization-malmo-redhawks","10":"tag-organization-shl","11":"tag-se","12":"tag-sections-ishockey","13":"tag-sections-shl","14":"tag-sport","15":"tag-sports","16":"tag-svenska","17":"tag-sverige","18":"tag-sweden","19":"tag-swedish"},"share_on_mastodon":{"url":"https:\/\/pubeurope.com\/@se\/115811356720993222","error":""},"_links":{"self":[{"href":"https:\/\/www.europesays.com\/se\/wp-json\/wp\/v2\/posts\/121307","targetHints":{"allow":["GET"]}}],"collection":[{"href":"https:\/\/www.europesays.com\/se\/wp-json\/wp\/v2\/posts"}],"about":[{"href":"https:\/\/www.europesays.com\/se\/wp-json\/wp\/v2\/types\/post"}],"author":[{"embeddable":true,"href":"https:\/\/www.europesays.com\/se\/wp-json\/wp\/v2\/users\/2"}],"replies":[{"embeddable":true,"href":"https:\/\/www.europesays.com\/se\/wp-json\/wp\/v2\/comments?post=121307"}],"version-history":[{"count":0,"href":"https:\/\/www.europesays.com\/se\/wp-json\/wp\/v2\/posts\/121307\/revisions"}],"wp:featuredmedia":[{"embeddable":true,"href":"https:\/\/www.europesays.com\/se\/wp-json\/wp\/v2\/media\/121308"}],"wp:attachment":[{"href":"https:\/\/www.europesays.com\/se\/wp-json\/wp\/v2\/media?parent=121307"}],"wp:term":[{"taxonomy":"category","embeddable":true,"href":"https:\/\/www.europesays.com\/se\/wp-json\/wp\/v2\/categories?post=121307"},{"taxonomy":"post_tag","embeddable":true,"href":"https:\/\/www.europesays.com\/se\/wp-json\/wp\/v2\/tags?post=121307"}],"curies":[{"name":"wp","href":"https:\/\/api.w.org\/{rel}","templated":true}]}}