{"id":121319,"date":"2025-12-31T01:01:13","date_gmt":"2025-12-31T01:01:13","guid":{"rendered":"https:\/\/www.europesays.com\/se\/121319\/"},"modified":"2025-12-31T01:01:13","modified_gmt":"2025-12-31T01:01:13","slug":"larmi-lamnade-isen-och-baset-som-en-grinolle","status":"publish","type":"post","link":"https:\/\/www.europesays.com\/se\/121319\/","title":{"rendered":"Larmi l\u00e4mnade isen och b\u00e5set: \u201dSom en grinolle\u201d"},"content":{"rendered":"<p>Serieledande Fr\u00f6lunda gick segrande ur tisdagens SHL-m\u00f6te hemma mot F\u00e4rjestad. Bortalaget rivstartade och vann skotten i den f\u00f6rsta perioden med klara 10\u20133, men var ineffektivt fram\u00e5t, och halvv\u00e4gs in i matchen l\u00e5g Karlstadslaget under med 0\u20133. <\/p>\n<p>D\u00e5 bytte F\u00e4rjestad ut m\u00e5lvakten Emil Larmi, som gick raka v\u00e4gen in i omkl\u00e4dningsrummet innan han \u00e5terkom en stund senare.<\/p>\n<p>\u2013 Att rusa ut och s\u00e4tta sig som en grinolle i omkl\u00e4dningsrummet t\u00e4nkte jag d\u00f6ma ut, s\u00e4ger TV4-experten Almen Bibic. <\/p>\n<p>Matchen slutade 5\u20133. <\/p>\n<p>Samtliga resultat<\/p>\n<p>Djurg\u00e5rden-Lule\u00e5 3\u20134<\/p>\n<p>Fr\u00f6lunda-F\u00e4rjestad 5\u20133<\/p>\n<p>HV71-Malm\u00f6 2\u20133 efter f\u00f6rl\u00e4ngning<\/p>\n<p>Link\u00f6ping-\u00d6rebro 4\u20133<\/p>\n<p>Timr\u00e5-Leksand 5\u20134 efter f\u00f6rl\u00e4ngning<\/p>\n<p>Skellefte\u00e5-Bryn\u00e4s 3\u20131<\/p>\n<p>V\u00e4xj\u00f6-R\u00f6gle 3\u20132 efter straffar<\/p>\n<p>Omni \u00e4r politiskt obundna och oberoende. Vi str\u00e4var efter att ge fler perspektiv p\u00e5 nyheterna. Har du fr\u00e5gor eller synpunkter kring v\u00e5r rapportering? <a href=\"https:\/\/omni.se\/larmi-lamnade-isen-och-baset-som-en-grinolle\/a\/mailto:redaktion@omni.se\" class=\"ArticleActions_contactLink__W2F1M\" rel=\"nofollow noopener\" target=\"_blank\">Kontakta redaktionen<\/a><\/p>\n","protected":false},"excerpt":{"rendered":"Serieledande Fr\u00f6lunda gick segrande ur tisdagens SHL-m\u00f6te hemma mot F\u00e4rjestad. Bortalaget rivstartade och vann skotten i den f\u00f6rsta&hellip;\n","protected":false},"author":2,"featured_media":121320,"comment_status":"","ping_status":"","sticky":false,"template":"","format":"standard","meta":{"footnotes":""},"categories":[68],"tags":[4736,3987,1472,34,111,110,31,33,32,30],"class_list":{"0":"post-121319","1":"post","2":"type-post","3":"status-publish","4":"format-standard","5":"has-post-thumbnail","7":"category-sport","8":"tag-farjestad-bk","9":"tag-frolunda-hc","10":"tag-ishockey","11":"tag-se","12":"tag-sport","13":"tag-sports","14":"tag-svenska","15":"tag-sverige","16":"tag-sweden","17":"tag-swedish"},"share_on_mastodon":{"url":"https:\/\/pubeurope.com\/@se\/115811482531711708","error":""},"_links":{"self":[{"href":"https:\/\/www.europesays.com\/se\/wp-json\/wp\/v2\/posts\/121319","targetHints":{"allow":["GET"]}}],"collection":[{"href":"https:\/\/www.europesays.com\/se\/wp-json\/wp\/v2\/posts"}],"about":[{"href":"https:\/\/www.europesays.com\/se\/wp-json\/wp\/v2\/types\/post"}],"author":[{"embeddable":true,"href":"https:\/\/www.europesays.com\/se\/wp-json\/wp\/v2\/users\/2"}],"replies":[{"embeddable":true,"href":"https:\/\/www.europesays.com\/se\/wp-json\/wp\/v2\/comments?post=121319"}],"version-history":[{"count":0,"href":"https:\/\/www.europesays.com\/se\/wp-json\/wp\/v2\/posts\/121319\/revisions"}],"wp:featuredmedia":[{"embeddable":true,"href":"https:\/\/www.europesays.com\/se\/wp-json\/wp\/v2\/media\/121320"}],"wp:attachment":[{"href":"https:\/\/www.europesays.com\/se\/wp-json\/wp\/v2\/media?parent=121319"}],"wp:term":[{"taxonomy":"category","embeddable":true,"href":"https:\/\/www.europesays.com\/se\/wp-json\/wp\/v2\/categories?post=121319"},{"taxonomy":"post_tag","embeddable":true,"href":"https:\/\/www.europesays.com\/se\/wp-json\/wp\/v2\/tags?post=121319"}],"curies":[{"name":"wp","href":"https:\/\/api.w.org\/{rel}","templated":true}]}}