{"id":121323,"date":"2025-12-31T01:21:08","date_gmt":"2025-12-31T01:21:08","guid":{"rendered":"https:\/\/www.europesays.com\/se\/121323\/"},"modified":"2025-12-31T01:21:08","modified_gmt":"2025-12-31T01:21:08","slug":"dodlig-tagolycka-nara-machu-picchu","status":"publish","type":"post","link":"https:\/\/www.europesays.com\/se\/121323\/","title":{"rendered":"D\u00f6dlig t\u00e5golycka n\u00e4ra Machu Picchu"},"content":{"rendered":"<p>share-arrowDela<\/p>\n<p>unsaveSpara<\/p>\n<p>expand-left<\/p>\n<p>helsk\u00e4rm<img decoding=\"async\" class=\"image-asset hyperion-css-u06ts1\" data-test-tag=\"image-asset\" src=\"https:\/\/www.europesays.com\/se\/wp-content\/uploads\/2025\/12\/a41b7bb6-a484-4e06-9e53-c35897a2774b.jpeg\"  alt=\"Machu Picchu i Peru. Arkivbild.\"  loading=\"eager\" fetchpriority=\"high\" style=\"aspect-ratio:1900 \/ 1260\"\/>Machu Picchu i Peru. Arkivbild. Foto: Martin Mejia\/AP\/TT<\/p>\n<p class=\"hyperion-css-1v9qo5x\">En person har omkommit och minst 40 personer skadats n\u00e4r tv\u00e5 t\u00e5g frontalkrockade i n\u00e4rheten av inkastaden Machu Picchu i Peru, rapporterar AFP.<\/p>\n<p class=\"hyperion-css-1v9qo5x\">Den omkomna personen var kondukt\u00f6r p\u00e5 ett av t\u00e5gen enligt lokala myndigheter.<\/p>\n<p class=\"hyperion-css-1v9qo5x\">Machu Picchu \u00e4r en av Latinamerikas st\u00f6rsta turistattraktioner med i genomsnitt runt 4\u00a0500 bes\u00f6kare varje dag.<\/p>\n","protected":false},"excerpt":{"rendered":"share-arrowDela unsaveSpara expand-left helsk\u00e4rmMachu Picchu i Peru. Arkivbild. Foto: Martin Mejia\/AP\/TT En person har omkommit och minst 40&hellip;\n","protected":false},"author":2,"featured_media":121324,"comment_status":"","ping_status":"","sticky":false,"template":"","format":"standard","meta":{"footnotes":""},"categories":[14],"tags":[22,23,26,27,17,21,24,25,28,29,15,16,18,34,31,33,32,30,19,20,51,52,53,54],"class_list":{"0":"post-121323","1":"post","2":"type-post","3":"status-publish","4":"format-standard","5":"has-post-thumbnail","7":"category-varlden","8":"tag-breaking-news","9":"tag-breakingnews","10":"tag-featured-news","11":"tag-featurednews","12":"tag-headlines","13":"tag-huvudnyheter","14":"tag-latest-news","15":"tag-latestnews","16":"tag-main-news","17":"tag-mainnews","18":"tag-news","19":"tag-nyheter","20":"tag-rubriker","21":"tag-se","22":"tag-svenska","23":"tag-sverige","24":"tag-sweden","25":"tag-swedish","26":"tag-top-stories","27":"tag-topstories","28":"tag-varlden","29":"tag-world","30":"tag-world-news","31":"tag-worldnews"},"share_on_mastodon":{"url":"https:\/\/pubeurope.com\/@se\/115811561160272108","error":""},"_links":{"self":[{"href":"https:\/\/www.europesays.com\/se\/wp-json\/wp\/v2\/posts\/121323","targetHints":{"allow":["GET"]}}],"collection":[{"href":"https:\/\/www.europesays.com\/se\/wp-json\/wp\/v2\/posts"}],"about":[{"href":"https:\/\/www.europesays.com\/se\/wp-json\/wp\/v2\/types\/post"}],"author":[{"embeddable":true,"href":"https:\/\/www.europesays.com\/se\/wp-json\/wp\/v2\/users\/2"}],"replies":[{"embeddable":true,"href":"https:\/\/www.europesays.com\/se\/wp-json\/wp\/v2\/comments?post=121323"}],"version-history":[{"count":0,"href":"https:\/\/www.europesays.com\/se\/wp-json\/wp\/v2\/posts\/121323\/revisions"}],"wp:featuredmedia":[{"embeddable":true,"href":"https:\/\/www.europesays.com\/se\/wp-json\/wp\/v2\/media\/121324"}],"wp:attachment":[{"href":"https:\/\/www.europesays.com\/se\/wp-json\/wp\/v2\/media?parent=121323"}],"wp:term":[{"taxonomy":"category","embeddable":true,"href":"https:\/\/www.europesays.com\/se\/wp-json\/wp\/v2\/categories?post=121323"},{"taxonomy":"post_tag","embeddable":true,"href":"https:\/\/www.europesays.com\/se\/wp-json\/wp\/v2\/tags?post=121323"}],"curies":[{"name":"wp","href":"https:\/\/api.w.org\/{rel}","templated":true}]}}