{"id":121325,"date":"2025-12-31T01:29:40","date_gmt":"2025-12-31T01:29:40","guid":{"rendered":"https:\/\/www.europesays.com\/se\/121325\/"},"modified":"2025-12-31T01:29:40","modified_gmt":"2025-12-31T01:29:40","slug":"ryssar-avrattade-tva-krigsfangar-i-pokrovsk-brigadchefer-sparkade-for-forlusten-av-siversk-rysk-flygbas-bombad-cornucopia","status":"publish","type":"post","link":"https:\/\/www.europesays.com\/se\/121325\/","title":{"rendered":"Ryssar avr\u00e4ttade tv\u00e5 krigsf\u00e5ngar i Pokrovsk \u2013 brigadchefer sparkade f\u00f6r f\u00f6rlusten av Siversk \u2013 rysk flygbas bombad \u2013 Cornucopia?"},"content":{"rendered":"<p>\t\t\t3.7K<\/p>\n<p>Ryska soldater har avr\u00e4ttat tv\u00e5 ukrainare som togs som krigsf\u00e5ngar i Pokrovsk. Tv\u00e5 ukrainska brigadchefer uppges sparkas efter f\u00f6rlusten av ruinstaden Siversk, d\u00e5 man rapporterat en felaktig l\u00e4gesbild i och runt staden. En rysk flygbas i Adygea ska bombats av Ukraina.<\/p>\n<p><img loading=\"lazy\" decoding=\"async\" width=\"1600\" height=\"1200\" src=\"https:\/\/www.europesays.com\/se\/wp-content\/uploads\/2025\/12\/ukraina_pokrovsk_jonas.jpg\" alt=\"\" class=\"wp-image-167346\"  \/>Pokrovsk Foto:\u00a0<a href=\"https:\/\/cornucopia.se\/2023\/12\/gastartikel-varfor-jag-hjalper-ukraina\/\" rel=\"nofollow noopener\" target=\"_blank\">Jonas<\/a>, st\u00f6d hans leveranser av pickuper och utrustning\u00a0direkt till frontf\u00f6rbanden\u00a0<a href=\"https:\/\/disarmamentsolutions.com\/ukraine\/donate\/jvm\" rel=\"nofollow noopener\" target=\"_blank\">via Disarmament Solutions<\/a>\u00a0eller\u00a0<a href=\"https:\/\/www.paypal.com\/paypalme\/jvmukraine\" rel=\"nofollow noopener\" target=\"_blank\">via Paypal<\/a>.\u00a0Se \u00e4ven\u00a0<a href=\"https:\/\/www.facebook.com\/jonas.matern\" rel=\"nofollow noopener\" target=\"_blank\">hans Facebook<\/a>\u00a0eller\u00a0<a href=\"https:\/\/bsky.app\/profile\/jvmukraine.bsky.social\" rel=\"nofollow noopener\" target=\"_blank\">Bluesky<\/a>.<\/p>\n<p><a href=\"https:\/\/cornucopia.se\/2022\/08\/organisationer-och-projekt-for-att-stodja-ukraina\/\" rel=\"nofollow noopener\" target=\"_blank\"><strong>Organisationer och projekt att st\u00f6dja f\u00f6r att hj\u00e4lpa Ukraina hittar du h\u00e4r<\/strong><\/a>.\u00a0<strong>Ditt st\u00f6d g\u00f6r verklig skillnad, r\u00e4ddar liv, st\u00f6der Ukrainas f\u00f6rsvar och hj\u00e4lper att besegra den fascistiska fundamentalistiska diktaturen Ryssland.<\/strong><\/p>\n<p><strong>Ryssland har m\u00f6rdat tv\u00e5 ukrainska krigsf\u00e5ngar p\u00e5 Pokrovskfronten<\/strong> <a href=\"http:\/\/In 2009 he published his essay titled The Education of a Libertarian in which he argued that &quot;freedom and democracy were no longer compatible&quot;. He believed that because too many people believed in regulations, welfare, and social justice, true libertarianism would never be possible with democracy. He cited women gaining the vote and the expansion of welfare beneficiaries as developments that, in his view, made libertarian politics impossible. He argued that society needed rule by \u201cthe competent\u201d, not the popular, and suggested a &quot;technocracy&quot; in which a country was run like a corporation by executives. He complained that \u201cOur society is obsessed with equality, but the right goal is not equality, it\u2019s excellence.\u201d He believed \u201cThe great political problem of our time is that democracy does not allow for decisive action&quot; and &quot;is based on the assumption that people collectively know what they are doing. I think that assumption is wrong.\u201d  Thiel therefore suggested that \u201cThe fate of our world may depend on the effort of a single person who builds or propagates the machinery of freedom that makes the world safe for capitalism.\u201d So, he began using his wealth to invest in\" rel=\"nofollow\">rapportear Ukrinform<\/a>, som skriver:<\/p>\n<blockquote class=\"wp-block-quote is-layout-flow wp-block-quote-is-layout-flow\">\n<p>\u201cThreatening them with firearms, the invaders forced one of the servicemen to partially undress, after which they shot both unarmed defenders. After seeing that the prisoners of war were dead, the Russians removed the clothing from the second defender, who had already been killed.\u201d<\/p>\n<\/blockquote>\n<p>En f\u00f6runders\u00f6kning om krigsbrott har inletts. <a href=\"https:\/\/bsky.app\/profile\/wartranslated.bsky.social\/post\/3mb4lo6pjss26\" rel=\"nofollow noopener\" target=\"_blank\">Dr\u00f6narstillbilder fr\u00e5n avr\u00e4ttningarna,<\/a> som inte visar n\u00e5got allt f\u00f6r k\u00e4nsligt.<\/p>\n<p><a href=\"https:\/\/www.pravda.com.ua\/eng\/news\/2025\/12\/27\/8013612\/\" rel=\"nofollow noopener\" target=\"_blank\">Ukrainska Pravda rapporterar enligt tre k\u00e4llor<\/a> att <strong>tv\u00e5 brigadchefer f\u00e5r sparken f\u00f6r f\u00f6rlusten av Siversk efter att dessa rapporterat en falsk l\u00e4gesbild till deras arm\u00e9k\u00e5rsledning.<\/strong> Tidningens kriver:<\/p>\n<blockquote class=\"wp-block-quote is-layout-flow wp-block-quote-is-layout-flow\">\n<p>\u201cUkrainska Pravda learned that the dismissals are linked to alleged falsification of reports by both brigades\u2019 leadership. The brigades reported that they held positions in their areas of responsibility, but in reality those positions had long remained without personnel. The alleged falsehood became apparent during the swift loss of the city. Russia said that it had seized Siversk on 12 December 2025.\u201d<\/p>\n<\/blockquote>\n<p>Det handlar om 54:e mekbrigaden och 10:e bergsbrigadens chefer underst\u00e4llda 11:e arm\u00e9k\u00e5ren. Man bedrog ocks\u00e5 inspekt\u00f6rer som kontrollerade l\u00e4get:<\/p>\n<blockquote class=\"wp-block-quote is-layout-flow wp-block-quote-is-layout-flow\">\n<p>\u201cInspectors from the corps regularly visited the units but did not identify problems or discrepancies because, the sources say, they were consistently concealed.\u201d<\/p>\n<\/blockquote>\n<p>Bland annat ska markrobotar anv\u00e4nts f\u00f6r att plantera ut flaggor f\u00f6r fotografering d\u00e4r Ukraina inte l\u00e4ngre haft trupp. Felrapporteringen gjorde rimligtvis att k\u00e5rledningen inte tillf\u00f6rde de resurser som beh\u00f6vdes.<\/p>\n<p>Siversk f\u00f6ll dock s\u00e5ledes inte s\u00e5 pl\u00f6tsligt som rapporterats, utan att det verkar skett fort beror p\u00e5 att l\u00e4gesbilden var fel och till slut inte gick att d\u00f6lja. Man ska b\u00f6rjat tappat kontrollen av stora delar av staden redan i november.<\/p>\n<p>Se \u00e4ven <a href=\"https:\/\/militarnyi.com\/en\/news\/commanders-of-two-brigades-to-be-dismissed-for-false-reports-that-led-to-the-fall-of-siversk\/\" rel=\"nofollow noopener\" target=\"_blank\">en artikel hos Militarnyi<\/a>:<\/p>\n<p><strong>Chanskajaflygbasen i ryska Adygea<\/strong> <strong>ska bombats av Ukraina<\/strong> <a href=\"https:\/\/www.ukrinform.net\/rubric-ato\/4074539-russia-reports-attack-on-khanskaya-military-airfield.html\" rel=\"nofollow noopener\" target=\"_blank\">rapporterar Ukrinform<\/a> och h\u00e4nvisar till en telegramkanal och publicerade filmer d\u00e4r. Vad resultatet av bombningarna blev och vad som bombades \u00e4r ok\u00e4nt. P\u00e5 pappret \u00e4r Chanskaja en utbildningsbas, men den skyddades av luftv\u00e4rn och det har tidigare visats att utbildningsflygbaser har tagits i bruk f\u00f6r skarpa uppdrag av Ryssland, vilket inte direkt \u00e4r f\u00f6rv\u00e5nande.<\/p>\n<p><strong>Artikeln uppdateras. Vi diskuterar Rysslands krig i Ukraina, f\u00f6rsvar och n\u00e4rliggande \u00e4mnen h\u00e4r. Andra \u00e4mnen kan hanteras i andra artiklar, t ex morgonens ekonomiartikel i till\u00e4mpliga fall.\u00a0<\/strong><strong>Slava Ukraini! Heroiam slava! Razom do peremohi! Smert voroham!<\/strong><\/p>\n<p><img loading=\"lazy\" decoding=\"async\" width=\"1600\" height=\"1200\" src=\"https:\/\/www.europesays.com\/se\/wp-content\/uploads\/2025\/12\/ukraina_myrnohrad_jonas.jpg\" alt=\"\" class=\"wp-image-122036\"  \/>Myrnohrad Foto:\u00a0<a href=\"https:\/\/cornucopia.se\/2023\/12\/gastartikel-varfor-jag-hjalper-ukraina\/\" rel=\"nofollow noopener\" target=\"_blank\">Jonas<\/a>, st\u00f6d hans leveranser av pickuper och utrustning\u00a0direkt till frontf\u00f6rbanden\u00a0<a href=\"https:\/\/disarmamentsolutions.com\/ukraine\/donate\/jvm\" rel=\"nofollow noopener\" target=\"_blank\">via Disarmament Solutions<\/a>\u00a0eller\u00a0<a href=\"https:\/\/www.paypal.com\/paypalme\/jvmukraine\" rel=\"nofollow noopener\" target=\"_blank\">via Paypal<\/a>.\u00a0Se \u00e4ven\u00a0<a href=\"https:\/\/www.facebook.com\/jonas.matern\" rel=\"nofollow noopener\" target=\"_blank\">hans Facebook<\/a>\u00a0eller\u00a0<a href=\"https:\/\/bsky.app\/profile\/jvmukraine.bsky.social\" rel=\"nofollow noopener\" target=\"_blank\">Bluesky<\/a>.<\/p>\n<p><strong>11:02<\/strong> KOMMENTAR OM MYRNOHRAD<\/p>\n<p>DeepstateMap har uppdaterat med <a href=\"https:\/\/deepstatemap.live\/en#12\/48.2979267\/37.1749878\" rel=\"nofollow noopener\" target=\"_blank\">ytterligare ryska framryckningar i Myrnohrad.<\/a><\/p>\n<p>Bloggen tror att Ukraina just nu genomf\u00f6r en organiserad retr\u00e4tt fr\u00e5n Myrnohrad, d\u00e4r l\u00e4get rimligtvis \u00e4r \u00e4nnu mer pressat \u00e4n Pokrovsk, p\u00e5 grund av otrygga f\u00f6rs\u00f6rjningsleder och att ruinstaden hamnat i en ficka med risk f\u00f6r rysk omfattning och inneslutning.<\/p>\n<p>Att ryska framryckningar i staden just nu g\u00e5r relativt sett fort beror rimligtvis p\u00e5 ukrainsk urn\u00e4stling och att Ukraina d\u00e4rmed r\u00e4tar ut fronten, som blir enklare att f\u00f6rsvara. Oavett hur h\u00e5rt f\u00f6rsvararna strider f\u00f6r Myrnohard blir l\u00e4get operativt om\u00f6jligt n\u00e4r man anfalls fr\u00e5n tre h\u00e5ll och riskerar sk\u00e4ras av helt.<\/p>\n<p>Bli allts\u00e5 inte f\u00f6rv\u00e5nad om det inom dagar eller veckor kommer officiella uttalanden fr\u00e5n Ukrainas f\u00f6rsvar att man retirerat fr\u00e5n Myrnohrad. Ukraina kommunicerar inte s\u00e5dant i f\u00f6rv\u00e4g, och som vi sett upprepade g\u00e5nger under kriget kommuniceras retr\u00e4tter fr\u00e5n st\u00e4der ofta f\u00f6rst flera dagar efter de faktiskt skett. Det finns ingen anledning att bjuda ryssarna p\u00e5 realtidsinformation.<\/p>\n<p><a href=\"https:\/\/bsky.app\/profile\/theukrainianreview.bsky.social\/post\/3mayl4ixqyc2i\" rel=\"nofollow noopener\" target=\"_blank\">Ukraina uppger officiellt att man f\u00f6rbereder en motoffensiv vid Pokrovsk<\/a>, vilket \u00e4r lite udda att g\u00e5 ut med publikt, men det kan vara f\u00f6r att avlasta och underl\u00e4tta en retr\u00e4tt fr\u00e5n Myrnohrad om ryssarna ist\u00e4llet skickar trupp till Pokrovsk. Ett motanfall kan ocks\u00e5 vara n\u00f6dv\u00e4ndigt f\u00f6r att trygga de sista retirerande fr\u00e5n Myrnohrad. Pokrovsk \u00e4r n\u00f6dv\u00e4ndigt att h\u00e5lla p\u00e5 grund av Myrnohrad och n\u00e4r man v\u00e4l evakuerat fr\u00e5n den staden \u00e4r fr\u00e5gan hur l\u00e4nge man bryr sig om att h\u00e5lla Pokrovsk. Vad jag h\u00f6rt har man r\u00e4tt lite trupp i Pokrovsk, och prioriterar att fj\u00e4rrnedk\u00e4mpa ryssarna emd hj\u00e4lp av FPV-dr\u00f6nare. Som f\u00f6rsvarare har man i dr\u00f6narkriget stora f\u00f6rdelar \u2013 anfallaren m\u00e5ste fortfarande riskera stora m\u00e4ngder personal, medan f\u00f6rsvararen kan h\u00e5lla terr\u00e4ng med v\u00e4ldigt lite personal och nedk\u00e4mpa anfallarna p\u00e5 distans.<\/p>\n<p>Pokrovsk \u00e4r inte som Bachmut 2022 \u2013 2023 med hela brigader (plural) inne i staden, utan vad jag f\u00f6rst\u00e5tt handlar det om n\u00e5got hundratal soldater vardera f\u00f6r b\u00e5de Ryssland och Ukraina, vilket \u00e4r en effekt av dr\u00f6narkriget. Ryssarna m\u00e5ste p\u00e5 grund av de stora f\u00f6rlusterna de f\u00e5r som anfallare dock hela tiden skicka in ny trupp, medan Ukraina inte tar i n\u00e4rheten s\u00e5 stora f\u00f6rluster och inte har samma utmaningar. <\/p>\n<p>De stora styrkorna befinner sig utanf\u00f6r staden. Man m\u00e5ste inte sitta p\u00e5 n\u00e5got f\u00f6r att kunna f\u00f6rsvara det, men man m\u00e5ste skicka in trupp f\u00f6r att inta det.<\/p>\n<p><img loading=\"lazy\" decoding=\"async\" width=\"1200\" height=\"1071\" src=\"https:\/\/www.europesays.com\/se\/wp-content\/uploads\/2025\/12\/ukraina_charkiv_jul4_lena.jpg\" alt=\"\" class=\"wp-image-167364\"  \/>Juldekorationer i Charkiv Foto: via Lena Wilder\u00e4ng<\/p>\n<p><strong>11:37<\/strong> Att v\u00e4gra b\u00f6ja sig f\u00f6r ryssen och fira jul \u00e4r en motst\u00e5ndshandling. Foton bifogas fr\u00e5n Charkiv, d\u00e4r man trots str\u00f6mavbrott och st\u00e4ndiga bombningar fr\u00e5n Ryssland v\u00e4gar vika sig i Ukrainas n\u00e4st st\u00f6rsta stad, tillika inom glidbombavst\u00e5nd fr\u00e5n Ryssland.<\/p>\n<p><img loading=\"lazy\" decoding=\"async\" width=\"1200\" height=\"967\" data-id=\"167366\" src=\"https:\/\/www.europesays.com\/se\/wp-content\/uploads\/2025\/12\/ukraina_charkiv_jul6_lena.jpg\" alt=\"\" class=\"wp-image-167366\"  \/><\/p>\n<p><img loading=\"lazy\" decoding=\"async\" width=\"1200\" height=\"1600\" data-id=\"167367\" src=\"https:\/\/www.europesays.com\/se\/wp-content\/uploads\/2025\/12\/ukraina_charkiv_jul5_lena.jpg\" alt=\"\" class=\"wp-image-167367\"  \/><\/p>\n<p><img loading=\"lazy\" decoding=\"async\" width=\"1200\" height=\"1600\" data-id=\"167368\" src=\"https:\/\/www.europesays.com\/se\/wp-content\/uploads\/2025\/12\/ukraina_charkiv_jul7_lena.jpg\" alt=\"\" class=\"wp-image-167368\"  \/><\/p>\n<p><img loading=\"lazy\" decoding=\"async\" width=\"1200\" height=\"1600\" data-id=\"167369\" src=\"https:\/\/www.europesays.com\/se\/wp-content\/uploads\/2025\/12\/ukraina_charkiv_jul8_lena.jpg\" alt=\"\" class=\"wp-image-167369\"  \/><\/p>\n<p><img loading=\"lazy\" decoding=\"async\" width=\"1200\" height=\"1600\" data-id=\"167371\" src=\"https:\/\/www.europesays.com\/se\/wp-content\/uploads\/2025\/12\/ukraina_charkiv_jul9_lena.jpg\" alt=\"\" class=\"wp-image-167371\"  \/><\/p>\n<p><img loading=\"lazy\" decoding=\"async\" width=\"1200\" height=\"971\" data-id=\"167370\" src=\"https:\/\/www.europesays.com\/se\/wp-content\/uploads\/2025\/12\/ukraina_charkiv_jul1_lena.jpg\" alt=\"\" class=\"wp-image-167370\"  \/><\/p>\n<p><img loading=\"lazy\" decoding=\"async\" width=\"960\" height=\"906\" data-id=\"167374\" src=\"https:\/\/www.europesays.com\/se\/wp-content\/uploads\/2025\/12\/ukraina_charkiv_jul3_lena.jpg\" alt=\"\" class=\"wp-image-167374\"  \/><\/p>\n<p><img loading=\"lazy\" decoding=\"async\" width=\"960\" height=\"758\" data-id=\"167375\" src=\"https:\/\/www.europesays.com\/se\/wp-content\/uploads\/2025\/12\/ukraina_charkiv_jul2_lena.jpg\" alt=\"\" class=\"wp-image-167375\"  \/><\/p>\n<p><img loading=\"lazy\" decoding=\"async\" width=\"1200\" height=\"1600\" data-id=\"167372\" src=\"https:\/\/www.europesays.com\/se\/wp-content\/uploads\/2025\/12\/ukraina_charkiv_jul10_lena.jpg\" alt=\"\" class=\"wp-image-167372\"  \/><br \/>\nJudekorationer i Charkiv Foton: via Lena Wilder\u00e4ng<\/p>\n<p><strong>13:29<\/strong> <a href=\"http:\/\/\u2020\" rel=\"nofollow\">P\u00e5 julafton sade Ukrainas f\u00f6rsvarsminister Shmuhal att han i detalj pratat med f\u00f6rsvarsminister Jonsson om \u00f6verf\u00f6ring av Gripen till Ukraina och f\u00f6rberedelser kring utbildning av ukrainska piloter och markpersonal<\/a>. <strong>Sverige ska offentligg\u00f6ra ett nytt st\u00f6dpaket inom luftf\u00f6rsvar inom kort<\/strong> enligt den ukrainske f\u00f6rsvarsministern.<\/p>\n<p><strong>Det verkar ocks\u00e5 som att de svenska stridsledningsflygplanen ASC 890 kan vara operativa i Ukraina nu <\/strong> d\u00e5 f\u00f6rsvarsministern sade att F-16 sk\u00f6t ner det mesta av de ryska kryssningsrobotoarna och att \u201cjag noterade Sveriges v\u00e4sentliga bidrag till att st\u00e4rka v\u00e5ra flygf\u00f6rm\u00e5gor\u201c. Detta antyder att ASC 890 bist\u00e5tt F-16, d\u00e5 det specifikt handlar om flyg och inte luftf\u00f6rsvar.<\/p>\n<p><img loading=\"lazy\" decoding=\"async\" width=\"2048\" height=\"1536\" src=\"https:\/\/www.europesays.com\/se\/wp-content\/uploads\/2025\/12\/stockholm_saab_gripen.jpeg\" alt=\"\" class=\"wp-image-117339\"  \/>Modell av Gripen E i Saabs showroom p\u00e5 huvudkontoret<\/p>\n<p>KOMMENTAR<\/p>\n<p>Det r\u00f6r p\u00e5 sig. Om det faktiskt blir begagnade Gripen till Ukraina \u00e4r en annan sak, eller om man p\u00e5b\u00f6rjar utbildning p\u00e5 nya E, f\u00f6r att kunna bli operativa direkt vid framtida leverans.<\/p>\n<p>Som ofta f\u00e5r man b\u00e4ttre rapporter om svenskt f\u00f6rsvar fr\u00e5n utlandet \u00e4n fr\u00e5n Sverige. T ex publicerade USA massa fina bilder p\u00e5 svenska Norrlandsj\u00e4gare fr\u00e5n en \u00f6vning nyligen.<\/p>\n<p><img loading=\"lazy\" decoding=\"async\" width=\"1600\" height=\"901\" src=\"https:\/\/www.europesays.com\/se\/wp-content\/uploads\/2025\/12\/ukraina_jampil_strv_vrak-1.jpg\" alt=\"\" class=\"wp-image-75858\"  \/>Foto:\u00a0<a href=\"https:\/\/cornucopia.se\/2023\/12\/gastartikel-varfor-jag-hjalper-ukraina\/\" rel=\"nofollow noopener\" target=\"_blank\">Jonas<\/a>, st\u00f6d hans leveranser av pickuper och utrustning\u00a0direkt till frontf\u00f6rbanden\u00a0<a href=\"https:\/\/disarmamentsolutions.com\/ukraine\/donate\/jvm\" rel=\"nofollow noopener\" target=\"_blank\">via Disarmament Solutions<\/a>\u00a0eller\u00a0<a href=\"https:\/\/www.paypal.com\/paypalme\/jvmukraine\" rel=\"nofollow noopener\" target=\"_blank\">via  Paypal<\/a>.\u00a0Se \u00e4ven\u00a0<a href=\"https:\/\/www.facebook.com\/jonas.matern\" rel=\"nofollow noopener\" target=\"_blank\">hans Facebook<\/a>\u00a0eller\u00a0<a href=\"https:\/\/bsky.app\/profile\/jvmukraine.bsky.social\" rel=\"nofollow noopener\" target=\"_blank\">Bluesky<\/a>.<\/p>\n<p><strong>14:15<\/strong> <a href=\"https:\/\/www.facebook.com\/GeneralStaff.ua\/posts\/pfbid0D4k9TgZWHzCk8PgeL37v3t5ovZFz8Mj8CHxTvUxvMM2jZmDoh9WTtqAiDMVrMbRgl\" rel=\"nofollow noopener\" target=\"_blank\">Ryska f\u00f6rluster ig\u00e5r enligt den ukrainska generalstaben<\/a> blev mycket sv\u00e5ra 1 180 man, mycket sv\u00e5ra 113 transportfordon, en enhet s\u00e4rskild utrustning, l\u00e5ga 13 haubitsar, l\u00e5ga sex pansarskytte- och motorskyttefordon, samt l\u00e5ga tre stridsvagnar.<\/p>\n<p><strong>14:42<\/strong> Det ryska lastfartyget URSA MAJOR som sj\u00f6nk under oklara omst\u00e4ndigheter \u2013 men det uppgavs av spanjorerna se ut som att man blivit torpederad av en superkaviterande torped \u2013 utanf\u00f6r Spanien f\u00f6r ett \u00e5r sedan <a href=\"https:\/\/united24media.com\/latest-news\/russian-ghost-ship-sank-while-smuggling-nuclear-reactor-parts-likely-bound-to-north-korea-14622?utm_source=chatgpt.com\" rel=\"nofollow noopener\" target=\"_blank\">visade sig ha k\u00e4rnkraftsreaktorer f\u00f6r atomub\u00e5tar ombord, och var p\u00e5 v\u00e4g till Nordkorea<\/a>.<\/p>\n<p>Spanska tj\u00e4nstem\u00e4n tror att det handlade om ett hemligt avtal mellan Ryssland och Nordkorea om \u00f6verf\u00f6ring av reaktorer till Nordkoreas program f\u00f6r atomub\u00e5tar, kanske som en del av de milit\u00e4ra avtalen mellan Ryssland och Nordkorea. Eventuellt kan det ryska \u00f6rlogsfartyget IVAN GREN samt djuphavsr\u00e4ddningsfartyget YANTAR r\u00e4ddat eller b\u00e4rgat reaktorerna.<\/p>\n<p>Fr\u00e5gan som kvarst\u00e5r \u00e4r vem som torpederade fartyget URSA MAJOR.<\/p>\n<p>Se \u00e4ven <a href=\"https:\/\/maritime-executive.com\/article\/report-lost-russian-ship-was-carrying-nuclear-submarine-reactor-parts\" rel=\"nofollow noopener\" target=\"_blank\">artikel p\u00e5 Maritime Executive<\/a>:<\/p>\n<blockquote class=\"wp-block-quote is-layout-flow wp-block-quote-is-layout-flow\">\n<p>\u201cDocuments seen by La Verdad show that Spanish investigators identified the cargo as a pair of casings for\u00a0nuclear-submarine reactors \u2013 specifically, for a pair of Soviet-era VM-4SG reactors. This model was the final iteration of the VM-series, the naval reactors that powered Russia\u2019s nuclear ballistic missile sub fleet through the Cold War. The VM-4SG variant was installed aboard the Delta IV-class submarine, and is still in active service aboard half a dozen of these ballistic missile subs in the Russian Navy.\u00a0\u201c<\/p>\n<\/blockquote>\n<p><img loading=\"lazy\" decoding=\"async\" width=\"2048\" height=\"1362\" src=\"https:\/\/www.europesays.com\/se\/wp-content\/uploads\/2025\/12\/ukraina_zelensky_zaluzhny_medalj2_www.president.gov_.ua_.jpeg\" alt=\"\" class=\"wp-image-109795\"  \/>Valerij Zaluzjnijs avtackningsceremoni Foto: <a href=\"https:\/\/www.president.gov.ua\/en\" rel=\"nofollow noopener\" target=\"_blank\">www.president.gov.ua<\/a> Licens: <a href=\"https:\/\/creativecommons.org\/licenses\/by-nc-nd\/4.0\/\" rel=\"nofollow noopener\" target=\"_blank\">Creative Commons Attribution-NonCommercial-NoDerivatives 4.0 International<\/a>.<\/p>\n<p><strong>14:59<\/strong> Ukrainas tidigare \u00d6B Valerij Zaluzjnij <a href=\"https:\/\/www.kyivpost.com\/post\/67111\" rel=\"nofollow noopener\" target=\"_blank\">uppges avg\u00e5 som ambassad\u00f6r till Storbritannien i januari<\/a>. Det s\u00e4gs att hans framtida uppgifter har varit uppe f\u00f6r diskussion inklusive premi\u00e4rminister eller stabschef \u00e5t Zelenskyj.<\/p>\n<p>Zaluzjnij ryktas vara en framtida presidentkandidat och vinner numera i opinionsm\u00e4tningar \u00f6ver Zeleneskyj utifr\u00e5n den hypotetiska fr\u00e5gest\u00e4llningen att han skulle st\u00e4lla upp i ett framtida presidentval. Han uppges f\u00f6rklarat lojalitet till presidenten till den avg\u00e5ngne stabschefen Jermak och Kyiv Post citerar brittiska The Guardian:<\/p>\n<blockquote class=\"wp-block-quote is-layout-flow wp-block-quote-is-layout-flow\">\n<p>\u201cHe promised Yermak he would not criticize Zelensky in public while the war continued, said the source, and also gave assurances he would not give the presidential office any nasty surprises. \u2018If I do decide I want to go into politics, you will hear it from me first, privately,\u2019 Zaluzhny had told Yermak.\u201d\u201d<\/p>\n<\/blockquote>\n<p>Enligt opinionsunders\u00f6kningarna skulle han f\u00e5 22% mot Zelenskyjs 21% i f\u00f6rsta valomg\u00e5ngen och i andra valomg\u00e5ngen som blir med de st\u00f6rsta tv\u00e5 kandidaterna om ingen f\u00e5r \u00f6ver 50% i f\u00f6rsta omg\u00e5ngen 64% mot Zelenskyjs 36%.<\/p>\n<p>KOMMENTAR<\/p>\n<p>Om det \u00e4r s\u00e5 att det seri\u00f6st bed\u00f6ms kunna bli fred n\u00e4sta \u00e5r och d\u00e4rmed ett presidentval s\u00e5 beh\u00f6ver f\u00f6rst\u00e5s Zaluzjnij avg\u00e5 som ambassad\u00f6r f\u00f6rst om han ska st\u00e4lla upp i valet. Ambassad\u00f6rer brukar dock bara sitta n\u00e5gra \u00e5r, och han har nu suttit \u00f6ver tv\u00e5 \u00e5r, s\u00e5 en avg\u00e5ng \u00e4r inget konstigt i sig.<\/p>\n<p>Att ambassad\u00f6rer och \u00e4ven \u00f6vrig ambassadspersonal bara sitter p\u00e5 sina poster n\u00e5gra \u00e5r \u00e4r regeln i diplomatiska kretsar. I Sverige tror jag man k\u00f6r med tre\u00e5rsgr\u00e4nser, generellt. Detta f\u00f6r att man inte ska bli f\u00f6r familj\u00e4r och inbodd i landet man verkar i och b\u00f6rja f\u00e5 allt f\u00f6r v\u00e4nskapliga lokala kontaktn\u00e4t, d\u00e5 man trots allt ska ha sina lojaliteter och sitt hemland i Sverige.<\/p>\n<p><strong>21:01<\/strong> Det g\u00e5r bra nu, Ryssland. <strong>Det g\u00e5r s\u00e5 d\u00e5ligt f\u00f6r Ryssland p\u00e5 slagf\u00e4ltet att Putinregimen nu vill b\u00f6rja bomba regeringskvarteren i Kyjiv efter diskussionerna mellan Zelenskyj och USA:s despot i helgen. <\/strong>F\u00f6r att g\u00f6ra detta f\u00f6rs\u00f6ker den ryska regimen h\u00e4vda att Ukraina f\u00f6rs\u00f6kt bomba Putins enorma lyx- och ledningsanl\u00e4ggning vid Valdajsj\u00f6n s\u00f6der om Novgorod. <a href=\"https:\/\/kyivindependent.com\/they-are-preparing-the-ground-for-new-strikes-zelensky-denies-drone-attack-on-putins-residence\/\" rel=\"nofollow noopener\" target=\"_blank\">Zelenskyj f\u00f6rnekar detta och att Ryssland vill anv\u00e4nda det f\u00f6r urs\u00e4kt att bomba regeringskvarteren<\/a>:<\/p>\n<blockquote class=\"wp-block-quote is-layout-flow wp-block-quote-is-layout-flow\">\n<p>\u201cWith this statement about an alleged attack on some residence, they are preparing the ground to strike, most likely the capital and government buildings. It\u2019s obvious that yesterday we had a meeting with President Trump, and it\u2019s clear that when there is no scandal for the Russians, when there is progress, it is a failure for them. They do not want to end this war and are only capable of doing so under pressure. So they are looking for a pretext.\u201d<\/p>\n<\/blockquote>\n<p><img loading=\"lazy\" decoding=\"async\" width=\"2048\" height=\"1536\" src=\"https:\/\/www.europesays.com\/se\/wp-content\/uploads\/2025\/12\/ryssland_moskva_ud_natt.jpg\" alt=\"\" class=\"wp-image-1013\"\/>UD i Moskva<\/p>\n<p>Kremldiktaturens utrikesminister Lavrov s\u00e4ger att Ryssland nu \u201ckommer revidera sin f\u00f6rhandlingsposition\u201d och kallar det statsterrorism att bomba Putins ledningscentral vid Valdajskoje.<\/p>\n<p><strong>De enda terroristerna h\u00e4r \u00e4r Ryssland, Moskva, Kreml och Putin som i strid mot internationell r\u00e4tt invaderat Ukraina. Ukraina har enligt internationell r\u00e4tt att i sj\u00e4lvf\u00f6rsvar bomba Rysslands ledning inklusive Putin, \u00e4ven om man f\u00f6rnekar att s\u00e5 skett. Det \u00e4r inte terrorism, det \u00e4r fullt legitima handlingar under krig.<\/strong><\/p>\n<p>KOMMENTAR<\/p>\n<p>Den ryska diktaturens utspel ska tas som \u00e4nnu ett kvitto p\u00e5 hur d\u00e5ligt det g\u00e5r f\u00f6r Ryssland.<\/p>\n<p>Det finns fortfarande icke-kommuncierad positiv information fr\u00e5n fronten, och vi f\u00e5r se n\u00e4r det offentligg\u00f6rs.<\/p>\n<p><strong>21:08<\/strong> President Zelenskyj <a href=\"https:\/\/bsky.app\/profile\/stratcomcentre.bsky.social\/post\/3mb5mfkzezs2p\" rel=\"nofollow noopener\" target=\"_blank\">avf\u00e4rdar att Ukraina kommer retirera fr\u00e5n Donbas<\/a>:<\/p>\n<blockquote class=\"wp-block-quote is-layout-flow wp-block-quote-is-layout-flow\">\n<p>\u201cUkraine\u2019s withdrawal from Donbass is just a pipe dream for Russia. We have our own land and territorial integrity.\u201d<\/p>\n<\/blockquote>\n<p><strong>21:10<\/strong> Relaterat s\u00e5 <a href=\"https:\/\/kyivindependent.com\/ukraine-war-latest-update-2025-12-29\/\" rel=\"nofollow noopener\" target=\"_blank\">avf\u00e4rdar enligt en opinionsunders\u00f6kning 76% av ukrainarna att erk\u00e4nna ockuperat territorium som ryskt f\u00f6r att f\u00e5 slut p\u00e5 kriget<\/a>. 11% tyckte fr\u00e5gan var sv\u00e5r att svara p\u00e5 och <strong>endast 13% var f\u00f6r.<\/strong><\/p>\n<p>\nNedanst\u00e5ende \u00e4r inneh\u00e5ll fr\u00e5n bloggens samarbetspartner Compricer<\/p>\n","protected":false},"excerpt":{"rendered":"3.7K Ryska soldater har avr\u00e4ttat tv\u00e5 ukrainare som togs som krigsf\u00e5ngar i Pokrovsk. Tv\u00e5 ukrainska brigadchefer uppges sparkas&hellip;\n","protected":false},"author":2,"featured_media":121326,"comment_status":"","ping_status":"","sticky":false,"template":"","format":"standard","meta":{"footnotes":""},"categories":[14],"tags":[22,23,26,27,17,21,24,25,28,29,15,16,18,34,31,33,32,30,19,20,51,52,53,54],"class_list":{"0":"post-121325","1":"post","2":"type-post","3":"status-publish","4":"format-standard","5":"has-post-thumbnail","7":"category-varlden","8":"tag-breaking-news","9":"tag-breakingnews","10":"tag-featured-news","11":"tag-featurednews","12":"tag-headlines","13":"tag-huvudnyheter","14":"tag-latest-news","15":"tag-latestnews","16":"tag-main-news","17":"tag-mainnews","18":"tag-news","19":"tag-nyheter","20":"tag-rubriker","21":"tag-se","22":"tag-svenska","23":"tag-sverige","24":"tag-sweden","25":"tag-swedish","26":"tag-top-stories","27":"tag-topstories","28":"tag-varlden","29":"tag-world","30":"tag-world-news","31":"tag-worldnews"},"share_on_mastodon":{"url":"https:\/\/pubeurope.com\/@se\/115811592771470585","error":""},"_links":{"self":[{"href":"https:\/\/www.europesays.com\/se\/wp-json\/wp\/v2\/posts\/121325","targetHints":{"allow":["GET"]}}],"collection":[{"href":"https:\/\/www.europesays.com\/se\/wp-json\/wp\/v2\/posts"}],"about":[{"href":"https:\/\/www.europesays.com\/se\/wp-json\/wp\/v2\/types\/post"}],"author":[{"embeddable":true,"href":"https:\/\/www.europesays.com\/se\/wp-json\/wp\/v2\/users\/2"}],"replies":[{"embeddable":true,"href":"https:\/\/www.europesays.com\/se\/wp-json\/wp\/v2\/comments?post=121325"}],"version-history":[{"count":0,"href":"https:\/\/www.europesays.com\/se\/wp-json\/wp\/v2\/posts\/121325\/revisions"}],"wp:featuredmedia":[{"embeddable":true,"href":"https:\/\/www.europesays.com\/se\/wp-json\/wp\/v2\/media\/121326"}],"wp:attachment":[{"href":"https:\/\/www.europesays.com\/se\/wp-json\/wp\/v2\/media?parent=121325"}],"wp:term":[{"taxonomy":"category","embeddable":true,"href":"https:\/\/www.europesays.com\/se\/wp-json\/wp\/v2\/categories?post=121325"},{"taxonomy":"post_tag","embeddable":true,"href":"https:\/\/www.europesays.com\/se\/wp-json\/wp\/v2\/tags?post=121325"}],"curies":[{"name":"wp","href":"https:\/\/api.w.org\/{rel}","templated":true}]}}