{"id":121327,"date":"2025-12-31T02:17:14","date_gmt":"2025-12-31T02:17:14","guid":{"rendered":"https:\/\/www.europesays.com\/se\/121327\/"},"modified":"2025-12-31T02:17:14","modified_gmt":"2025-12-31T02:17:14","slug":"har-trump-blivit-galen-internationalen","status":"publish","type":"post","link":"https:\/\/www.europesays.com\/se\/121327\/","title":{"rendered":"Har Trump blivit galen? &#8211; Internationalen"},"content":{"rendered":"<p><strong>Om det absurda, inkongruensen och politikens degradering<\/strong><\/p>\n<p>Det s\u00e4gs ibland att ordet kan vara starkare \u00e4n en missil. Men vad h\u00e4nder n\u00e4r ordet inte anv\u00e4nds f\u00f6r att upplysa, \u00f6vertyga eller ens vilseleda p\u00e5 traditionellt vis, utan n\u00e4r det laddas med mytoman narcissism, systematisk inkongruens och ett \u00f6ppet f\u00f6rakt f\u00f6r verkligheten?<\/p>\n<p>Kommentar|Alex Fuentes<\/p>\n<p class=\"has-drop-cap\">Man beh\u00f6ver inte vara anh\u00e4ngare av \u00e5ldersfascism f\u00f6r att konstatera att Donald Trump, vid snart 80 \u00e5rs \u00e5lder, utm\u00e4rker sig genom ett \u00e5terkommande m\u00f6nster av m\u00e4rkliga, mots\u00e4gelsefulla och ibland direkt absurda uttalanden. Under pandemin h\u00e4vdade han att \u201dom vi testar mindre f\u00e5r vi f\u00e4rre fall\u201d, spekulerade offentligt i att injicera desinfektionsmedel och p\u00e5stod att vind orsakar cancer. I geografiska fr\u00e5gor kallade han Belgien f\u00f6r \u201den vacker stad\u201d och f\u00f6rringade Irans missilattack mot \u201dv\u00e5ra amerikanska baser i Irak som en \u00f6rfil\u201d.<\/p>\n<p>Klimatf\u00f6rnekelsen har varit lika konsekvent som uppseendev\u00e4ckande: \u201dKlimatf\u00f6r\u00e4ndringarna \u00e4r en kinesisk bluff\u201d, f\u00f6ljt av p\u00e5st\u00e5enden om att den globala uppv\u00e4rmningen skulle ta slut eftersom det var kallt en vinterdag. Till detta kommer ett st\u00e4ndigt sj\u00e4lvf\u00f6rh\u00e4rligande: \u201dJag \u00e4r ett mycket stabilt geni\u201d, \u201dIngen vet mer \u00e4n jag om\u2026\u201d \u2013 skatter, handel, terrorism, domstolar, dr\u00f6nare. I mer surrealistiska \u00f6gonblick har Trump f\u00f6rklarat att han och Nordkoreas ledare \u201dblev f\u00f6r\u00e4lskade\u201d, att USA har \u201den st\u00f6rre k\u00e4rnvapenknapp\u201d och att han sj\u00e4lv uppfann begreppet \u201dfake news\u201d.<\/p>\n<p>H\u00e5ller Trump p\u00e5 att f\u00f6rlora f\u00f6rst\u00e5ndet? M\u00e5nga bed\u00f6mare har tolkat detta som tecken p\u00e5 mental eller kognitiv nedg\u00e5ng. Under sin andra mandatperiod har Trump uppvisat ett erratiskt beteende: han har somnat under m\u00f6ten, tappat tr\u00e5den i samtal och gjort l\u00e5nga utvikningar om inredning, \u201dgalna valar\u201d eller hur Barack Obama g\u00e5r i trappor. Vid ett m\u00f6te med EU-kommissionens ordf\u00f6rande Ursula von der Leyen bytte han pl\u00f6tsligt \u00e4mne fr\u00e5n migration till ett raseriutbrott mot vindkraftverk.<\/p>\n<p>Kritiker, d\u00e4ribland demokratiska politiker, har ifr\u00e5gasatt hans psykiska och fysiska kapacitet. Andra, framf\u00f6r allt inom Vita huset och hans n\u00e4rmaste krets, har envist f\u00f6rs\u00e4krat att hans mentala sk\u00e4rpa \u00e4r \u201do\u00f6vertr\u00e4ffad\u201d. Psykologer och psykiatriker har pekat p\u00e5 drag som osammanh\u00e4ngande resonemang, tangentiellt t\u00e4nkande och tv\u00e5ngsm\u00e4ssig upprepning, m\u00f6nster som i en klinisk kontext normalt skulle f\u00f6ranleda en neuropsykiatrisk utredning.<\/p>\n<p>Men fr\u00e5gan \u00e4r om detta \u00e4r den mest relevanta ing\u00e5ngen.<\/p>\n<p>Att reducera Trump till ett medicinskt eller psykologiskt problem riskerar att missa det v\u00e4sentliga. Hans absurda uttalanden \u00e4r inte bara uttryck f\u00f6r personliga brister, de fyller en politisk funktion. N\u00e4r Trump under pandemin sade att f\u00e4rre tester skulle inneb\u00e4ra f\u00e4rre smittade, var det inte bara okunskap. Det var ett maktpolitiskt p\u00e5st\u00e5ende: om fakta \u00e4r obekv\u00e4ma, ska de elimineras. Verkligheten upph\u00f6r att vara en gr\u00e4ns och blir i st\u00e4llet ett hinder som m\u00e5ste undanr\u00f6jas.<\/p>\n<p>Samma logik genomsyrar hans klimatf\u00f6rnekelse, vetenskapsfientlighet och flirt med konspirationsteorier. I trumpismen debatteras inte sanningen, den ers\u00e4tts av ledarens vilja. Anti-sanningen blir ett politiskt program. Detta antiintellektuella projekt har haft ett verkligt socialt underlag. Decennier av nyliberal politik, avindustrialisering, otrygga jobb och statligt tillbakadragande har skapat ett djupt socialt missn\u00f6je. Men i st\u00e4llet f\u00f6r att riktas mot kapitalets makt eller ekonomiska eliter kanaliseras ilskan mot forskare, journalister, l\u00e4rare, migranter och offentligt anst\u00e4llda. Okunskap f\u00f6rvandlas till dygd, arrogans till \u201dautenticitet\u201d.<\/p>\n<p>De st\u00e4ndiga mots\u00e4gelserna och de uppenbara felaktigheterna har inte f\u00f6rsvagat Trumps sociala bas. Tv\u00e4rtom. Det diskursiva kaoset undergr\u00e4ver rationell kritik och normaliserar det oacceptabla. N\u00e4r nedmonteringen av milj\u00f6skydd, sociala r\u00e4ttigheter och asylsystem presenteras som ett sk\u00e4mt, f\u00f6rlorar politiken sin allvarstyngd. Det absurda fungerar som en permanent r\u00f6krid\u00e5.<\/p>\n<p>Uttalandet \u201dom jag f\u00f6rlorar \u00e4r det valfusk\u201d \u00e4r h\u00e4r centralt. Det \u00e4r inte ett infall, utan ett koncentrerat uttryck f\u00f6r en auktorit\u00e4r v\u00e4rldsbild d\u00e4r demokratin bara accepteras s\u00e5 l\u00e4nge den levererar r\u00e4tt resultat. Institutioner t\u00f6ms p\u00e5 inneh\u00e5ll samtidigt som \u201dfolket\u201d \u00e5kallas i en abstrakt och uteslutande form, ett typiskt k\u00e4nnetecken f\u00f6r den nya reaktion\u00e4ra h\u00f6gern.<\/p>\n<p>Ur ett v\u00e4nsterperspektiv \u00e4r Trump ingen historisk olycka eller isolerad clownfigur. Han \u00e4r ett extremt symptom p\u00e5 kapitalismens strukturella kris. N\u00e4r systemet inte l\u00e4ngre kan erbjuda materiell trygghet och framtidstro, tar det sin tillflykt till r\u00e4dsla, l\u00f6gner och symbolisk brutalitet. Trumpismen visar hur auktorit\u00e4ra och fascistoida tendenser kan ikl\u00e4da sig underh\u00e5llningens och spektaklets form.<\/p>\n<p>D\u00e4rf\u00f6r r\u00e4cker det inte att skratta \u00e5t det groteska. Satir utan analys och organisering riskerar att bli politiskt steril. Trumps absurda uttalanden \u00e4r inte anekdoter, de f\u00f6rbereder marken f\u00f6r att acceptera det oacceptabla, urholkar sj\u00e4lva sanningsbegreppet och f\u00f6rsvagar v\u00e5r kollektiva f\u00f6rm\u00e5ga att f\u00f6rest\u00e4lla oss alternativ.<\/p>\n<p>V\u00e4nsterns uppgift kan d\u00e4rf\u00f6r inte begr\u00e4nsas till moralisk indignation eller psykologiska spekulationer. Den \u00e4r mer kr\u00e4vande: att blottl\u00e4gga det absurda som maktmedel, \u00e5teruppr\u00e4tta en materiell och socialt f\u00f6rankrad sanning och utmana det reaktion\u00e4ra projektet med vetenskap, j\u00e4mlikhet och solidaritet.<\/p>\n","protected":false},"excerpt":{"rendered":"Om det absurda, inkongruensen och politikens degradering Det s\u00e4gs ibland att ordet kan vara starkare \u00e4n en missil.&hellip;\n","protected":false},"author":2,"featured_media":121328,"comment_status":"","ping_status":"","sticky":false,"template":"","format":"standard","meta":{"footnotes":""},"categories":[14],"tags":[22,23,26,27,17,21,24,25,28,29,15,16,5262,18,34,31,33,32,30,19,20,51,52,53,54],"class_list":{"0":"post-121327","1":"post","2":"type-post","3":"status-publish","4":"format-standard","5":"has-post-thumbnail","7":"category-varlden","8":"tag-breaking-news","9":"tag-breakingnews","10":"tag-featured-news","11":"tag-featurednews","12":"tag-headlines","13":"tag-huvudnyheter","14":"tag-latest-news","15":"tag-latestnews","16":"tag-main-news","17":"tag-mainnews","18":"tag-news","19":"tag-nyheter","20":"tag-offentlig","21":"tag-rubriker","22":"tag-se","23":"tag-svenska","24":"tag-sverige","25":"tag-sweden","26":"tag-swedish","27":"tag-top-stories","28":"tag-topstories","29":"tag-varlden","30":"tag-world","31":"tag-world-news","32":"tag-worldnews"},"share_on_mastodon":{"url":"https:\/\/pubeurope.com\/@se\/115811781357851037","error":""},"_links":{"self":[{"href":"https:\/\/www.europesays.com\/se\/wp-json\/wp\/v2\/posts\/121327","targetHints":{"allow":["GET"]}}],"collection":[{"href":"https:\/\/www.europesays.com\/se\/wp-json\/wp\/v2\/posts"}],"about":[{"href":"https:\/\/www.europesays.com\/se\/wp-json\/wp\/v2\/types\/post"}],"author":[{"embeddable":true,"href":"https:\/\/www.europesays.com\/se\/wp-json\/wp\/v2\/users\/2"}],"replies":[{"embeddable":true,"href":"https:\/\/www.europesays.com\/se\/wp-json\/wp\/v2\/comments?post=121327"}],"version-history":[{"count":0,"href":"https:\/\/www.europesays.com\/se\/wp-json\/wp\/v2\/posts\/121327\/revisions"}],"wp:featuredmedia":[{"embeddable":true,"href":"https:\/\/www.europesays.com\/se\/wp-json\/wp\/v2\/media\/121328"}],"wp:attachment":[{"href":"https:\/\/www.europesays.com\/se\/wp-json\/wp\/v2\/media?parent=121327"}],"wp:term":[{"taxonomy":"category","embeddable":true,"href":"https:\/\/www.europesays.com\/se\/wp-json\/wp\/v2\/categories?post=121327"},{"taxonomy":"post_tag","embeddable":true,"href":"https:\/\/www.europesays.com\/se\/wp-json\/wp\/v2\/tags?post=121327"}],"curies":[{"name":"wp","href":"https:\/\/api.w.org\/{rel}","templated":true}]}}