{"id":121331,"date":"2025-12-31T03:06:26","date_gmt":"2025-12-31T03:06:26","guid":{"rendered":"https:\/\/www.europesays.com\/se\/121331\/"},"modified":"2025-12-31T03:06:26","modified_gmt":"2025-12-31T03:06:26","slug":"snoovader-till-nyar-upp-till-en-halvmeter-vasterbottens-kuriren","status":"publish","type":"post","link":"https:\/\/www.europesays.com\/se\/121331\/","title":{"rendered":"Sn\u00f6ov\u00e4der till ny\u00e5r: \u201dUpp till en halvmeter\u201d &#8211; V\u00e4sterbottens-Kuriren"},"content":{"rendered":"<ol>\n<li><a href=\"https:\/\/news.google.com\/rss\/articles\/CBMiggFBVV95cUxPa01hZHBBSmJzTWtPTHFzLVNmMFZ6cFp2SmNmQXYtbldGcHVGYS1GcHFlUEZBdlFTWGNnRGkyQ2xGVUQwcGtnSnBIWFlBQ09LVnZXZDl3OXZkMEY2QkNFVnluS2FEZUxqYzRxcXdYNllDM2xXbG56RGM0X1pXczg2SjlR?oc=5\" target=\"_blank\" rel=\"nofollow noopener\">Sn\u00f6ov\u00e4der till ny\u00e5r: \u201dUpp till en halvmeter\u201d<\/a>&nbsp;&nbsp;V\u00e4sterbottens-Kuriren<\/li>\n<li><a href=\"https:\/\/news.google.com\/rss\/articles\/CBMihgFBVV95cUxQQmFZblYzOV94QUVmUDNCUEFzX0RTT21DMVVoQldWUnRiYXVoUG10VWo2YlZfWnZwLU1Iejl2Z0JKcVNfUGhRS0JOZDg3Q1M3eHBDbWlzcnpvRURZckNIeThEYTlsQkZVTFlKTFFfdkFZeEp4eGZCODdNbXJySW1Gd0x5R2hDdw?oc=5\" target=\"_blank\" rel=\"nofollow noopener\">Efter stormen Johannes \u2013 nytt ov\u00e4der p\u00e5 ing\u00e5ng<\/a>&nbsp;&nbsp;SVT Nyheter<\/li>\n<li><a href=\"https:\/\/news.google.com\/rss\/articles\/CBMiXkFVX3lxTFBvRm54S1BNb1k5cmZHZFZDLTJxOEFQeC1YMG85QXpWQnB4Wld5YUhMOHpFUjlKVWZxa0FKdFpickhvOVd3bVhXS3Y5QklGMTJqMzJVZ05oOEh0WFVxUmc?oc=5\" target=\"_blank\" rel=\"nofollow noopener\">Nu kommer sn\u00f6n<\/a>&nbsp;&nbsp;8 Sidor<\/li>\n<li><a href=\"https:\/\/news.google.com\/rss\/articles\/CBMioAFBVV95cUxNQ04xSjBEVHBmMm9zQWx0M1ZQMG1UNHhqdk5vMVhsaDRXanppVmc5QjFQanhqWGthMndYWTJFWUl1RVZkOGUyc0dXV05VNXUxVERnVkR5YmZiZHliTHRJTDJaOV90dlJhMFU1X3FsZGhzX2Vra0ZTMDNZZEdDdFR2bjcxUkw2cjE2NDFVTW1LWC0xbUJfOGFtTUxROUFmN1g5?oc=5\" target=\"_blank\" rel=\"nofollow noopener\">Orange varning \u00f6ver ny\u00e5rshelgen \u2013 n\u00e4stan en halvmeter sn\u00f6 v\u00e4ntas<\/a>&nbsp;&nbsp;Sveriges Radio<\/li>\n<li><a href=\"https:\/\/news.google.com\/rss\/articles\/CBMiekFVX3lxTFBzMUpOYzlINWdmQXZCcFR0Yjh0cjlxUDRNYnJQYkhlOWt4TzdPN1FKUDc1X0FwTFNQNWxnd0JBTXFYQ0pnMll2bXdPb1BLdWdrQTBhS0R5ZFZBT3djejVjc1RxSXNjQjRmR25PaTdWZkpuYlpQQURpcHVR?oc=5\" target=\"_blank\" rel=\"nofollow noopener\">Iskyla, SMHI-varningar och upp till en halv meter sn\u00f6: \u201dKung Bore \u00e4r h\u00e4r\u201d<\/a>&nbsp;&nbsp;Omni<\/li>\n<\/ol>\n","protected":false},"excerpt":{"rendered":"Sn\u00f6ov\u00e4der till ny\u00e5r: \u201dUpp till en halvmeter\u201d&nbsp;&nbsp;V\u00e4sterbottens-Kuriren Efter stormen Johannes \u2013 nytt ov\u00e4der p\u00e5 ing\u00e5ng&nbsp;&nbsp;SVT Nyheter Nu kommer&hellip;\n","protected":false},"author":2,"featured_media":121332,"comment_status":"","ping_status":"","sticky":false,"template":"","format":"standard","meta":{"footnotes":""},"categories":[12],"tags":[22,23,26,27,17,21,24,25,28,29,15,16,18,34,31,33,32,30,19,20],"class_list":{"0":"post-121331","1":"post","2":"type-post","3":"status-publish","4":"format-standard","5":"has-post-thumbnail","7":"category-sverige","8":"tag-breaking-news","9":"tag-breakingnews","10":"tag-featured-news","11":"tag-featurednews","12":"tag-headlines","13":"tag-huvudnyheter","14":"tag-latest-news","15":"tag-latestnews","16":"tag-main-news","17":"tag-mainnews","18":"tag-news","19":"tag-nyheter","20":"tag-rubriker","21":"tag-se","22":"tag-svenska","23":"tag-sverige","24":"tag-sweden","25":"tag-swedish","26":"tag-top-stories","27":"tag-topstories"},"share_on_mastodon":{"url":"https:\/\/pubeurope.com\/@se\/115811974063175248","error":""},"_links":{"self":[{"href":"https:\/\/www.europesays.com\/se\/wp-json\/wp\/v2\/posts\/121331","targetHints":{"allow":["GET"]}}],"collection":[{"href":"https:\/\/www.europesays.com\/se\/wp-json\/wp\/v2\/posts"}],"about":[{"href":"https:\/\/www.europesays.com\/se\/wp-json\/wp\/v2\/types\/post"}],"author":[{"embeddable":true,"href":"https:\/\/www.europesays.com\/se\/wp-json\/wp\/v2\/users\/2"}],"replies":[{"embeddable":true,"href":"https:\/\/www.europesays.com\/se\/wp-json\/wp\/v2\/comments?post=121331"}],"version-history":[{"count":0,"href":"https:\/\/www.europesays.com\/se\/wp-json\/wp\/v2\/posts\/121331\/revisions"}],"wp:featuredmedia":[{"embeddable":true,"href":"https:\/\/www.europesays.com\/se\/wp-json\/wp\/v2\/media\/121332"}],"wp:attachment":[{"href":"https:\/\/www.europesays.com\/se\/wp-json\/wp\/v2\/media?parent=121331"}],"wp:term":[{"taxonomy":"category","embeddable":true,"href":"https:\/\/www.europesays.com\/se\/wp-json\/wp\/v2\/categories?post=121331"},{"taxonomy":"post_tag","embeddable":true,"href":"https:\/\/www.europesays.com\/se\/wp-json\/wp\/v2\/tags?post=121331"}],"curies":[{"name":"wp","href":"https:\/\/api.w.org\/{rel}","templated":true}]}}