{"id":121333,"date":"2025-12-31T03:14:08","date_gmt":"2025-12-31T03:14:08","guid":{"rendered":"https:\/\/www.europesays.com\/se\/121333\/"},"modified":"2025-12-31T03:14:08","modified_gmt":"2025-12-31T03:14:08","slug":"extrema-vaderhandelser-2025-blottlade-ojamlikhet-och-begransningar-i-anpassningsformagan-smhi","status":"publish","type":"post","link":"https:\/\/www.europesays.com\/se\/121333\/","title":{"rendered":"Extrema v\u00e4derh\u00e4ndelser 2025 blottlade oj\u00e4mlikhet och begr\u00e4nsningar i anpassningsf\u00f6rm\u00e5gan \u2014 SMHI"},"content":{"rendered":"<p>V\u00e4rmeb\u00f6ljor efter Parisavtalet<\/p>\n<p class=\"normal\">Forskarna gick ocks\u00e5 tillbaka till sex v\u00e4rmeb\u00f6ljor som de studerat tidigare f\u00f6r att unders\u00f6ka hur extrem v\u00e4rme har blivit vanligare och intensivare under de tio \u00e5ren sedan Parisavtalet undertecknades. Sedan 2015 har den globala uppv\u00e4rmningen \u00f6kat med 0,3 grader, men f\u00f6r en del av dessa v\u00e4rmeb\u00f6ljor har sannolikheten \u00f6kat med n\u00e4stan tio g\u00e5nger. Det h\u00e4r \u00e4r en mycket tydlig signal p\u00e5 att varje br\u00e5kdel av en grads global uppv\u00e4rmning spelar stor roll.<\/p>\n<p class=\"normal\">V\u00e4rmeb\u00f6ljor var de d\u00f6dligaste extrema v\u00e4derh\u00e4ndelserna under 2025. \u00c4ven om de flesta v\u00e4rmerelaterade d\u00f6dsfall f\u00f6rblir orapporterade, uppskattade forskare i en studie f\u00f6r 854 Europeiska st\u00e4der, vilket motsvarar ungef\u00e4r 30% av Europas befolkning, dog 24 400 personer till f\u00f6ljd av v\u00e4rmeb\u00f6ljor under sommarm\u00e5naderna juni till augusti i \u00e5r.<\/p>\n<p>Mer f\u00f6rekommande och mer intensiva h\u00e4ndelser<\/p>\n<p class=\"normal\">Andra WWA-studier som publicerades 2025 visade att den av m\u00e4nniskan orsakade klimatf\u00f6r\u00e4ndringen intensifierade v\u00e4rmeb\u00f6ljorna i Sydsudan, Burkina Faso, Norge, Sverige, Mexiko, Argentina och England.<\/p>\n<p class=\"normal\">\u2013 \u00c4ven h\u00e4r i Sverige kan vi nu tydligt peka p\u00e5 att klimatf\u00f6r\u00e4ndringen p\u00e5verkat intensiteten i olika extremv\u00e4derh\u00e4ndelser. I en WWA-ledd studie visade vi att en den v\u00e4rmeb\u00f6lja som intr\u00e4ffade i slutet av juli \u00f6ver Sverige, Norge och Finland var omkring 2 grader varmare \u00e4n vad som hade varit fallet utan den globala uppv\u00e4rmningen. Den flera veckor l\u00e5nga v\u00e4rmeb\u00f6ljan hade temperaturer \u00f6ver 30 grader p\u00e5 m\u00e5nga platser och fick k\u00e4nnbara effekter p\u00e5 natur och samh\u00e4lle, s\u00e4ger Erik Kjellstr\u00f6m.<\/p>\n<p class=\"normal\">Tropiska cykloner och stormar var ocks\u00e5 bland de d\u00f6dligaste h\u00e4ndelserna under \u00e5ret. Ett av de v\u00e4rsta exemplen intr\u00e4ffade nyligen, n\u00e4r flera stormar samtidigt drabbade Asien och Sydostasien, d\u00f6dade mer \u00e4n 1 700 m\u00e4nniskor och orsakade skador f\u00f6r miljarder. Bara n\u00e5gra veckor tidigare l\u00e4mnade orkanen Melissa ett sp\u00e5r av f\u00f6rst\u00f6relse i bland annat Jamaica. WWA:s arbete visade att klimatf\u00f6r\u00e4ndringarna gjorde nederb\u00f6rden i samband med dessa stormar mer intensiv.<\/p>\n<p>Anpassning och utsl\u00e4ppsminskning hj\u00e4lper<\/p>\n<p class=\"normal\">I takt med att extrema v\u00e4derh\u00e4ndelser blir allt vanligare och intensivare har behovet av snabba och omedelbara \u00e5tg\u00e4rder aldrig varit tydligare. Trots befintliga anstr\u00e4ngningar f\u00f6r att anpassa sig har dessa h\u00e4ndelser fortsatt att orsaka f\u00f6r\u00f6dande f\u00f6rluster av m\u00e4nniskoliv och miljarder i ekonomiska skador under 2025. F\u00f6r att mildra dessa effekter och minska framtida risker under 2026, och i framtiden, \u00e4r en snabb utfasning av fossila br\u00e4nslen avg\u00f6rande.<\/p>\n<p class=\"normal\">\u2013 Vi ser tydligt att studier som dessa tydligare kan koppla effekter i samh\u00e4lle och naturmilj\u00f6 av m\u00e5nga extrema v\u00e4derh\u00e4ndelser till klimatf\u00f6r\u00e4ndringen. Attributionsstudierna kan vara ett verktyg f\u00f6r att trycka p\u00e5 behovet av b\u00e5de klimatanpassning och utsl\u00e4ppsminskning, avslutar Erik Kjellstr\u00f6m.<\/p>\n","protected":false},"excerpt":{"rendered":"V\u00e4rmeb\u00f6ljor efter Parisavtalet Forskarna gick ocks\u00e5 tillbaka till sex v\u00e4rmeb\u00f6ljor som de studerat tidigare f\u00f6r att unders\u00f6ka hur&hellip;\n","protected":false},"author":2,"featured_media":121334,"comment_status":"","ping_status":"","sticky":false,"template":"","format":"standard","meta":{"footnotes":""},"categories":[12],"tags":[22,23,26,27,17,21,24,25,28,29,15,16,18,34,31,33,32,30,19,20],"class_list":{"0":"post-121333","1":"post","2":"type-post","3":"status-publish","4":"format-standard","5":"has-post-thumbnail","7":"category-sverige","8":"tag-breaking-news","9":"tag-breakingnews","10":"tag-featured-news","11":"tag-featurednews","12":"tag-headlines","13":"tag-huvudnyheter","14":"tag-latest-news","15":"tag-latestnews","16":"tag-main-news","17":"tag-mainnews","18":"tag-news","19":"tag-nyheter","20":"tag-rubriker","21":"tag-se","22":"tag-svenska","23":"tag-sverige","24":"tag-sweden","25":"tag-swedish","26":"tag-top-stories","27":"tag-topstories"},"share_on_mastodon":{"url":"https:\/\/pubeurope.com\/@se\/115812005515674179","error":""},"_links":{"self":[{"href":"https:\/\/www.europesays.com\/se\/wp-json\/wp\/v2\/posts\/121333","targetHints":{"allow":["GET"]}}],"collection":[{"href":"https:\/\/www.europesays.com\/se\/wp-json\/wp\/v2\/posts"}],"about":[{"href":"https:\/\/www.europesays.com\/se\/wp-json\/wp\/v2\/types\/post"}],"author":[{"embeddable":true,"href":"https:\/\/www.europesays.com\/se\/wp-json\/wp\/v2\/users\/2"}],"replies":[{"embeddable":true,"href":"https:\/\/www.europesays.com\/se\/wp-json\/wp\/v2\/comments?post=121333"}],"version-history":[{"count":0,"href":"https:\/\/www.europesays.com\/se\/wp-json\/wp\/v2\/posts\/121333\/revisions"}],"wp:featuredmedia":[{"embeddable":true,"href":"https:\/\/www.europesays.com\/se\/wp-json\/wp\/v2\/media\/121334"}],"wp:attachment":[{"href":"https:\/\/www.europesays.com\/se\/wp-json\/wp\/v2\/media?parent=121333"}],"wp:term":[{"taxonomy":"category","embeddable":true,"href":"https:\/\/www.europesays.com\/se\/wp-json\/wp\/v2\/categories?post=121333"},{"taxonomy":"post_tag","embeddable":true,"href":"https:\/\/www.europesays.com\/se\/wp-json\/wp\/v2\/tags?post=121333"}],"curies":[{"name":"wp","href":"https:\/\/api.w.org\/{rel}","templated":true}]}}