{"id":121344,"date":"2025-12-31T03:40:11","date_gmt":"2025-12-31T03:40:11","guid":{"rendered":"https:\/\/www.europesays.com\/se\/121344\/"},"modified":"2025-12-31T03:40:11","modified_gmt":"2025-12-31T03:40:11","slug":"stormen-johannes-drabbar-skogsagare-i-uppland","status":"publish","type":"post","link":"https:\/\/www.europesays.com\/se\/121344\/","title":{"rendered":"Stormen Johannes drabbar skogs\u00e4gare i Uppland"},"content":{"rendered":"<p>Stormen Johannes gjorde att flera v\u00e4gar blockerades av fallna tr\u00e4d och \u00f6ver 1800 personer var utan el i l\u00e4net. Nu b\u00f6rjar den f\u00e5 sitt ekonomiska efterspel.Enligt Tomas Olsson som \u00e4r regionordf\u00f6rande p\u00e5 Lantbrukarnas Riksf\u00f6rbund (LRF) i M\u00e4lardalen, har de omkullbl\u00e5sta tr\u00e4den drabbat enskilda skogs\u00e4gare i bland annat \u00c4lvkarleby och Tierp. Dock inte alls i samma omfattnin<\/p>\n","protected":false},"excerpt":{"rendered":"Stormen Johannes gjorde att flera v\u00e4gar blockerades av fallna tr\u00e4d och \u00f6ver 1800 personer var utan el i&hellip;\n","protected":false},"author":2,"featured_media":121345,"comment_status":"","ping_status":"","sticky":false,"template":"","format":"standard","meta":{"footnotes":""},"categories":[12],"tags":[22,23,26,27,17,21,24,25,28,29,15,16,18,34,31,33,32,30,19,20],"class_list":{"0":"post-121344","1":"post","2":"type-post","3":"status-publish","4":"format-standard","5":"has-post-thumbnail","7":"category-sverige","8":"tag-breaking-news","9":"tag-breakingnews","10":"tag-featured-news","11":"tag-featurednews","12":"tag-headlines","13":"tag-huvudnyheter","14":"tag-latest-news","15":"tag-latestnews","16":"tag-main-news","17":"tag-mainnews","18":"tag-news","19":"tag-nyheter","20":"tag-rubriker","21":"tag-se","22":"tag-svenska","23":"tag-sverige","24":"tag-sweden","25":"tag-swedish","26":"tag-top-stories","27":"tag-topstories"},"share_on_mastodon":{"url":"https:\/\/pubeurope.com\/@se\/115812107714317143","error":""},"_links":{"self":[{"href":"https:\/\/www.europesays.com\/se\/wp-json\/wp\/v2\/posts\/121344","targetHints":{"allow":["GET"]}}],"collection":[{"href":"https:\/\/www.europesays.com\/se\/wp-json\/wp\/v2\/posts"}],"about":[{"href":"https:\/\/www.europesays.com\/se\/wp-json\/wp\/v2\/types\/post"}],"author":[{"embeddable":true,"href":"https:\/\/www.europesays.com\/se\/wp-json\/wp\/v2\/users\/2"}],"replies":[{"embeddable":true,"href":"https:\/\/www.europesays.com\/se\/wp-json\/wp\/v2\/comments?post=121344"}],"version-history":[{"count":0,"href":"https:\/\/www.europesays.com\/se\/wp-json\/wp\/v2\/posts\/121344\/revisions"}],"wp:featuredmedia":[{"embeddable":true,"href":"https:\/\/www.europesays.com\/se\/wp-json\/wp\/v2\/media\/121345"}],"wp:attachment":[{"href":"https:\/\/www.europesays.com\/se\/wp-json\/wp\/v2\/media?parent=121344"}],"wp:term":[{"taxonomy":"category","embeddable":true,"href":"https:\/\/www.europesays.com\/se\/wp-json\/wp\/v2\/categories?post=121344"},{"taxonomy":"post_tag","embeddable":true,"href":"https:\/\/www.europesays.com\/se\/wp-json\/wp\/v2\/tags?post=121344"}],"curies":[{"name":"wp","href":"https:\/\/api.w.org\/{rel}","templated":true}]}}