{"id":121348,"date":"2025-12-31T03:48:11","date_gmt":"2025-12-31T03:48:11","guid":{"rendered":"https:\/\/www.europesays.com\/se\/121348\/"},"modified":"2025-12-31T03:48:11","modified_gmt":"2025-12-31T03:48:11","slug":"man-omkom-i-villabrand-i-burtrask","status":"publish","type":"post","link":"https:\/\/www.europesays.com\/se\/121348\/","title":{"rendered":"Man omkom i villabrand i Burtr\u00e4sk"},"content":{"rendered":"<p class=\"boxtextgrotesk-root_baa6 hyperion-css-7pajle\">Publicerad 2025-12-30 19.35<\/p>\n<p>share-arrowDela<\/p>\n<p>unsaveSpara<\/p>\n<p>expand-left<\/p>\n<p>helsk\u00e4rm<img decoding=\"async\" class=\"image-asset hyperion-css-u06ts1\" data-test-tag=\"image-asset\" src=\"https:\/\/www.europesays.com\/se\/wp-content\/uploads\/2025\/12\/b781e09d-63aa-439e-acd6-fa697e1e5891.jpeg\"  alt=\"En man har omkommit i samband med en villabrand sydv\u00e4st om Skellefte\u00e5. Arkivbild.\"  loading=\"eager\" fetchpriority=\"high\" style=\"aspect-ratio:1900 \/ 1298\"\/>En man har omkommit i samband med en villabrand sydv\u00e4st om Skellefte\u00e5. Arkivbild. Foto: Johan Nilsson\/TT<\/p>\n<p class=\"hyperion-css-1shl3oz\" data-test-tag=\"lead-text\">En man har omkommit i samband med en villabrand sydv\u00e4st om Skellefte\u00e5.<\/p>\n<p class=\"hyperion-css-1v9qo5x\">Polisen larmades om branden i Burtr\u00e4sk klockan 14.47 p\u00e5 tisdagen, dit flera enheter fr\u00e5n r\u00e4ddningstj\u00e4nsten hade skickats. Enligt de f\u00f6rsta uppgifterna var villans k\u00e4llare r\u00f6kfylld.<\/p>\n<p class=\"hyperion-css-1v9qo5x\">P\u00e5 kv\u00e4llen skriver polisen p\u00e5 sin sajt att en man som f\u00f6rdes till sjukhus i ambulans har avlidit.<\/p>\n<p class=\"hyperion-css-1v9qo5x\">\u2013 Det r\u00f6r sig om en \u00e4ldre man, s\u00e4ger Elisabeth Glaas, polisens presstalesperson.<\/p>\n<p class=\"hyperion-css-1v9qo5x\">Branden utreds av polis men det finns ingen misst\u00e4nkt i \u00e4rendet.<\/p>\n","protected":false},"excerpt":{"rendered":"Publicerad 2025-12-30 19.35 share-arrowDela unsaveSpara expand-left helsk\u00e4rmEn man har omkommit i samband med en villabrand sydv\u00e4st om Skellefte\u00e5.&hellip;\n","protected":false},"author":2,"featured_media":121349,"comment_status":"","ping_status":"","sticky":false,"template":"","format":"standard","meta":{"footnotes":""},"categories":[12],"tags":[22,23,26,27,17,21,24,25,28,29,15,16,18,34,31,33,32,30,19,20],"class_list":{"0":"post-121348","1":"post","2":"type-post","3":"status-publish","4":"format-standard","5":"has-post-thumbnail","7":"category-sverige","8":"tag-breaking-news","9":"tag-breakingnews","10":"tag-featured-news","11":"tag-featurednews","12":"tag-headlines","13":"tag-huvudnyheter","14":"tag-latest-news","15":"tag-latestnews","16":"tag-main-news","17":"tag-mainnews","18":"tag-news","19":"tag-nyheter","20":"tag-rubriker","21":"tag-se","22":"tag-svenska","23":"tag-sverige","24":"tag-sweden","25":"tag-swedish","26":"tag-top-stories","27":"tag-topstories"},"share_on_mastodon":{"url":"https:\/\/pubeurope.com\/@se\/115812139231359664","error":""},"_links":{"self":[{"href":"https:\/\/www.europesays.com\/se\/wp-json\/wp\/v2\/posts\/121348","targetHints":{"allow":["GET"]}}],"collection":[{"href":"https:\/\/www.europesays.com\/se\/wp-json\/wp\/v2\/posts"}],"about":[{"href":"https:\/\/www.europesays.com\/se\/wp-json\/wp\/v2\/types\/post"}],"author":[{"embeddable":true,"href":"https:\/\/www.europesays.com\/se\/wp-json\/wp\/v2\/users\/2"}],"replies":[{"embeddable":true,"href":"https:\/\/www.europesays.com\/se\/wp-json\/wp\/v2\/comments?post=121348"}],"version-history":[{"count":0,"href":"https:\/\/www.europesays.com\/se\/wp-json\/wp\/v2\/posts\/121348\/revisions"}],"wp:featuredmedia":[{"embeddable":true,"href":"https:\/\/www.europesays.com\/se\/wp-json\/wp\/v2\/media\/121349"}],"wp:attachment":[{"href":"https:\/\/www.europesays.com\/se\/wp-json\/wp\/v2\/media?parent=121348"}],"wp:term":[{"taxonomy":"category","embeddable":true,"href":"https:\/\/www.europesays.com\/se\/wp-json\/wp\/v2\/categories?post=121348"},{"taxonomy":"post_tag","embeddable":true,"href":"https:\/\/www.europesays.com\/se\/wp-json\/wp\/v2\/tags?post=121348"}],"curies":[{"name":"wp","href":"https:\/\/api.w.org\/{rel}","templated":true}]}}