{"id":121357,"date":"2025-12-31T04:13:22","date_gmt":"2025-12-31T04:13:22","guid":{"rendered":"https:\/\/www.europesays.com\/se\/121357\/"},"modified":"2025-12-31T04:13:22","modified_gmt":"2025-12-31T04:13:22","slug":"sveriges-mest-populara-idrottare-2025","status":"publish","type":"post","link":"https:\/\/www.europesays.com\/se\/121357\/","title":{"rendered":"Sveriges mest popul\u00e4ra idrottare 2025"},"content":{"rendered":"<p><a data-test-tag=\"internal-link\" href=\"https:\/\/www.aftonbladet.se\/av\/jonatan-pinheiro-diamant\" class=\"hyperion-css-13ns1rr\" rel=\"nofollow noopener\" target=\"\" aria-label=\"Se alla artiklar av Jonatan Pinheiro Diamant\"><img decoding=\"async\" class=\"image-asset hyperion-css-n6kkq1\" data-test-tag=\"image-asset\" src=\"https:\/\/www.europesays.com\/se\/wp-content\/uploads\/2025\/12\/c79d8f99-4dae-4b51-877e-56b004edc21b.png\"  alt=\"\"  loading=\"lazy\" fetchpriority=\"auto\" style=\"aspect-ratio:1900 \/ 1900\"\/><\/a><\/p>\n<p class=\"boxtextgrotesk-root_baa6 hyperion-css-1w346fg\">Uppdaterad 00.19 | Publicerad 00.05<\/p>\n<p>share-arrowDela<\/p>\n<p>unsaveSpara<\/p>\n<p>Lyssna p\u00e5 artikelnLyssna p\u00e5&#8230;<\/p>\n<p>expand-left<\/p>\n<p>helsk\u00e4rm<img decoding=\"async\" class=\"image-asset hyperion-css-u06ts1\" data-test-tag=\"image-asset\" src=\"https:\/\/www.europesays.com\/se\/wp-content\/uploads\/2025\/12\/df65af33-efcf-48e7-9263-22d3cf103fff.jpeg\"  alt=\"\"  loading=\"eager\" fetchpriority=\"high\" style=\"aspect-ratio:1900 \/ 994\"\/><\/p>\n<p class=\"hyperion-css-1shl3oz\" data-test-tag=\"lead-text\">Det finns m\u00e5nga omtyckta svenska idrottare.<\/p>\n<p class=\"hyperion-css-1shl3oz\" data-test-tag=\"lead-text\">Sportbladet har som vanligt tagit hj\u00e4lp av analysf\u00f6retaget Demoskop f\u00f6r att lista ut vem som \u00e4r mest popul\u00e4r.<\/p>\n<p class=\"hyperion-css-1shl3oz\" data-test-tag=\"lead-text\">H\u00e4r \u00e4r Sveriges mest popul\u00e4ra idrottare 2025.<\/p>\n<p><img decoding=\"async\" class=\"image-asset hyperion-css-u06ts1\" data-test-tag=\"image-asset\" src=\"https:\/\/www.europesays.com\/se\/wp-content\/uploads\/2025\/12\/73cf776c-d88c-41ff-8fed-4b9b7ebfc8da.jpeg\"  alt=\"\"  loading=\"eager\" fetchpriority=\"high\" style=\"aspect-ratio:850 \/ 126\"\/><\/p>\n<p class=\"hyperion-css-1v9qo5x\">Personerna i unders\u00f6kningen fick fr\u00e5gan: \u201dVilka nu aktiva svenska idrottare gillar du mest?\u201d. De svarande fick v\u00e4lja max tre idrottare p\u00e5 en lista.<\/p>\n<p>expand-left<\/p>\n<p>helsk\u00e4rm<img decoding=\"async\" class=\"image-asset hyperion-css-u06ts1\" data-test-tag=\"image-asset\" src=\"https:\/\/www.europesays.com\/se\/wp-content\/uploads\/2025\/12\/50b27682-f364-4006-8023-dae3dc659ae7.jpeg\"  alt=\"\"  loading=\"eager\" fetchpriority=\"high\" style=\"aspect-ratio:1900 \/ 1267\"\/> Foto: Ethan Swope \/ AP37. Leo Carlsson, 21, ishockey \u2013 1 procent<\/p>\n<p class=\"hyperion-css-1v9qo5x\">Har f\u00e5tt sitt stora genombrott och \u00e4r en av de mest framst\u00e5ende svenskarna i NHL. Carlsson har n\u00e5tt flera milstolpar och bland annat blivit den yngste spelaren n\u00e5gonsin i Anaheim Ducks historia att n\u00e5 100 po\u00e4ng. <\/p>\n<p>expand-left<\/p>\n<p>helsk\u00e4rm<img decoding=\"async\" class=\"image-asset hyperion-css-u06ts1\" data-test-tag=\"image-asset\" src=\"https:\/\/www.europesays.com\/se\/wp-content\/uploads\/2025\/12\/df591ef3-de4b-4602-9b12-da040fa26e14.jpeg\"  alt=\"\"  loading=\"eager\" fetchpriority=\"high\" style=\"aspect-ratio:1900 \/ 1267\"\/> Foto: Johanna S\u00e4ll \/ Bildbyr\u00e5n37. Ebba \u00c5rsj\u00f6, 24, alpint \u2013 1 procent<\/p>\n<p class=\"hyperion-css-1v9qo5x\">Sm\u00e4rtan i benet blir allt v\u00e4rre men \u00c5rsj\u00f6 \u00e4r fortfarande v\u00e4rldens st\u00f6rsta paraalpina stj\u00e4rna p\u00e5 damsidan. Hon vann, som vanligt, den totala v\u00e4rldscupen f\u00f6rra s\u00e4songen. \u00c5rsj\u00f6 \u00e4r en stor medaljfavorit inf\u00f6r Paralympics om ett par m\u00e5nader.<\/p>\n<p>expand-left<\/p>\n<p>helsk\u00e4rm<img decoding=\"async\" class=\"image-asset hyperion-css-u06ts1\" data-test-tag=\"image-asset\" src=\"https:\/\/www.europesays.com\/se\/wp-content\/uploads\/2025\/12\/924ec15d-fd15-4f8a-b308-ac0ef30f6989.jpeg\"  alt=\"\"  loading=\"eager\" fetchpriority=\"high\" style=\"aspect-ratio:1900 \/ 1267\"\/> Foto: Nikola Krstic \/ Bildbyr\u00e5n37. Tara Babulfath, 19, judo \u2013 1 procent<\/p>\n<p class=\"hyperion-css-1v9qo5x\">Babulfath blev ett v\u00e4lk\u00e4nt namn efter sin succ\u00e9 i OS 2024, d\u00e5 hon tog brons. \u00c4ven i \u00e5r har hon tagit ett par fina skalper, men EM-dr\u00f6mmen i Montenegro krossades direkt d\u00e5 hon blev diskad i f\u00f6rsta matchen.<\/p>\n<p>expand-left<\/p>\n<p>helsk\u00e4rm<img decoding=\"async\" class=\"image-asset hyperion-css-u06ts1\" data-test-tag=\"image-asset\" src=\"https:\/\/www.europesays.com\/se\/wp-content\/uploads\/2025\/12\/3ed44cb3-c302-4c8d-b697-8ada89ee44f1.jpeg\"  alt=\"\"  loading=\"eager\" fetchpriority=\"high\" style=\"aspect-ratio:1900 \/ 1267\"\/> Foto: Ludvig Thunman \/ Bildbyr\u00e5n37. Smilla Holmberg, 19, fotboll \u2013 1 procent<\/p>\n<p class=\"hyperion-css-1v9qo5x\">2025 blev ett h\u00e4ndelserikt \u00e5r f\u00f6r Holmberg. Den unga h\u00f6gerbacken togs ut till sommarens EM, d\u00e4r hon fick en hel del speltid men missade en av straffarna i kvartsfinalen. Holmberg fick pris f\u00f6r \u00e5rets genombrott p\u00e5 den damallsvenska galan.<\/p>\n<p>expand-left<\/p>\n<p>helsk\u00e4rm<img decoding=\"async\" class=\"image-asset hyperion-css-u06ts1\" data-test-tag=\"image-asset\" src=\"https:\/\/www.europesays.com\/se\/wp-content\/uploads\/2025\/12\/6570b09b-814b-4916-899c-db3173453220.jpeg\"  alt=\"\"  loading=\"eager\" fetchpriority=\"high\" style=\"aspect-ratio:1900 \/ 1267\"\/> Foto: Jeff Roberson \/ AP37. Maja Stark, 26, golf \u2013 1 procent<\/p>\n<p class=\"hyperion-css-1v9qo5x\">Hade ett succ\u00e9\u00e5r 2025, d\u00e5 hon fick sitt stora internationella genombrott. N\u00e4r Stark vann US Open i somras blev hon den f\u00f6rsta svenskan som gjort det sedan Annika S\u00f6renstam 2006.<\/p>\n<p>expand-left<\/p>\n<p>helsk\u00e4rm<img decoding=\"async\" class=\"image-asset hyperion-css-u06ts1\" data-test-tag=\"image-asset\" src=\"https:\/\/www.europesays.com\/se\/wp-content\/uploads\/2025\/12\/14643925-7f29-4e50-80c7-14c3e2046fce.jpeg\"  alt=\"\"  loading=\"eager\" fetchpriority=\"high\" style=\"aspect-ratio:1900 \/ 1267\"\/> Foto: Joel Marklund \/ Bildbyr\u00e5n37. Andreas Almgren, 30, friidrott \u2013 1 procent<\/p>\n<p class=\"hyperion-css-1v9qo5x\">Hade ett fantastiskt \u00e5r 2025 med trippla Europarekord och ett sensationellt brons p\u00e5 10\u00a0000 meter i VM i Tokyo i september. Almgren har nu Sveriges f\u00f6rsta VM-medalj n\u00e5gonsin p\u00e5 l\u00e5ngdistans.<\/p>\n<p>expand-left<\/p>\n<p>helsk\u00e4rm<img decoding=\"async\" class=\"image-asset hyperion-css-u06ts1\" data-test-tag=\"image-asset\" src=\"https:\/\/www.europesays.com\/se\/wp-content\/uploads\/2025\/12\/bc669d5f-76fa-4254-b5db-61f349473267.jpeg\"  alt=\"\"  loading=\"eager\" fetchpriority=\"high\" style=\"aspect-ratio:1900 \/ 1267\"\/> Foto: Maxim Thore \/ Bildbyr\u00e5n37. Edvin Anger, 23, l\u00e4ngdskidor \u2013 1 procent<\/p>\n<p class=\"hyperion-css-1v9qo5x\">Numera \u00e4r Anger inte bara en lovande sprinter, utan ocks\u00e5 en \u00e5kare som kan k\u00e4mpa om pallplatser p\u00e5 b\u00e5de kortare och l\u00e4ngre distanser. Var nyckeln till de svenska herrarnas tv\u00e5 stafettbrons i VM i Trondheim.<\/p>\n<p>expand-left<\/p>\n<p>helsk\u00e4rm<img decoding=\"async\" class=\"image-asset hyperion-css-u06ts1\" data-test-tag=\"image-asset\" src=\"https:\/\/www.europesays.com\/se\/wp-content\/uploads\/2025\/12\/38255a6b-30ed-43ae-ada6-acdfda5be3a9.jpeg\"  alt=\"\"  loading=\"eager\" fetchpriority=\"high\" style=\"aspect-ratio:1900 \/ 1267\"\/> Foto: Kenta J\u00f6nsson \/ Bildbyr\u00e5n37. Jim Gottfridsson, 33, handboll \u2013 1 procent<\/p>\n<p class=\"hyperion-css-1v9qo5x\">Efter tolv \u00e5r i SG Flensburg-Handewitt bytte Gottfridsson till den ungerska klubben OTP Bank-Pick Szeged i somras. I landslaget blev inte 2025 n\u00e5gon succ\u00e9 f\u00f6r Gottfridsson, eftersom Sverige \u00e5kte ut i mellanrundan i VM i januari.<\/p>\n<p>expand-left<\/p>\n<p>helsk\u00e4rm<img decoding=\"async\" class=\"image-asset hyperion-css-u06ts1\" data-test-tag=\"image-asset\" src=\"https:\/\/www.europesays.com\/se\/wp-content\/uploads\/2025\/12\/d89f8575-b895-4778-8075-d312f0fd3f7d.jpeg\"  alt=\"\"  loading=\"eager\" fetchpriority=\"high\" style=\"aspect-ratio:1900 \/ 1267\"\/> Foto: Cornelius Poppe \/ NTB37. Sara Hector, 33, alpint \u2013 1 procent<\/p>\n<p class=\"hyperion-css-1v9qo5x\">\u00c4r sedan l\u00e4nge etablerad som en av v\u00e4rldens b\u00e4sta i storslalom. Under \u00e5ret har Hector b\u00e5de tagit v\u00e4rldscuppallplatser i storslalom och slalom. I VM i Saalbach i februari tog hon ett brons i parallellslalom med sitt svenska lag.<\/p>\n<p>expand-left<\/p>\n<p>helsk\u00e4rm<img decoding=\"async\" class=\"image-asset hyperion-css-u06ts1\" data-test-tag=\"image-asset\" src=\"https:\/\/www.europesays.com\/se\/wp-content\/uploads\/2025\/12\/431d0868-8996-4b80-a2ce-a69cbd0f157a.jpeg\"  alt=\"\"  loading=\"eager\" fetchpriority=\"high\" style=\"aspect-ratio:1900 \/ 1267\"\/> Foto: Kaikungwon Duanjumroon \/ Bildbyr\u00e5n37. Isabelle Haak, 26, volleyboll \u2013 1 procent<\/p>\n<p class=\"hyperion-css-1v9qo5x\">Haak \u00e4r en av v\u00e4rldens b\u00e4sta volleybollspelare och hon \u00e4r den stora stj\u00e4rnan i det svenska landslag som blivit allt b\u00e4ttre senaste \u00e5ren. I maj vann hon Champions League med Conegliano f\u00f6r andra \u00e5ret i rad.<\/p>\n<p>expand-left<\/p>\n<p>helsk\u00e4rm<img decoding=\"async\" class=\"image-asset hyperion-css-u06ts1\" data-test-tag=\"image-asset\" src=\"https:\/\/www.europesays.com\/se\/wp-content\/uploads\/2025\/12\/846337e9-7cda-4a37-8a84-8a38fb167c7a.jpeg\"  alt=\"\"  loading=\"eager\" fetchpriority=\"high\" style=\"aspect-ratio:1900 \/ 1267\"\/> Foto: Joel Marklund \/ Bildbyr\u00e5n37. Otto Wallin, 35, boxning \u2013 1 procent<\/p>\n<p class=\"hyperion-css-1v9qo5x\">Tungviktaren gick tv\u00e5 matcher under \u00e5ret. I februari f\u00f6rlorade han mot Derek Chisora men i november knockade han Chris Thomas. Under \u00e5ret har Wallin b\u00f6rjat jobba tillsammans med Mike Tysons tidigare tr\u00e4nare Ronnie Shields.<\/p>\n<p>expand-left<\/p>\n<p>helsk\u00e4rm<img decoding=\"async\" class=\"image-asset hyperion-css-u06ts1\" data-test-tag=\"image-asset\" src=\"https:\/\/www.europesays.com\/se\/wp-content\/uploads\/2025\/12\/8147c0eb-f7b6-400b-8059-d11bf39bda0d.jpeg\"  alt=\"\"  loading=\"eager\" fetchpriority=\"high\" style=\"aspect-ratio:1900 \/ 1267\"\/> Foto: Erin Hooley \/ AP37. Pelle Larsson, 24, basket \u2013 1 procent<\/p>\n<p class=\"hyperion-css-1v9qo5x\">Var en av de stora stj\u00e4rnorna i det svenska laget som stod f\u00f6r en stark insats i det efterl\u00e4ngtade EM-slutspelet i h\u00f6stas. Larsson har ocks\u00e5 slagit sig in i NBA och blivit en av Miami Heats publikfavoriter.<\/p>\n<p>expand-left<\/p>\n<p>helsk\u00e4rm<img decoding=\"async\" class=\"image-asset hyperion-css-u06ts1\" data-test-tag=\"image-asset\" src=\"https:\/\/www.europesays.com\/se\/wp-content\/uploads\/2025\/12\/b9b4a794-9c26-4849-a8f3-a1e5e4a13b83.jpeg\"  alt=\"\"  loading=\"eager\" fetchpriority=\"high\" style=\"aspect-ratio:1900 \/ 1268\"\/> Foto: Nathan Denette \/ AP26. William Nylander, 29, Ishockey \u2013 2 procent<\/p>\n<p class=\"hyperion-css-1v9qo5x\">Nylander g\u00f6r som han brukar och \u00f6ser in po\u00e4ng f\u00f6r Toronto Maple Leafs. Han gjorde n\u00e4st flest m\u00e5l i NHL s\u00e4songen 2024\/2025 och prisades som Sveriges b\u00e4ste spelare av f\u00f6rbundet. Nylander spelade ocks\u00e5 VM d\u00e4r Sverige tog brons.<\/p>\n<p>expand-left<\/p>\n<p>helsk\u00e4rm<img decoding=\"async\" class=\"image-asset hyperion-css-u06ts1\" data-test-tag=\"image-asset\" src=\"https:\/\/www.europesays.com\/se\/wp-content\/uploads\/2025\/12\/20aba32d-744a-41fd-856c-24850a1af531.jpeg\"  alt=\"\"  loading=\"eager\" fetchpriority=\"high\" style=\"aspect-ratio:1900 \/ 1315\"\/> Foto: Mike Hewitt \/ Getty Images26. Lucas Bergvall, 19, fotboll \u2013 2 procent<\/p>\n<p class=\"hyperion-css-1v9qo5x\">Bergvall har spelat p\u00e5 elitniv\u00e5 i flera \u00e5r nu men \u00e4r fortfarande bara 19 \u00e5r. Han har etablerat sig i Premier League och f\u00e5r n\u00e4stan alltid speltid i Tottenhams matcher. Startade sina f\u00f6rsta landskamper i h\u00f6stas.<\/p>\n<p>expand-left<\/p>\n<p>helsk\u00e4rm<img decoding=\"async\" class=\"image-asset hyperion-css-u06ts1\" data-test-tag=\"image-asset\" src=\"https:\/\/www.europesays.com\/se\/wp-content\/uploads\/2025\/12\/8fbe948b-4cbe-42e6-b7ab-5498a5dd3454.jpeg\"  alt=\"\"  loading=\"eager\" fetchpriority=\"high\" style=\"aspect-ratio:1900 \/ 1267\"\/> Foto: Maxim Thore \/ Bildbyr\u00e5n26. Linn Svahn, 26, l\u00e4ngdskidor \u2013 2 procent<\/p>\n<p class=\"hyperion-css-1v9qo5x\">F\u00e5 l\u00e4ngdskid\u00e5kare har varit s\u00e5 otursf\u00f6rf\u00f6ljda n\u00e4r det kommer till m\u00e4sterskap. Svahn missade VM i Trondheim eftersom hon fick hj\u00e4rnskakning dagen innan premi\u00e4ren. Innan dess hade hon visat gryende form.<\/p>\n<p>expand-left<\/p>\n<p>helsk\u00e4rm<img decoding=\"async\" class=\"image-asset hyperion-css-u06ts1\" data-test-tag=\"image-asset\" src=\"https:\/\/www.europesays.com\/se\/wp-content\/uploads\/2025\/12\/e2aad369-3cfa-44f7-baa1-270ad4fde16e.jpeg\"  alt=\"\"  loading=\"eager\" fetchpriority=\"high\" style=\"aspect-ratio:1900 \/ 1267\"\/> Foto: Seth Wenig \/ AP26. Mika Zibanejad, 32, ishockey \u2013 2 procent<\/p>\n<p class=\"hyperion-css-1v9qo5x\">Spelade sitt f\u00f6rsta VM p\u00e5 sju \u00e5r n\u00e4r Sverige tog brons hemma i Stockholm. I NHL har Zibanejad fortsatt g\u00f6ra po\u00e4ng f\u00f6r New York Rangers, \u00e4ven om den p\u00e5g\u00e5ende s\u00e4songen har varit lite mer oj\u00e4mn f\u00f6r b\u00e5de honom och laget.<\/p>\n<p>expand-left<\/p>\n<p>helsk\u00e4rm<img decoding=\"async\" class=\"image-asset hyperion-css-u06ts1\" data-test-tag=\"image-asset\" src=\"https:\/\/www.europesays.com\/se\/wp-content\/uploads\/2025\/12\/5777ce55-6571-45cb-a6c8-cf7db9d83085.jpeg\"  alt=\"\"  loading=\"eager\" fetchpriority=\"high\" style=\"aspect-ratio:1900 \/ 1267\"\/> Foto: Mathias Bergeld \/ Bildbyr\u00e5n26. Sandra N\u00e4slund, 29, skicross \u2013 2 procent<\/p>\n<p class=\"hyperion-css-1v9qo5x\">Har gjort en imponerande comeback efter en l\u00e5ng tids skadeproblem. N\u00e4slund \u00e4r lika bra som hon var innan hon blev skadad och hon har vunnit flera v\u00e4rldscupt\u00e4vlingar i b\u00f6rjan av s\u00e4songen 2025\/2026.<\/p>\n<p>expand-left<\/p>\n<p>helsk\u00e4rm<img decoding=\"async\" class=\"image-asset hyperion-css-u06ts1\" data-test-tag=\"image-asset\" src=\"https:\/\/www.europesays.com\/se\/wp-content\/uploads\/2025\/12\/8043d330-6627-46c3-ab61-5074396a5289.jpeg\"  alt=\"\"  loading=\"eager\" fetchpriority=\"high\" style=\"aspect-ratio:1900 \/ 1294\"\/> Foto: Alex Davidson \/ Getty Images26. Stina Blackstenius, 29, fotboll \u2013 2 procent<\/p>\n<p class=\"hyperion-css-1v9qo5x\">I maj skr\u00e4llde Arsenal och vann Champions League-finalen mot Barcelona. Blackstenius blev hj\u00e4lte n\u00e4r hon hoppade in och gjorde finalens enda m\u00e5l. I sommarens EM gjorde Blackstenius tre m\u00e5l p\u00e5 fyra matcher n\u00e4r Sverige \u00e5kte ut i kvartsfinal.<\/p>\n<p>expand-left<\/p>\n<p>helsk\u00e4rm<img decoding=\"async\" class=\"image-asset hyperion-css-u06ts1\" data-test-tag=\"image-asset\" src=\"https:\/\/www.europesays.com\/se\/wp-content\/uploads\/2025\/12\/29cc7438-38d9-4265-a815-f0fd9b44c9e8.jpeg\"  alt=\"\"  loading=\"eager\" fetchpriority=\"high\" style=\"aspect-ratio:1900 \/ 1267\"\/> Foto: Jon Olav Nesvold \/ Bildbyr\u00e5n26. Andreas Palicka, 39, handboll \u2013 2 procent<\/p>\n<p class=\"hyperion-css-1v9qo5x\">Landslagets \u00e5lderman \u00e4r alltj\u00e4mt en bra m\u00e5lvakt som kan g\u00f6ra skillnad i hemma-EM i februari. Palicka har dock haft skadeproblem under det senaste \u00e5ret som han tillbringat i norska Kolstad H\u00e5ndball.<\/p>\n<p>expand-left<\/p>\n<p>helsk\u00e4rm<img decoding=\"async\" class=\"image-asset hyperion-css-u06ts1\" data-test-tag=\"image-asset\" src=\"https:\/\/www.europesays.com\/se\/wp-content\/uploads\/2025\/12\/e0b8fdb3-0573-4598-ba90-46da76b23cbb.jpeg\"  alt=\"\"  loading=\"eager\" fetchpriority=\"high\" style=\"aspect-ratio:1900 \/ 1267\"\/> Foto: Mathias Bergeld \/ Bildbyr\u00e5n26. Sebastian Samuelsson, 28, skidskytte \u2013 2 procent<\/p>\n<p class=\"hyperion-css-1v9qo5x\">Slutade fyra i totala v\u00e4rldscupen s\u00e4songen 2024\/2025 och k\u00e4mpar i toppen \u00e4ven den h\u00e4r s\u00e4songen. Samuelsson har etablerat sig som en av v\u00e4rldens b\u00e4sta skidskyttar men lyckades inte ta n\u00e5gon individuell medalj i VM 2025.<\/p>\n<p>expand-left<\/p>\n<p>helsk\u00e4rm<img decoding=\"async\" class=\"image-asset hyperion-css-u06ts1\" data-test-tag=\"image-asset\" src=\"https:\/\/www.europesays.com\/se\/wp-content\/uploads\/2025\/12\/43c765ad-cc83-4bd5-97fd-e9512c7b04d0.jpeg\"  alt=\"\"  loading=\"eager\" fetchpriority=\"high\" style=\"aspect-ratio:1900 \/ 1267\"\/> Foto: Meli Petersson Ellafi \/ Bildbyr\u00e5n26. Jenny Rissveds, 31, mountainbike \u2013 2 procent<\/p>\n<p class=\"hyperion-css-1v9qo5x\">Rissveds har haft ett riktigt bra \u00e5r med b\u00e5de VM-guld och VM-silver i september. Hon tog silver i kortdistans och f\u00f6ljde upp det med guld p\u00e5 den olympiska distansen i mountainbike. Under sommaren tog hon ocks\u00e5 tv\u00e5 EM-guld.<\/p>\n<p>expand-left<\/p>\n<p>helsk\u00e4rm<img decoding=\"async\" class=\"image-asset hyperion-css-u06ts1\" data-test-tag=\"image-asset\" src=\"https:\/\/www.europesays.com\/se\/wp-content\/uploads\/2025\/12\/3d66d498-61c2-47f6-a9de-75b70594bc67.jpeg\"  alt=\"\"  loading=\"eager\" fetchpriority=\"high\" style=\"aspect-ratio:1900 \/ 1267\"\/> Foto: Aron Broman \/ Bildbyr\u00e5n26. Tove Alexandersson, 33, orientering \u2013 2 procent<\/p>\n<p class=\"hyperion-css-1v9qo5x\">Satsningen mot OS i skidalpinism misslyckades men Alexandersson \u00e4r alltj\u00e4mt en av de svenskar som prenumererar p\u00e5 flest internationella guldmedaljer. Under \u00e5ret tog hon VM-guld i orientering, trail running och skidalpinism.<\/p>\n<p>expand-left<\/p>\n<p>helsk\u00e4rm<img decoding=\"async\" class=\"image-asset hyperion-css-u06ts1\" data-test-tag=\"image-asset\" src=\"https:\/\/www.europesays.com\/se\/wp-content\/uploads\/2025\/12\/70eab666-d9d8-4c39-bb68-4b95b43adb63.jpeg\"  alt=\"\"  loading=\"eager\" fetchpriority=\"high\" style=\"aspect-ratio:1900 \/ 1267\"\/> Foto: Michael Conroy \/ AP26. Felix Rosenqvist, 34, motor \u2013 2 procent<\/p>\n<p class=\"hyperion-css-1v9qo5x\">Rosenqvist har g\u00e5tt f\u00f6rbi Marcus Ericsson och varit Sveriges b\u00e4ste Indycar-f\u00f6rare de senaste \u00e5ren. Han slutade sexa i Indycar 2025. En andraplats blev s\u00e4songens b\u00e4sta placering i en t\u00e4vling och han slutade femma i Indy 500.<\/p>\n<p>expand-left<\/p>\n<p>helsk\u00e4rm<img decoding=\"async\" class=\"image-asset hyperion-css-u06ts1\" data-test-tag=\"image-asset\" src=\"https:\/\/www.europesays.com\/se\/wp-content\/uploads\/2025\/12\/df7f1891-cfdf-4258-aecb-00934a2b9777.jpeg\"  alt=\"\"  loading=\"eager\" fetchpriority=\"high\" style=\"aspect-ratio:1900 \/ 1307\"\/> Foto: Paul Harding \/ Getty Images19. Dejan Kulusevski, 25, fotboll \u2013 3 procent<\/p>\n<p class=\"hyperion-css-1v9qo5x\">Har varit skadad under st\u00f6rre delen av \u00e5ret men var i alla fall med p\u00e5 v\u00e4gen mot Tottenhams Europa League-seger. Spelade inte alls under Sveriges misslyckade VM-kval och m\u00e5nga tummar h\u00e5lls f\u00f6r att han kan spela med landslaget i v\u00e5r.<\/p>\n<p>expand-left<\/p>\n<p>helsk\u00e4rm<img decoding=\"async\" class=\"image-asset hyperion-css-u06ts1\" data-test-tag=\"image-asset\" src=\"https:\/\/www.europesays.com\/se\/wp-content\/uploads\/2025\/12\/bdaf6ddf-b3d3-49fa-a95c-52297ac4cf01.jpeg\"  alt=\"\"  loading=\"eager\" fetchpriority=\"high\" style=\"aspect-ratio:1900 \/ 1267\"\/> Foto: Joel Marklund \/ Bildbyr\u00e5n19. Vanessa Kamga, 27, friidrott \u2013 3 procent<\/p>\n<p class=\"hyperion-css-1v9qo5x\">Kamga putsade det svenska rekordet i diskus flera g\u00e5nger under \u00e5ret. Hon kastade bland annat 66,61 meter i VM-finalen. I b\u00f6rjan av \u00e5ret prisades Kamga ocks\u00e5 p\u00e5 Idrottsgalan f\u00f6r sitt arbete med att f\u00e5 tjejer i socioekonomiskt utsatta omr\u00e5den att idrotta.<\/p>\n<p>expand-left<\/p>\n<p>helsk\u00e4rm<img decoding=\"async\" class=\"image-asset hyperion-css-u06ts1\" data-test-tag=\"image-asset\" src=\"https:\/\/www.europesays.com\/se\/wp-content\/uploads\/2025\/12\/4f641273-ad41-4199-9ed2-df144ef02dfa.jpeg\"  alt=\"\"  loading=\"eager\" fetchpriority=\"high\" style=\"aspect-ratio:1900 \/ 1267\"\/> Foto: Richard Sellers \/ Stella Pictures19. Johanna Rytting Kaneryd, 28, fotboll \u2013 3 procent<\/p>\n<p class=\"hyperion-css-1v9qo5x\">Prisades som \u00e5rets anfallare 2025 av Svenska fotbollf\u00f6rbundet och vann WSL med Chelsea s\u00e4songen 2024\/2025. Var ocks\u00e5 en av Sveriges b\u00e4sta spelare i sommarens EM.<\/p>\n<p>expand-left<\/p>\n<p>helsk\u00e4rm<img decoding=\"async\" class=\"image-asset hyperion-css-u06ts1\" data-test-tag=\"image-asset\" src=\"https:\/\/www.europesays.com\/se\/wp-content\/uploads\/2025\/12\/3a59b15f-14cc-4eff-bffc-6403f428c22a.jpeg\"  alt=\"\"  loading=\"eager\" fetchpriority=\"high\" style=\"aspect-ratio:1900 \/ 1267\"\/> Foto: Jesper Zerman \/ Bildbyr\u00e5n19. Erik Karlsson, 35, ishockey \u2013 3 procent<\/p>\n<p class=\"hyperion-css-1v9qo5x\">Forts\u00e4tter att vara en av NHL:s mest produktiva backar, \u00e4ven om po\u00e4ngen blivit n\u00e5got f\u00e4rre n\u00e4r Pittsburgh haft ett tufft \u00e5r. Karlsson beh\u00f6vde \u00e5terh\u00e4mta sig och tackade nej till att spela VM med Tre Kronor i maj.<\/p>\n<p>expand-left<\/p>\n<p>helsk\u00e4rm<img decoding=\"async\" class=\"image-asset hyperion-css-u06ts1\" data-test-tag=\"image-asset\" src=\"https:\/\/www.europesays.com\/se\/wp-content\/uploads\/2025\/12\/b8f710e9-0b7d-45ff-aeb2-8755cdb0de48.jpeg\"  alt=\"\"  loading=\"eager\" fetchpriority=\"high\" style=\"aspect-ratio:1900 \/ 1267\"\/> Foto: Mathias Bergeld \/ Bildbyr\u00e5n19. Ella Halvarsson, 26, skidskytte \u2013 3 procent<\/p>\n<p class=\"hyperion-css-1v9qo5x\">Halvarsson kom fr\u00e5n \u201dingenstans\u201d och blev en av de mest p\u00e5litliga svenska skidskyttarna f\u00f6rra vintern. Hon tog ett sensationellt VM-silver och \u00e4r nominerad till priset som \u00e5rets nykomling p\u00e5 Idrottsgalan.<\/p>\n<p>expand-left<\/p>\n<p>helsk\u00e4rm<img decoding=\"async\" class=\"image-asset hyperion-css-u06ts1\" data-test-tag=\"image-asset\" src=\"https:\/\/www.europesays.com\/se\/wp-content\/uploads\/2025\/12\/c1505405-1aad-4996-82d0-3b673023fb73.jpeg\"  alt=\"\"  loading=\"eager\" fetchpriority=\"high\" style=\"aspect-ratio:1900 \/ 1267\"\/> Foto: Daniel Eriksson \/ Bildbyr\u00e5n19. Stina Nilsson, 32, l\u00e4ngdskidor \u2013 3 procent<\/p>\n<p class=\"hyperion-css-1v9qo5x\">Nilssons byte fr\u00e5n l\u00e4ngdskidor till skidskytte var inte s\u00e5 l\u00e4tt men desto b\u00e4ttre gick det n\u00e4r hon bytte fr\u00e5n skidskytte till l\u00e5nglopp. Nilsson vann Vasaloppet redan under sin f\u00f6rsta s\u00e4song som l\u00e5nglopps\u00e5kare.<\/p>\n<p>expand-left<\/p>\n<p>helsk\u00e4rm<img decoding=\"async\" class=\"image-asset hyperion-css-u06ts1\" data-test-tag=\"image-asset\" src=\"https:\/\/www.europesays.com\/se\/wp-content\/uploads\/2025\/12\/5b465a8b-6149-4a33-ac42-68d6d9333392.jpeg\"  alt=\"\"  loading=\"eager\" fetchpriority=\"high\" style=\"aspect-ratio:1900 \/ 1267\"\/> Foto: Justin Setterfield \/ Getty Images19. Viktor Gy\u00f6keres, 27, fotboll \u2013 3 procent<\/p>\n<p class=\"hyperion-css-1v9qo5x\">Det dr\u00f6jde ett tag \u2013 men till sist flyttade Gy\u00f6keres fr\u00e5n Sporting till en av de st\u00f6rsta europeiska klubbarna. Han har inte \u00f6st in m\u00e5l under sin f\u00f6rsta h\u00f6st i Arsenal men har \u00e4nd\u00e5 f\u00e5tt ber\u00f6m f\u00f6r sina insatser.<\/p>\n<p>expand-left<\/p>\n<p>helsk\u00e4rm<img decoding=\"async\" class=\"image-asset hyperion-css-u06ts1\" data-test-tag=\"image-asset\" src=\"https:\/\/www.europesays.com\/se\/wp-content\/uploads\/2025\/12\/6266efa6-26e6-4bd8-9952-37ca73dd97dc.jpeg\"  alt=\"\"  loading=\"eager\" fetchpriority=\"high\" style=\"aspect-ratio:1900 \/ 1324\"\/> Foto: Maxim Thore \/ Bildbyr\u00e5n13. Alvar Myhlback, 19, l\u00e4ngdskidor \u2013 4 procent<\/p>\n<p class=\"hyperion-css-1v9qo5x\">Blev Vasaloppets yngste vinnare n\u00e5gonsin innan han hade fyllt 19 \u00e5r i mars. D\u00e4refter har Myhlback fortsatt imponera i skidsp\u00e5ret. Han tog sin f\u00f6rsta pallplats i v\u00e4rldscupen i en sprint i december.<\/p>\n<p>expand-left<\/p>\n<p>helsk\u00e4rm<img decoding=\"async\" class=\"image-asset hyperion-css-u06ts1\" data-test-tag=\"image-asset\" src=\"https:\/\/www.europesays.com\/se\/wp-content\/uploads\/2025\/12\/6ce8cd63-7aba-4c13-be74-d7f5c040fbcd.jpeg\"  alt=\"\"  loading=\"eager\" fetchpriority=\"high\" style=\"aspect-ratio:1900 \/ 1273\"\/> Foto: Michael Errey \/ Bildbyr\u00e5n13. Jonatan Hellvig, 24, och David \u00c5hman, 24, beachvolley \u2013 4 procent<\/p>\n<p class=\"hyperion-css-1v9qo5x\">Succ\u00e9duon bel\u00f6nades med Bragdguldet efter ytterligare ett framg\u00e5ngsrikt \u00e5r. OS-guldet 2024 f\u00f6ljdes upp av VM-guld 2025. \u00c5hman och Hellvig vann den helsvenska finalen mot Jacob H\u00f6lting och Elmer Andersson.<\/p>\n<p>expand-left<\/p>\n<p>helsk\u00e4rm<img decoding=\"async\" class=\"image-asset hyperion-css-u06ts1\" data-test-tag=\"image-asset\" src=\"https:\/\/www.europesays.com\/se\/wp-content\/uploads\/2025\/12\/64d541ea-1ce1-4b2f-958f-a81c4f936099.jpeg\"  alt=\"\"  loading=\"eager\" fetchpriority=\"high\" style=\"aspect-ratio:1900 \/ 1267\"\/> Foto: Emma Wallskog \/ Bildbyr\u00e5n13. Fridolina Rolf\u00f6, 32, fotboll \u2013 4 procent<\/p>\n<p class=\"hyperion-css-1v9qo5x\">Har varit en av Sveriges st\u00f6rsta fotbollsstj\u00e4rnor i m\u00e5nga \u00e5r nu. \u00c5kte p\u00e5 en skada just innan EM men hann tillbaka och spelade tre matcher i m\u00e4sterskapet. Bytte Barcelona mot Manchester United i somras.<\/p>\n<p>expand-left<\/p>\n<p>helsk\u00e4rm<img decoding=\"async\" class=\"image-asset hyperion-css-u06ts1\" data-test-tag=\"image-asset\" src=\"https:\/\/www.europesays.com\/se\/wp-content\/uploads\/2025\/12\/73e1da1b-b261-4921-97d8-3ca6190ea4cc.jpeg\"  alt=\"\"  loading=\"eager\" fetchpriority=\"high\" style=\"aspect-ratio:1900 \/ 1267\"\/> Foto: Jesper Zerman \/ Bildbyr\u00e5n13. Henrik von Eckermann, 44, ridsport \u2013 4 procent<\/p>\n<p class=\"hyperion-css-1v9qo5x\">Tog flera internationella segrar under \u00e5ret. Bland annat Gothenburg Trophy. Under \u00e5ret var von Eckermann ocks\u00e5 l\u00e4nge etta p\u00e5 v\u00e4rldsrankningen.<\/p>\n<p>expand-left<\/p>\n<p>helsk\u00e4rm<img decoding=\"async\" class=\"image-asset hyperion-css-u06ts1\" data-test-tag=\"image-asset\" src=\"https:\/\/www.europesays.com\/se\/wp-content\/uploads\/2025\/12\/fa8b09f3-7f75-4aab-9e1a-99f50baf1cba.jpeg\"  alt=\"\"  loading=\"eager\" fetchpriority=\"high\" style=\"aspect-ratio:1900 \/ 1267\"\/> Foto: Mathias Bergeld \/ Bildbyr\u00e5n13. Anna Magnusson, 30, skidskytte \u2013 4 procent<\/p>\n<p class=\"hyperion-css-1v9qo5x\">Slog igenom med dunder och brak i slutet av \u00e5ret n\u00e4r hon inledde v\u00e4rldscups\u00e4songen 2025\/2026 med att rada upp pallplatser. Det gjorde henne ocks\u00e5 till ledare av den totala v\u00e4rldscupen.<\/p>\n<p>expand-left<\/p>\n<p>helsk\u00e4rm<img decoding=\"async\" class=\"image-asset hyperion-css-u06ts1\" data-test-tag=\"image-asset\" src=\"https:\/\/www.europesays.com\/se\/wp-content\/uploads\/2025\/12\/39b4b151-64e6-4e5a-a30f-6f1f97cb0ed3.jpeg\"  alt=\"\"  loading=\"eager\" fetchpriority=\"high\" style=\"aspect-ratio:1900 \/ 1267\"\/> Foto: Mathias Bergeld \/ Bildbyr\u00e5n13. Hanna \u00d6berg, 30, skidskytte \u2013 4 procent<\/p>\n<p class=\"hyperion-css-1v9qo5x\">Tog nyss sin f\u00f6rsta v\u00e4rldscupseger p\u00e5 n\u00e4stan tre \u00e5r, vilket var mycket efterl\u00e4ngtat. \u00d6berg har haft ett par tyngre \u00e5r men starten p\u00e5 s\u00e4songen 2025\/2026 \u00e4r lovande inf\u00f6r OS i februari.<\/p>\n<p>expand-left<\/p>\n<p>helsk\u00e4rm<img decoding=\"async\" class=\"image-asset hyperion-css-u06ts1\" data-test-tag=\"image-asset\" src=\"https:\/\/www.europesays.com\/se\/wp-content\/uploads\/2025\/12\/cf494c84-bcb6-4942-8415-078d468b313b.jpeg\"  alt=\"\"  loading=\"eager\" fetchpriority=\"high\" style=\"aspect-ratio:1900 \/ 1267\"\/> Foto: Petter Arvidson \/ Bildbyr\u00e5n10. Peder Fredricson, 53, ridsport \u2013 5 procent<\/p>\n<p class=\"hyperion-css-1v9qo5x\">En av \u00e5rets stora nyheter var att Fredricsons trogna OS- och v\u00e4rldscuph\u00e4st Catch Me Not S gick i pension. Samtidigt blev \u00e5ret ett framg\u00e5ngsrikt t\u00e4vlings\u00e5r med GP-segrar, pallplatser i v\u00e4rldscupen och en lagseger i Global Champions League.<\/p>\n<p>expand-left<\/p>\n<p>helsk\u00e4rm<img decoding=\"async\" class=\"image-asset hyperion-css-u06ts1\" data-test-tag=\"image-asset\" src=\"https:\/\/www.europesays.com\/se\/wp-content\/uploads\/2025\/12\/e53e1e6a-cd2c-4dab-a8b6-57e6ac0f58d6.jpeg\"  alt=\"\"  loading=\"eager\" fetchpriority=\"high\" style=\"aspect-ratio:1900 \/ 1267\"\/> Foto: Mathias Bergeld \/ Bildbyr\u00e5n10. Elvira \u00d6berg, 26, skidskytte \u2013 5 procent<\/p>\n<p class=\"hyperion-css-1v9qo5x\">I VM i Lenzerheide i februari tog \u00d6berg sina f\u00f6rsta individuella guld- och silvermedaljer i karri\u00e4ren. Dessutom tog hon brons i damernas stafett. I den totala v\u00e4rldscupen 2024\/2025 slutade hon p\u00e5 fj\u00e4rde plats.<\/p>\n<p>expand-left<\/p>\n<p>helsk\u00e4rm<img decoding=\"async\" class=\"image-asset hyperion-css-u06ts1\" data-test-tag=\"image-asset\" src=\"https:\/\/www.europesays.com\/se\/wp-content\/uploads\/2025\/12\/b4bce347-783b-41c4-9db5-1fc603e27c53.jpeg\"  alt=\"\"  loading=\"eager\" fetchpriority=\"high\" style=\"aspect-ratio:1900 \/ 1267\"\/> Foto: Pontus Orre10. Ludvig \u00c5berg, 26, golf \u2013 5 procent<\/p>\n<p class=\"hyperion-css-1v9qo5x\">Ryder Cup blev \u00c5bergs stora h\u00f6jdpunkt under \u00e5ret. Han spelade en nyckelroll n\u00e4r Europa lyckades vinna p\u00e5 amerikansk mark. Det var f\u00f6rsta g\u00e5ngen sedan 2012 som ett lag vann bucklan p\u00e5 det andra lagets kontinent.<\/p>\n<p>expand-left<\/p>\n<p>helsk\u00e4rm<img decoding=\"async\" class=\"image-asset hyperion-css-u06ts1\" data-test-tag=\"image-asset\" src=\"https:\/\/www.europesays.com\/se\/wp-content\/uploads\/2025\/12\/ea028e0a-eaf4-495c-9997-063cdbadaecd.jpeg\"  alt=\"\"  loading=\"eager\" fetchpriority=\"high\" style=\"aspect-ratio:1900 \/ 1267\"\/> Foto: Maxim Thore \/ Bildbyr\u00e5n8. Ebba Andersson, 28, l\u00e4ngdskidor \u2013 6 procent<\/p>\n<p class=\"hyperion-css-1v9qo5x\">Andersson har gjort det till sin grej att pricka formen n\u00e4r det vankas stora m\u00e4sterskap. I VM i Trondheim tog hon tre guld och skulle nog ha tagit ytterligare en medalj om hon inte hade fallit i slutet av femmilen.<\/p>\n<p>expand-left<\/p>\n<p>helsk\u00e4rm<img decoding=\"async\" class=\"image-asset hyperion-css-u06ts1\" data-test-tag=\"image-asset\" src=\"https:\/\/www.europesays.com\/se\/wp-content\/uploads\/2025\/12\/8b7dbd26-1082-4e69-971f-5f2a0b00dccf.jpeg\"  alt=\"\"  loading=\"eager\" fetchpriority=\"high\" style=\"aspect-ratio:1900 \/ 1267\"\/> Foto: Pontus Orre8. Alexander Isak, 26, fotboll \u2013 6 procent<\/p>\n<p class=\"hyperion-css-1v9qo5x\">2025 har b\u00e5de inneh\u00e5llit ett h\u00f6gt berg och en djup dal. Isak \u00f6ste in m\u00e5l p\u00e5 v\u00e5ren n\u00e4r Newcastle vann sin f\u00f6rsta titel (ligacupen) p\u00e5 70 \u00e5r, men h\u00f6sten efter \u00f6verg\u00e5ngen till Liverpool var riktigt tung.<\/p>\n<p>expand-left<\/p>\n<p>helsk\u00e4rm<img decoding=\"async\" class=\"image-asset hyperion-css-u06ts1\" data-test-tag=\"image-asset\" src=\"https:\/\/www.europesays.com\/se\/wp-content\/uploads\/2025\/12\/fa04d8b3-1098-4d0b-947e-8dafbc005cca.jpeg\"  alt=\"\"  loading=\"eager\" fetchpriority=\"high\" style=\"aspect-ratio:1900 \/ 1267\"\/> Foto: Maxim Thore \/ Bildbyr\u00e5n6. Frida Karlsson, 26, l\u00e4ngdskidor \u2013 7 procent<\/p>\n<p class=\"hyperion-css-1v9qo5x\">Karlsson hamnade fyra p\u00e5 listan f\u00f6rra \u00e5ret och har fallit ner n\u00e5gra placeringar trots den imponerande segern i VM-femmilen. Karlsson led av skadeproblem hela f\u00f6rra vintern men lyckades \u00e4nd\u00e5 kn\u00e4cka Therese Johaug.<\/p>\n<p>expand-left<\/p>\n<p>helsk\u00e4rm<img decoding=\"async\" class=\"image-asset hyperion-css-u06ts1\" data-test-tag=\"image-asset\" src=\"https:\/\/www.europesays.com\/se\/wp-content\/uploads\/2025\/12\/8e06e120-542d-4ccd-bb8a-f9ab07f1adab.jpeg\"  alt=\"\"  loading=\"eager\" fetchpriority=\"high\" style=\"aspect-ratio:1900 \/ 1267\"\/> Foto: Ludvig Thunman \/ Bildbyr\u00e5n6. Kosovare Asllani, 36, fotboll \u2013 7 procent<\/p>\n<p class=\"hyperion-css-1v9qo5x\">Var med och spelade upp London City Lionesses till Women\u2019s Super League och \u00e4r fortfarande en nyckelspelare i b\u00e5de klubb- och landslag. Gjorde ett starkt EM-slutspel i somras med tv\u00e5 m\u00e5l och tre assist p\u00e5 fyra matcher.<\/p>\n<p>expand-left<\/p>\n<p>helsk\u00e4rm<img decoding=\"async\" class=\"image-asset hyperion-css-u06ts1\" data-test-tag=\"image-asset\" src=\"https:\/\/www.europesays.com\/se\/wp-content\/uploads\/2025\/12\/1b6d5595-1994-419c-9eef-187627dce4ce.jpeg\"  alt=\"\"  loading=\"eager\" fetchpriority=\"high\" style=\"aspect-ratio:1900 \/ 1267\"\/> Foto: Maxim Thore \/ Bildbyr\u00e5n5. Jonna Sundling, 30, l\u00e4ngdskidor \u2013 9 procent<\/p>\n<p class=\"hyperion-css-1v9qo5x\">Sundling \u00e4r kvinnan att sl\u00e5 n\u00e4r det \u00e4r sprint i m\u00e4sterskap. Hon tog guld i b\u00e5de individuell sprint och sprintstafett i VM i Trondheim. Dessutom tog hon brons i skiathlon och gjorde en j\u00e4tteupph\u00e4mtning p\u00e5 sista str\u00e4ckan n\u00e4r Sverige vann guld i damernas stafett.<\/p>\n<p>expand-left<\/p>\n<p>helsk\u00e4rm<img decoding=\"async\" class=\"image-asset hyperion-css-u06ts1\" data-test-tag=\"image-asset\" src=\"https:\/\/www.europesays.com\/se\/wp-content\/uploads\/2025\/12\/2948335e-435a-4522-93b7-69c96312468b.jpeg\"  alt=\"\"  loading=\"eager\" fetchpriority=\"high\" style=\"aspect-ratio:1900 \/ 1267\"\/> Foto: Joel Marklund \/ Bildbyr\u00e5n4. Daniel St\u00e5hl, 33, friidrott \u2013 11 procent<\/p>\n<p class=\"hyperion-css-1v9qo5x\">F\u00f6rra \u00e5ret slutade St\u00e5hl p\u00e5 en delad 18:e-plats och han \u00e4r den stora raketen p\u00e5 listan. Under 2025 visade den svenske diskuskastaren \u00e5terigen att han \u00e4r kungen av stora m\u00e4sterskap n\u00e4r han hanterade regnkaoset i Tokyo b\u00e4ttre \u00e4n konkurrenterna. Han vann sitt tredje VM-guld.<\/p>\n<p>expand-left<\/p>\n<p>helsk\u00e4rm<img decoding=\"async\" class=\"image-asset hyperion-css-u06ts1\" data-test-tag=\"image-asset\" src=\"https:\/\/www.europesays.com\/se\/wp-content\/uploads\/2025\/12\/322f3b2a-16e8-45b2-93a6-86a4e4dacadf.jpeg\"  alt=\"\"  loading=\"eager\" fetchpriority=\"high\" style=\"aspect-ratio:1900 \/ 1267\"\/> Foto: Emma Wallskog \/ Bildbyr\u00e5n3. Sarah Sj\u00f6str\u00f6m, 32, simning \u2013 18 procent<\/p>\n<p class=\"hyperion-css-1v9qo5x\">Tredje plats och 18 procent \u2013 precis som f\u00f6rra \u00e5ret. Sarah Sj\u00f6str\u00f6m \u00e4r fortfarande popul\u00e4r hos svenska folket trots att hon inte har t\u00e4vlat under 2025. I augusti blev Sj\u00f6str\u00f6m mamma till en pojke.<\/p>\n<p>expand-left<\/p>\n<p>helsk\u00e4rm<img decoding=\"async\" class=\"image-asset hyperion-css-u06ts1\" data-test-tag=\"image-asset\" src=\"https:\/\/www.europesays.com\/se\/wp-content\/uploads\/2025\/12\/ed3dbb41-3adf-42b0-9f0f-01acd25a56dd.jpeg\"  alt=\"\"  loading=\"eager\" fetchpriority=\"high\" style=\"aspect-ratio:1900 \/ 1148\"\/> Foto: Petter Arvidson \/ Bildbyr\u00e5n2. Truls M\u00f6reg\u00e5rdh, 23, bordtennis \u2013 21 procent<\/p>\n<p class=\"hyperion-css-1v9qo5x\">Efter det framg\u00e5ngsrika OS-\u00e5ret 2024 har M\u00f6reg\u00e5rdh fortsatt spela pingis p\u00e5 h\u00f6g niv\u00e5. Han tog karri\u00e4rens st\u00f6rsta titel hittills n\u00e4r han vann mot v\u00e4rldsettan Lin Shidong i WTT Europe Smash i Malm\u00f6 i augusti.<\/p>\n<p>expand-left<\/p>\n<p>helsk\u00e4rm<img decoding=\"async\" class=\"image-asset hyperion-css-u06ts1\" data-test-tag=\"image-asset\" src=\"https:\/\/www.europesays.com\/se\/wp-content\/uploads\/2025\/12\/ef91447b-4303-4964-923e-5b772d42fe23.jpeg\"  alt=\"\"  loading=\"eager\" fetchpriority=\"high\" style=\"aspect-ratio:1900 \/ 1267\"\/> Foto: Vegard Gr\u00f8tt \/ Bildbyr\u00e5n1. Mondo Duplantis, 26, friidrott \u2013 31 procent<\/p>\n<p class=\"hyperion-css-1v9qo5x\">Att Duplantis toppar listan f\u00f6r sj\u00e4tte \u00e5ret i rad \u00e4r ingen skr\u00e4ll. Under 2025 putsade han sitt v\u00e4rldsrekord i stavhopp p\u00e5 svensk mark f\u00f6r f\u00f6rsta g\u00e5ngen. Sedan n\u00e5dde han dr\u00f6mgr\u00e4nsen 6,30 meter i VM i Tokyo.<\/p>\n<p>FAKTAS\u00e5 gjordes unders\u00f6kningen<\/p>\n<p class=\"hyperion-css-jonaf8\">Unders\u00f6kningen \u00e4r gjord av Demoskop p\u00e5 uppdrag av Aftonbladet inom ramen f\u00f6r Iniziopanelen som speglar svenska folket. M\u00e5lgruppen \u00e4r allm\u00e4nheten 16 \u00e5r och \u00e4ldre. Unders\u00f6kningen omfattar 1 046 intervjuer under perioden 12 dec \u2013 18 dec, 2025 och \u00e4r genomf\u00f6rd som en webbunders\u00f6kning. Urvalet \u00e4r pre-stratifierat och v\u00e4gt p\u00e5 \u00e5lder, k\u00f6n, region och parti i f\u00f6reg\u00e5ende val.<\/p>\n<p>L\u00e4s mer<\/p>\n","protected":false},"excerpt":{"rendered":"Uppdaterad 00.19 | Publicerad 00.05 share-arrowDela unsaveSpara Lyssna p\u00e5 artikelnLyssna p\u00e5&#8230; expand-left helsk\u00e4rm Det finns m\u00e5nga omtyckta svenska&hellip;\n","protected":false},"author":2,"featured_media":121358,"comment_status":"","ping_status":"","sticky":false,"template":"","format":"standard","meta":{"footnotes":""},"categories":[5],"tags":[22,23,26,27,17,21,24,25,28,29,15,16,18,34,31,33,32,30,19,20],"class_list":{"0":"post-121357","1":"post","2":"type-post","3":"status-publish","4":"format-standard","5":"has-post-thumbnail","7":"category-rubriker","8":"tag-breaking-news","9":"tag-breakingnews","10":"tag-featured-news","11":"tag-featurednews","12":"tag-headlines","13":"tag-huvudnyheter","14":"tag-latest-news","15":"tag-latestnews","16":"tag-main-news","17":"tag-mainnews","18":"tag-news","19":"tag-nyheter","20":"tag-rubriker","21":"tag-se","22":"tag-svenska","23":"tag-sverige","24":"tag-sweden","25":"tag-swedish","26":"tag-top-stories","27":"tag-topstories"},"share_on_mastodon":{"url":"https:\/\/pubeurope.com\/@se\/115812237932654972","error":""},"_links":{"self":[{"href":"https:\/\/www.europesays.com\/se\/wp-json\/wp\/v2\/posts\/121357","targetHints":{"allow":["GET"]}}],"collection":[{"href":"https:\/\/www.europesays.com\/se\/wp-json\/wp\/v2\/posts"}],"about":[{"href":"https:\/\/www.europesays.com\/se\/wp-json\/wp\/v2\/types\/post"}],"author":[{"embeddable":true,"href":"https:\/\/www.europesays.com\/se\/wp-json\/wp\/v2\/users\/2"}],"replies":[{"embeddable":true,"href":"https:\/\/www.europesays.com\/se\/wp-json\/wp\/v2\/comments?post=121357"}],"version-history":[{"count":0,"href":"https:\/\/www.europesays.com\/se\/wp-json\/wp\/v2\/posts\/121357\/revisions"}],"wp:featuredmedia":[{"embeddable":true,"href":"https:\/\/www.europesays.com\/se\/wp-json\/wp\/v2\/media\/121358"}],"wp:attachment":[{"href":"https:\/\/www.europesays.com\/se\/wp-json\/wp\/v2\/media?parent=121357"}],"wp:term":[{"taxonomy":"category","embeddable":true,"href":"https:\/\/www.europesays.com\/se\/wp-json\/wp\/v2\/categories?post=121357"},{"taxonomy":"post_tag","embeddable":true,"href":"https:\/\/www.europesays.com\/se\/wp-json\/wp\/v2\/tags?post=121357"}],"curies":[{"name":"wp","href":"https:\/\/api.w.org\/{rel}","templated":true}]}}