{"id":121363,"date":"2025-12-31T04:22:11","date_gmt":"2025-12-31T04:22:11","guid":{"rendered":"https:\/\/www.europesays.com\/se\/121363\/"},"modified":"2025-12-31T04:22:11","modified_gmt":"2025-12-31T04:22:11","slug":"over-en-miljon-insamlat-till-dottrarna","status":"publish","type":"post","link":"https:\/\/www.europesays.com\/se\/121363\/","title":{"rendered":"\u00d6ver en miljon insamlat till d\u00f6ttrarna"},"content":{"rendered":"<p><a data-test-tag=\"internal-link\" href=\"https:\/\/www.aftonbladet.se\/av\/nora-fernstedt\" class=\"hyperion-css-13ns1rr\" rel=\"nofollow noopener\" target=\"\" aria-label=\"Se alla artiklar av Nora Fernstedt\"><img decoding=\"async\" class=\"image-asset hyperion-css-n6kkq1\" data-test-tag=\"image-asset\" src=\"https:\/\/www.europesays.com\/se\/wp-content\/uploads\/2025\/12\/1767154930_445_4898f780-21e5-4fc9-aaf6-8b2690fbf32e.png\"  alt=\"\"  loading=\"lazy\" fetchpriority=\"auto\" style=\"aspect-ratio:1900 \/ 1900\"\/><\/a><\/p>\n<p class=\"boxtextgrotesk-root_baa6 hyperion-css-7pajle\">Publicerad 2025-12-30 23.14<\/p>\n<p>share-arrowDela<\/p>\n<p>unsaveSpara<\/p>\n<p>expand-left<\/p>\n<p>helsk\u00e4rm<img decoding=\"async\" class=\"image-asset hyperion-css-u06ts1\" data-test-tag=\"image-asset\" src=\"https:\/\/www.europesays.com\/se\/wp-content\/uploads\/2025\/12\/11d74cb9-d53e-4333-b469-d1d7691ff207.jpeg\"  alt=\"T\u00e4nda ljus f\u00f6r den 55-\u00e5riga kvinnan.\"  loading=\"eager\" fetchpriority=\"high\" style=\"aspect-ratio:1900 \/ 971\"\/>T\u00e4nda ljus f\u00f6r den 55-\u00e5riga kvinnan. Foto: Stefan Jerrev\u00e5ng<\/p>\n<p class=\"hyperion-css-1shl3oz\" data-test-tag=\"lead-text\">En familj f\u00f6rlorade sin mamma i ett vansinnesd\u00e5d p\u00e5 juldagen.<\/p>\n<p class=\"hyperion-css-1shl3oz\" data-test-tag=\"lead-text\">Nu har \u00f6ver 1,7 miljoner kronor samlats in till d\u00f6ttrarna.<\/p>\n<p class=\"hyperion-css-1shl3oz\" data-test-tag=\"lead-text\">\u2013 Det \u00e4r j\u00e4ttefint att det finns s\u00e5 mycket drivkraft och vilja att hj\u00e4lpa till, s\u00e4ger \u00c5sa Jonsson, 37, som startat insamlingen. <\/p>\n<p class=\"hyperion-css-1v9qo5x\">P\u00e5 juldagsmorgonen ringde en 22-\u00e5rig man p\u00e5 d\u00f6rren hos familjen i <a data-test-tag=\"internal-link\" href=\"https:\/\/www.aftonbladet.se\/lokala-nyheter\/boden\" class=\"hyperion-css-15jkft9\" rel=\"nofollow noopener\" target=\"\" aria-label=\"Boden\">Boden<\/a>. <\/p>\n<p class=\"hyperion-css-1v9qo5x\">Exakt vad som h\u00e4nde \u00e4r fortfarande oklart. Men efter att ha befunnit sig i bostaden i flera timmar sk\u00f6ts den misst\u00e4nkta 22-\u00e5ringen ihj\u00e4l av polis.<\/p>\n<p class=\"hyperion-css-1v9qo5x\">Han hade d\u00e5 m\u00f6rdat en 55-\u00e5rig kvinna och skadat hennes tv\u00e5 ton\u00e5rsd\u00f6ttrar. <\/p>\n<p class=\"hyperion-css-1v9qo5x\">Polisen har inte kunnat hitta n\u00e5gon koppling mellan g\u00e4rningsmannen och familjen.<\/p>\n<p>expand-left<\/p>\n<p>helsk\u00e4rm<img decoding=\"async\" class=\"image-asset hyperion-css-u06ts1\" data-test-tag=\"image-asset\" src=\"https:\/\/www.europesays.com\/se\/wp-content\/uploads\/2025\/12\/0e7e3144-d9c2-4734-9153-f81e4a71679a.jpeg\"  alt=\"\u201dDet k\u00e4nns fint att kunna hj\u00e4lpa till tillsammans med s\u00e5 m\u00e5nga andra\u201d, s\u00e4ger \u00c5sa Jonsson.\"  loading=\"eager\" fetchpriority=\"high\" style=\"aspect-ratio:1900 \/ 1569\"\/>\u201dDet k\u00e4nns fint att kunna hj\u00e4lpa till tillsammans med s\u00e5 m\u00e5nga andra\u201d, s\u00e4ger \u00c5sa Jonsson. Foto: PrivatVille hj\u00e4lpa till<\/p>\n<p class=\"hyperion-css-1v9qo5x\">H\u00e4ndelsen, som polisen kallar ett vansinnesd\u00e5d, har skakat om Sverige.<\/p>\n<p class=\"hyperion-css-1v9qo5x\">Influencern \u00c5sa Jonsson, 37, som bor i Lule\u00e5 men ursprungligen kommer fr\u00e5n Arjeplog, kunde inte sluta t\u00e4nka p\u00e5 det som h\u00e4nt.<\/p>\n<p class=\"hyperion-css-1v9qo5x\">\u2013 Jag och m\u00e5nga andra \u00e4r otroligt illa ber\u00f6rda av det som h\u00e4nde i Boden. Man \u00e4r i total best\u00f6rtning. Jag har g\u00e5tt och t\u00e4nkt p\u00e5 det \u00e4nda sen jul. I g\u00e5r kv\u00e4ll hade jag sv\u00e5rt att sova och k\u00e4nde att det m\u00e5ste g\u00e5 att hj\u00e4lpa till p\u00e5 n\u00e5got s\u00e4tt. Och d\u00e5 t\u00e4nkte jag p\u00e5 den h\u00e4r plattformen jag har, s\u00e4ger \u00c5sa.<\/p>\n<p class=\"hyperion-css-1v9qo5x\">Hon fick hj\u00e4lp att komma i kontakt med n\u00e4rst\u00e5ende till familjen och startade sedan en insamling p\u00e5 <a aria-label=\"Gofundme\" class=\"default hyperion-css-15jkft9\" href=\"https:\/\/www.gofundme.com\/f\/for-dottrarna-i-boden\" rel=\"noopener nofollow noreferrer\" data-test-tag=\"external-link\" target=\"_blank\">Gofundme<\/a>.<\/p>\n<p class=\"hyperion-css-1v9qo5x\">M\u00e5let var f\u00f6rst att samla in 100\u00a0000 kronor. Vid 23-tiden p\u00e5 tisdagen hade insamlingen passerat 1,7 miljoner kronor.<\/p>\n<p class=\"hyperion-css-1v9qo5x\">\u2013 Nu vet jag att det h\u00e4r kommer kunna hj\u00e4lpa till, litegrann i en v\u00e4ldigt tuff situation. Ingenting tar bort trauma eller sorg, men det kan g\u00f6ra att det \u00e4r l\u00e4ttare att andas. F\u00f6r att ekonomin \u00e4r p\u00e5 plats helt enkelt, s\u00e4ger \u00c5sa.<\/p>\n<p>expand-left<\/p>\n<p>helsk\u00e4rm<img decoding=\"async\" class=\"image-asset hyperion-css-u06ts1\" data-test-tag=\"image-asset\" src=\"https:\/\/www.europesays.com\/se\/wp-content\/uploads\/2025\/12\/3ea4bdde-91a2-49ca-b40b-717176712dd4.jpeg\"  alt=\"Insamlingen passerade 1,7 miljoner kronor p\u00e5 tisdagskv\u00e4llen.\"  loading=\"eager\" fetchpriority=\"high\" style=\"aspect-ratio:1155 \/ 844\"\/>Insamlingen passerade 1,7 miljoner kronor p\u00e5 tisdagskv\u00e4llen.\u201dSom en skr\u00e4ckfilm\u201d<\/p>\n<p class=\"hyperion-css-1v9qo5x\">Advokat Anna Melander \u00e4r m\u00e5ls\u00e4garbitr\u00e4de f\u00f6r de b\u00e5da d\u00f6ttrarna i Boden. En av dem v\u00e5rdas fortfarande p\u00e5 sjukhus och har \u00e4nnu inte kunnat f\u00f6rh\u00f6ras. Skadel\u00e4get beskrivs enligt m\u00e5ls\u00e4garbitr\u00e4det som allvarligt men stabilt.<\/p>\n<p class=\"hyperion-css-1v9qo5x\">\u2013 De har utsatts f\u00f6r fruktansv\u00e4rda g\u00e4rningar. Jag kan inte g\u00e5 in p\u00e5 det mer \u00e4n s\u00e5. Men polis och \u00e5klagare har ju g\u00e5tt ut med del information, det finns ett klarlagt h\u00e4ndelsef\u00f6rlopp, s\u00e4ger Anna Melander.<\/p>\n<p class=\"hyperion-css-1v9qo5x\">\u2013 Det \u00e4r som en skr\u00e4ckfilm, s\u00e5 kan man likna det. Jag har inte varit med om n\u00e5got liknande. <\/p>\n<p>chevron-leftf\u00f6reg\u00e5ende<\/p>\n<ul class=\"carousel-container-viewport\" style=\"transform:translate3d(0%, 0, 0)\">\n<li class=\"carousel-slide\" style=\"z-index:1;filter:none(1);padding-bottom:78.36842%\"><img decoding=\"async\" class=\"image-asset hyperion-css-u06ts1\" data-test-tag=\"image-asset\" src=\"https:\/\/www.europesays.com\/se\/wp-content\/uploads\/2025\/12\/92e16ef5-e388-4b66-8176-69d5389a49ee.jpeg\"  alt=\"Polisens tekniker p\u00e5 brottsplatsen i Boden.\"  fetchpriority=\"auto\" style=\"aspect-ratio:1900 \/ 1489\"\/><\/li>\n<li class=\"carousel-slide\" style=\"filter:none(0.3);padding-bottom:78.36842%\"><img decoding=\"async\" class=\"image-asset hyperion-css-u06ts1\" data-test-tag=\"image-asset\" src=\"https:\/\/www.europesays.com\/se\/wp-content\/uploads\/2025\/12\/9237b7ee-09a1-47c2-9e8d-9b0f35ccf0bc.jpeg\"  alt=\"\"  fetchpriority=\"auto\" style=\"aspect-ratio:1900 \/ 1421\"\/><\/li>\n<\/ul>\n<p>expand-left<\/p>\n<p>helsk\u00e4rmchevron-rightn\u00e4staPolisens tekniker p\u00e5 plats efter vansinnesd\u00e5det.<\/p>\n<p>1 \/ 2Foto: Stefan Jerrev\u00e5ng<\/p>\n<p>\u00c5klagaren: Pusslet forts\u00e4tter<\/p>\n<p class=\"hyperion-css-1v9qo5x\">\u00c5klagare Kristin Andersson leder f\u00f6runders\u00f6kningen.<\/p>\n<p class=\"hyperion-css-1v9qo5x\">\u2013 Pussell\u00e4ggningen forts\u00e4tter och man h\u00e5ller p\u00e5 att g\u00e5 igenom telefoner och unders\u00f6ka beslag och det h\u00e5lls f\u00f6rh\u00f6r. Det \u00e4r en hel del sedvanliga utrednings\u00e5tg\u00e4rder i ett s\u00e5nt h\u00e4r grovt brott, s\u00e4ger hon. <\/p>\n<p class=\"hyperion-css-1v9qo5x\">En viktig del i utredningen handlar om att f\u00f6rs\u00f6ka f\u00e5 fram ett motiv.<\/p>\n<p class=\"hyperion-css-1v9qo5x\">\u2013 Vi har hittills f\u00e5tt ganska mycket information kring vad som har h\u00e4nt p\u00e5 platsen, men det vi inte vet \u00e4r varf\u00f6r den h\u00e4r misst\u00e4nkta har kommit till det h\u00e4r huset. Det \u00e4r av den anledningen som man s\u00f6ker genom beslagtagna telefoner.<\/p>\n<p class=\"hyperion-css-1v9qo5x\">Hittills har utredarna inte kunnat hitta n\u00e5gon koppling mellan den misst\u00e4nkta g\u00e4rningsmannen och den drabbade familjen.<\/p>\n<p>expand-left<\/p>\n<p>helsk\u00e4rm<img decoding=\"async\" class=\"image-asset hyperion-css-u06ts1\" data-test-tag=\"image-asset\" src=\"https:\/\/www.europesays.com\/se\/wp-content\/uploads\/2025\/12\/586c5cfd-9b76-434e-a3e5-c94c0b2a188b.jpeg\"  alt=\"\"  loading=\"eager\" fetchpriority=\"high\" style=\"aspect-ratio:1900 \/ 956\"\/> Foto: Stefan Jerrev\u00e5ngEna dottern kvar p\u00e5 sjukhus<\/p>\n<p class=\"hyperion-css-1v9qo5x\">Ett f\u00f6rsta f\u00f6rh\u00f6r har h\u00e5llits med dottern som har kunnat l\u00e4mna sjukhuset.<\/p>\n<p class=\"hyperion-css-1v9qo5x\">\u2013 Vi har vissa uppgifter men ingenting som vi kommer att g\u00e5 ut med nu, s\u00e4ger Kristin Andersson.<\/p>\n<p class=\"hyperion-css-1v9qo5x\">Dotterns ber\u00e4ttelse \u00e4r de enda muntliga uppgifterna utredarna har att g\u00e5 p\u00e5 just om vad som h\u00e4nde i bostaden.<\/p>\n<p class=\"hyperion-css-1v9qo5x\">\u2013 Sedan finns det andra sp\u00e5r att g\u00e5 p\u00e5, utifr\u00e5n fynd p\u00e5 brottsplatsen och brottsplatsunders\u00f6kningen.<\/p>\n<p class=\"hyperion-css-1v9qo5x\">Det finns inget som tyder p\u00e5 att det varit fler \u00e4n en g\u00e4rningsman.<\/p>\n","protected":false},"excerpt":{"rendered":"Publicerad 2025-12-30 23.14 share-arrowDela unsaveSpara expand-left helsk\u00e4rmT\u00e4nda ljus f\u00f6r den 55-\u00e5riga kvinnan. Foto: Stefan Jerrev\u00e5ng En familj f\u00f6rlorade&hellip;\n","protected":false},"author":2,"featured_media":121364,"comment_status":"","ping_status":"","sticky":false,"template":"","format":"standard","meta":{"footnotes":""},"categories":[5],"tags":[22,23,26,27,17,21,24,25,28,29,15,16,18,34,31,33,32,30,19,20],"class_list":{"0":"post-121363","1":"post","2":"type-post","3":"status-publish","4":"format-standard","5":"has-post-thumbnail","7":"category-rubriker","8":"tag-breaking-news","9":"tag-breakingnews","10":"tag-featured-news","11":"tag-featurednews","12":"tag-headlines","13":"tag-huvudnyheter","14":"tag-latest-news","15":"tag-latestnews","16":"tag-main-news","17":"tag-mainnews","18":"tag-news","19":"tag-nyheter","20":"tag-rubriker","21":"tag-se","22":"tag-svenska","23":"tag-sverige","24":"tag-sweden","25":"tag-swedish","26":"tag-top-stories","27":"tag-topstories"},"share_on_mastodon":{"url":"https:\/\/pubeurope.com\/@se\/115812272983301421","error":""},"_links":{"self":[{"href":"https:\/\/www.europesays.com\/se\/wp-json\/wp\/v2\/posts\/121363","targetHints":{"allow":["GET"]}}],"collection":[{"href":"https:\/\/www.europesays.com\/se\/wp-json\/wp\/v2\/posts"}],"about":[{"href":"https:\/\/www.europesays.com\/se\/wp-json\/wp\/v2\/types\/post"}],"author":[{"embeddable":true,"href":"https:\/\/www.europesays.com\/se\/wp-json\/wp\/v2\/users\/2"}],"replies":[{"embeddable":true,"href":"https:\/\/www.europesays.com\/se\/wp-json\/wp\/v2\/comments?post=121363"}],"version-history":[{"count":0,"href":"https:\/\/www.europesays.com\/se\/wp-json\/wp\/v2\/posts\/121363\/revisions"}],"wp:featuredmedia":[{"embeddable":true,"href":"https:\/\/www.europesays.com\/se\/wp-json\/wp\/v2\/media\/121364"}],"wp:attachment":[{"href":"https:\/\/www.europesays.com\/se\/wp-json\/wp\/v2\/media?parent=121363"}],"wp:term":[{"taxonomy":"category","embeddable":true,"href":"https:\/\/www.europesays.com\/se\/wp-json\/wp\/v2\/categories?post=121363"},{"taxonomy":"post_tag","embeddable":true,"href":"https:\/\/www.europesays.com\/se\/wp-json\/wp\/v2\/tags?post=121363"}],"curies":[{"name":"wp","href":"https:\/\/api.w.org\/{rel}","templated":true}]}}