{"id":121367,"date":"2025-12-31T04:24:17","date_gmt":"2025-12-31T04:24:17","guid":{"rendered":"https:\/\/www.europesays.com\/se\/121367\/"},"modified":"2025-12-31T04:24:17","modified_gmt":"2025-12-31T04:24:17","slug":"damlagets-forsasong-2026","status":"publish","type":"post","link":"https:\/\/www.europesays.com\/se\/121367\/","title":{"rendered":"Damlagets f\u00f6rs\u00e4song 2026"},"content":{"rendered":"<p>Stockholm<\/p>\n<p class=\"Paragraph_paragraph__uxXGA Paragraph_l__32960\">Spelare och ledare kommer att \u00e5tersamlas p\u00e5 Skytteholms IP den 8 januari 2026.<\/p>\n<p class=\"Paragraph_paragraph__uxXGA Paragraph_l__32960\">En tr\u00e4ningsmatch kommer att spela p\u00e5 hemmaplan under januari:<\/p>\n<p class=\"Paragraph_paragraph__uxXGA Paragraph_l__32960\">Mer information om matchbiljetter och tv-s\u00e4ndningar kommer.<\/p>\n<p>Spanien<\/p>\n<p class=\"Paragraph_paragraph__uxXGA Paragraph_l__32960\">Fr\u00e5n den 2 februari till och med den 12 februari kommer damlaget att forts\u00e4tta sin f\u00f6rs\u00e4song i Spanska Salou. Mer information om eventuella tr\u00e4ningsmatcher under l\u00e4gret kommer.<\/p>\n<p>AIK+<\/p>\n<p class=\"Paragraph_paragraph__uxXGA Paragraph_l__32960\">AIK+ kommer att vara p\u00e5 plats och bevaka tr\u00e4ningsl\u00e4gret i Salou. Det enda som kr\u00e4vs f\u00f6r att f\u00e5 ta del av allt exklusivt material \u00e4r ett aktivt premiummedlemskap \u2013 som du enklast skaffar i appen AIK+ eller via <a class=\"Anchor_anchor__wmBmO\" href=\"https:\/\/www.aikplus.se\/\" rel=\"nofollow noopener\" target=\"_blank\">AIKplus.se.<\/a><\/p>\n","protected":false},"excerpt":{"rendered":"Stockholm Spelare och ledare kommer att \u00e5tersamlas p\u00e5 Skytteholms IP den 8 januari 2026. En tr\u00e4ningsmatch kommer att&hellip;\n","protected":false},"author":2,"featured_media":121368,"comment_status":"","ping_status":"","sticky":false,"template":"","format":"standard","meta":{"footnotes":""},"categories":[68],"tags":[34,111,110,31,33,32,30],"class_list":{"0":"post-121367","1":"post","2":"type-post","3":"status-publish","4":"format-standard","5":"has-post-thumbnail","7":"category-sport","8":"tag-se","9":"tag-sport","10":"tag-sports","11":"tag-svenska","12":"tag-sverige","13":"tag-sweden","14":"tag-swedish"},"share_on_mastodon":{"url":"https:\/\/pubeurope.com\/@se\/115812280748127761","error":""},"_links":{"self":[{"href":"https:\/\/www.europesays.com\/se\/wp-json\/wp\/v2\/posts\/121367","targetHints":{"allow":["GET"]}}],"collection":[{"href":"https:\/\/www.europesays.com\/se\/wp-json\/wp\/v2\/posts"}],"about":[{"href":"https:\/\/www.europesays.com\/se\/wp-json\/wp\/v2\/types\/post"}],"author":[{"embeddable":true,"href":"https:\/\/www.europesays.com\/se\/wp-json\/wp\/v2\/users\/2"}],"replies":[{"embeddable":true,"href":"https:\/\/www.europesays.com\/se\/wp-json\/wp\/v2\/comments?post=121367"}],"version-history":[{"count":0,"href":"https:\/\/www.europesays.com\/se\/wp-json\/wp\/v2\/posts\/121367\/revisions"}],"wp:featuredmedia":[{"embeddable":true,"href":"https:\/\/www.europesays.com\/se\/wp-json\/wp\/v2\/media\/121368"}],"wp:attachment":[{"href":"https:\/\/www.europesays.com\/se\/wp-json\/wp\/v2\/media?parent=121367"}],"wp:term":[{"taxonomy":"category","embeddable":true,"href":"https:\/\/www.europesays.com\/se\/wp-json\/wp\/v2\/categories?post=121367"},{"taxonomy":"post_tag","embeddable":true,"href":"https:\/\/www.europesays.com\/se\/wp-json\/wp\/v2\/tags?post=121367"}],"curies":[{"name":"wp","href":"https:\/\/api.w.org\/{rel}","templated":true}]}}