{"id":121369,"date":"2025-12-31T04:25:07","date_gmt":"2025-12-31T04:25:07","guid":{"rendered":"https:\/\/www.europesays.com\/se\/121369\/"},"modified":"2025-12-31T04:25:07","modified_gmt":"2025-12-31T04:25:07","slug":"lina-wolff-ar-ny-medarbetare-i-expressen","status":"publish","type":"post","link":"https:\/\/www.europesays.com\/se\/121369\/","title":{"rendered":"Lina Wolff \u00e4r ny medarbetare i Expressen"},"content":{"rendered":"<p>Publicerad 31 dec 2025 kl 05.00<\/p>\n<p>F\u00f6rfattaren och dubbla Augustprisvinnaren Lina Wolff \u00e4r ny medarbetare p\u00e5 Expressen Kultur.\u00a0<\/p>\n<p><img   alt=\"\"\/><\/p>\n<p>Lina Wolff med sitt Augustpris tidigare i \u00e5r.<\/p>\n<p>Foto: Christine Olsson\/TT \/ TT NYHETSBYR\u00c5N<\/p>\n<p>\u00d6ppna bild i helsk\u00e4rm<\/p>\n<p><strong>Augustpris och f\u00f6rlovning, du verkar ha haft ett toppen\u00e5r. Vad har varit roligast?\u00a0<\/strong><\/p>\n<p>\u2013 F\u00f6rlovningen var sv\u00e5rslagen, den ur\u00e5ldriga dr\u00f6mmen om en sj\u00e4lsfr\u00e4nde. Vissa f\u00e5r till den tidigare i livet, andra senare, en del aldrig. Sagt det, blev jag barnsligt glad \u00f6ver priset, k\u00e4nde ett slags revansch f\u00f6r en rad bortskuffade kvinno\u00f6den fr\u00e5n min by.\u00a0<\/p>\n<p><strong>Och nu blir du medarbetare p\u00e5 Expressens kultursida! Vad vill du helst skriva om? \u00a0<\/strong><\/p>\n<p>Just nu, den rum\u00e4nske f\u00f6rfattaren <strong>Mircea C\u0103rt\u0103rescu<\/strong>. Jag ska intervjua honom p\u00e5 Kulturhuset i Stockholm i februari och h\u00e5ller p\u00e5 att l\u00e4sa in mig p\u00e5 hans verk. Helt och h\u00e5llet h\u00e4nf\u00f6rd. Dessutom \u00e4r den bok jag l\u00e4ser just nu, en tegelsten med titeln \u201dSolenoid\u201d, s\u00e5 formidabelt \u00f6versatt av <strong>Inger Johansson<\/strong> att det \u00e4r en ren njutning att l\u00e4sa. Annat som ligger mig varmt om hj\u00e4rtat \u00e4r spanskspr\u00e5kig litteratur, \u00f6vers\u00e4ttning och m\u00e4nniskans f\u00f6rh\u00e5llande till det ok\u00e4nda. K\u00e4nns f\u00f6rresten b\u00e5de hedrande, upplyftande och lite nerv\u00f6st att ni vill ha med mig p\u00e5 b\u00e5ten!<\/p>\n<p><strong>Vad tror du om 2026? Blir det ett b\u00e4ttre \u00e5r \u00e4n 2025?\u00a0<\/strong><\/p>\n<p>F\u00f6r v\u00e4rlden, nej. F\u00f6r mig sj\u00e4lv, f\u00f6rmodligen inte heller. Jag ska b\u00f6rja skriva p\u00e5 n\u00e4sta bok. \u00c4n s\u00e5 l\u00e4nge \u00e4r jag visserligen bara p\u00e5 id\u00e9stadiet vilket \u00e4r underbart, allt k\u00e4nns fortfarande m\u00f6jligt. Men vid det h\u00e4r laget vet jag att s\u00e5 fort man b\u00f6rjar skriva p\u00e5 allvar \u00e4r det f\u00f6rsta \u00e5ret \u00e4r som att k\u00f6ra offroad, man f\u00f6rs\u00f6ker bara \u00f6verleva och ta sig fram. Men nu \u00e4r reservtanken full i alla fall, s\u00e5 om inte annat s\u00e5 \u00e4r jag tacksam f\u00f6r det.\u00a0<\/p>\n","protected":false},"excerpt":{"rendered":"Publicerad 31 dec 2025 kl 05.00 F\u00f6rfattaren och dubbla Augustprisvinnaren Lina Wolff \u00e4r ny medarbetare p\u00e5 Expressen Kultur.\u00a0&hellip;\n","protected":false},"author":2,"featured_media":121370,"comment_status":"","ping_status":"","sticky":false,"template":"","format":"standard","meta":{"footnotes":""},"categories":[67],"tags":[104,3755,34,31,33,32,30,105],"class_list":{"0":"post-121369","1":"post","2":"type-post","3":"status-publish","4":"format-standard","5":"has-post-thumbnail","7":"category-underhallning","8":"tag-entertainment","9":"tag-organization-expressen-kultur","10":"tag-se","11":"tag-svenska","12":"tag-sverige","13":"tag-sweden","14":"tag-swedish","15":"tag-underhallning"},"share_on_mastodon":{"url":"https:\/\/pubeurope.com\/@se\/115812284665680657","error":""},"_links":{"self":[{"href":"https:\/\/www.europesays.com\/se\/wp-json\/wp\/v2\/posts\/121369","targetHints":{"allow":["GET"]}}],"collection":[{"href":"https:\/\/www.europesays.com\/se\/wp-json\/wp\/v2\/posts"}],"about":[{"href":"https:\/\/www.europesays.com\/se\/wp-json\/wp\/v2\/types\/post"}],"author":[{"embeddable":true,"href":"https:\/\/www.europesays.com\/se\/wp-json\/wp\/v2\/users\/2"}],"replies":[{"embeddable":true,"href":"https:\/\/www.europesays.com\/se\/wp-json\/wp\/v2\/comments?post=121369"}],"version-history":[{"count":0,"href":"https:\/\/www.europesays.com\/se\/wp-json\/wp\/v2\/posts\/121369\/revisions"}],"wp:featuredmedia":[{"embeddable":true,"href":"https:\/\/www.europesays.com\/se\/wp-json\/wp\/v2\/media\/121370"}],"wp:attachment":[{"href":"https:\/\/www.europesays.com\/se\/wp-json\/wp\/v2\/media?parent=121369"}],"wp:term":[{"taxonomy":"category","embeddable":true,"href":"https:\/\/www.europesays.com\/se\/wp-json\/wp\/v2\/categories?post=121369"},{"taxonomy":"post_tag","embeddable":true,"href":"https:\/\/www.europesays.com\/se\/wp-json\/wp\/v2\/tags?post=121369"}],"curies":[{"name":"wp","href":"https:\/\/api.w.org\/{rel}","templated":true}]}}