{"id":121374,"date":"2025-12-31T04:32:26","date_gmt":"2025-12-31T04:32:26","guid":{"rendered":"https:\/\/www.europesays.com\/se\/121374\/"},"modified":"2025-12-31T04:32:26","modified_gmt":"2025-12-31T04:32:26","slug":"pelle-larsson-skadad-igen-efter-tre-dagar-vasterbottens-kuriren","status":"publish","type":"post","link":"https:\/\/www.europesays.com\/se\/121374\/","title":{"rendered":"Pelle Larsson skadad igen \u2013 efter tre dagar &#8211; V\u00e4sterbottens-Kuriren"},"content":{"rendered":"<ol>\n<li><a href=\"https:\/\/news.google.com\/rss\/articles\/CBMiggFBVV95cUxObEdaRk9PSnUyZjNESXZjRUM2bVZUcXJpMlROd3VNVmliUGJINGtHNHJpNjNhM1NJU0NiUUNhUkprMU5YYjJNc3VIRlpqelF1bmpRQmJ4MjhxY1R5NUxMNkp0N1AzVHowU2VsUkQxSWxVSTBxdllQUUpMNWIxcGxfMTdR?oc=5\" target=\"_blank\" rel=\"nofollow noopener\">Pelle Larsson skadad igen \u2013 efter tre dagar<\/a>&nbsp;&nbsp;V\u00e4sterbottens-Kuriren<\/li>\n<li><a href=\"https:\/\/news.google.com\/rss\/articles\/CBMiswFBVV95cUxOUUtWMDQyYk81SGg1R1N2SGdRS1VvMWpoSHhMOTh5YTVyR0doT0Z6aWVVWWkxek5kWW5HejJxTm9EUW1DUm1nZ1lqVUxWcHpVemJXaFpicU5kdFU0UFlITVo2UEdaU3djVWYwZnl5N3V3TXJ0UmtkYWJ3c1FHM1VRaFg3cElXRzNrNGpUN1V5Y2p0TzhoVkRtVE5yQTVsbXFaVVNCYl9xSGMxWnZwcXMzTVdLbw?oc=5\" target=\"_blank\" rel=\"nofollow noopener\">Ot\u00e4cka bilder p\u00e5 Larsson och Joki\u0107<\/a>&nbsp;&nbsp;Aftonbladet<\/li>\n<li><a href=\"https:\/\/news.google.com\/rss\/articles\/CBMiiAFBVV95cUxQM1c1MFR1ZTE0SWZYa2dIVG11cW1wYUNVUmVsNzZMenFHX2dtVHJsaEtiLTdkcDVCN0JUc19qQ05SV29INHVNWS1YU1YyUFZta2ZkTVBJazhrU1VUX1B0TV9oX05GcTJoMlRVVF9JcDNhbnVDdnpIazdMUGV0R1hPWDZUXzVfMkxs?oc=5\" target=\"_blank\" rel=\"nofollow noopener\">Basket: Pelle Larsson ut skadad i Miamis seger mot Denver<\/a>&nbsp;&nbsp;SVT Nyheter<\/li>\n<li><a href=\"https:\/\/news.google.com\/rss\/articles\/CBMib0FVX3lxTFBWc0FIVHRzRUFJV0lFM25OZEMtczJWcEpvSy1QbHBFZXhWNC0zLUVxT1ZuMDBnZnB4aXdya0tBbVRocHNXbzFMUXVpZnlWeGhoajNoandjMEUxZlRCSWg4VldDQXd6V29MUHRUbHU5Yw?oc=5\" target=\"_blank\" rel=\"nofollow noopener\">Larsson och Miami vann igen<\/a>&nbsp;&nbsp;V\u00e4sterbottens-Kuriren<\/li>\n<li><a href=\"https:\/\/news.google.com\/rss\/articles\/CBMif0FVX3lxTFBOSXlJdk1wbnlIYlZPUGNabGtwVzNiUllBTjdxeEZ5eS1IZ3V6dzJPTzc1YlQya2xFS0V4LV9WblNySnlaTVBKdTZySzhHZC1CdTU4OWhzWjJrMXhlTnpqTk1lTFFOMl9HYVJUSHpCUXA1T3hWbThIQ1hNUXJDVG8?oc=5\" target=\"_blank\" rel=\"nofollow noopener\">Pelle Larsson satte nytt po\u00e4ngrekord i comebacken<\/a>&nbsp;&nbsp;Omni<\/li>\n<\/ol>\n","protected":false},"excerpt":{"rendered":"Pelle Larsson skadad igen \u2013 efter tre dagar&nbsp;&nbsp;V\u00e4sterbottens-Kuriren Ot\u00e4cka bilder p\u00e5 Larsson och Joki\u0107&nbsp;&nbsp;Aftonbladet Basket: Pelle Larsson ut&hellip;\n","protected":false},"author":2,"featured_media":121375,"comment_status":"","ping_status":"","sticky":false,"template":"","format":"standard","meta":{"footnotes":""},"categories":[68],"tags":[34,111,110,31,33,32,30],"class_list":{"0":"post-121374","1":"post","2":"type-post","3":"status-publish","4":"format-standard","5":"has-post-thumbnail","7":"category-sport","8":"tag-se","9":"tag-sport","10":"tag-sports","11":"tag-svenska","12":"tag-sverige","13":"tag-sweden","14":"tag-swedish"},"share_on_mastodon":{"url":"https:\/\/pubeurope.com\/@se\/115812312270280088","error":""},"_links":{"self":[{"href":"https:\/\/www.europesays.com\/se\/wp-json\/wp\/v2\/posts\/121374","targetHints":{"allow":["GET"]}}],"collection":[{"href":"https:\/\/www.europesays.com\/se\/wp-json\/wp\/v2\/posts"}],"about":[{"href":"https:\/\/www.europesays.com\/se\/wp-json\/wp\/v2\/types\/post"}],"author":[{"embeddable":true,"href":"https:\/\/www.europesays.com\/se\/wp-json\/wp\/v2\/users\/2"}],"replies":[{"embeddable":true,"href":"https:\/\/www.europesays.com\/se\/wp-json\/wp\/v2\/comments?post=121374"}],"version-history":[{"count":0,"href":"https:\/\/www.europesays.com\/se\/wp-json\/wp\/v2\/posts\/121374\/revisions"}],"wp:featuredmedia":[{"embeddable":true,"href":"https:\/\/www.europesays.com\/se\/wp-json\/wp\/v2\/media\/121375"}],"wp:attachment":[{"href":"https:\/\/www.europesays.com\/se\/wp-json\/wp\/v2\/media?parent=121374"}],"wp:term":[{"taxonomy":"category","embeddable":true,"href":"https:\/\/www.europesays.com\/se\/wp-json\/wp\/v2\/categories?post=121374"},{"taxonomy":"post_tag","embeddable":true,"href":"https:\/\/www.europesays.com\/se\/wp-json\/wp\/v2\/tags?post=121374"}],"curies":[{"name":"wp","href":"https:\/\/api.w.org\/{rel}","templated":true}]}}