{"id":121387,"date":"2025-12-31T05:01:10","date_gmt":"2025-12-31T05:01:10","guid":{"rendered":"https:\/\/www.europesays.com\/se\/121387\/"},"modified":"2025-12-31T05:01:10","modified_gmt":"2025-12-31T05:01:10","slug":"lagandring-i-kina-kan-forsvara-sexting","status":"publish","type":"post","link":"https:\/\/www.europesays.com\/se\/121387\/","title":{"rendered":"Lag\u00e4ndring i Kina kan f\u00f6rsv\u00e5ra sexting"},"content":{"rendered":"<p>Det \u00e4r inte bara k\u00e4nsligt att sprida politiska \u00e5sikter i Kina. Ocks\u00e5 moralen vaktas av den kinesiska censuren och fr\u00e5n och med 1 januari 2026 g\u00e4ller det f\u00f6r kineserna att inte bli f\u00f6r nakna i sina privata konversationer online.<\/p>\n<p>D\u00e5 tr\u00e4der en ny lag i kraft som ska st\u00e4vja porr och och att utmanande bilder sprids p\u00e5 n\u00e4tet. Men lagen kan ocks\u00e5 sl\u00e5 mot konversationer d\u00e4r b\u00e5da parter har gett sitt samtycke till det som postas, oroar sig en del. Som exempelvis s\u00e5 kallad sexting, en konversation med sexuell anspelning, mellan tv\u00e5 personer som har ett f\u00f6rh\u00e5llande.<\/p>\n<p><strong>Ett viktigt syfte<\/strong> med lagen \u00e4r, enligt statliga medier, att minder\u00e5riga inte ska uts\u00e4ttas f\u00f6r obscent material p\u00e5 exempelvis Wechat, den mest popul\u00e4ra sociala medieappen i Kina.<\/p>\n<p>Men den ska ocks\u00e5 skydda kvinnor fr\u00e5n att bilder p\u00e5 dem sprids utan att de har gett sitt samtycke. I somras uppm\u00e4rksammades exempelvis en grupp i appen Telegram som publicerade sexuella bilder av kvinnor, utan att de g\u00e5tt med p\u00e5 det.<\/p>\n<p>Gruppen hade \u00f6ver 100 000 medlemmar och bestod mest av kinesiska m\u00e4n. Det v\u00e4ckte uppr\u00f6rda k\u00e4nslor och en diskussion om sexism i det kinesiska samh\u00e4llet.<\/p>\n<p><strong>Men alla gillar inte<\/strong> lagsk\u00e4rpningen. En del uttrycker i sociala medier frustration \u00f6ver \u00f6kad statlig \u00f6vervakning som nu ocks\u00e5 ska omfatta privata konversationer. Andra ifr\u00e5gas\u00e4tter hur det ska g\u00e5 med fl\u00f6rtandet och om lagen verkligen \u00e4r i linje med det kinesiska kommunistpartiets f\u00f6rs\u00f6k att f\u00e5 fler kineser att gifta sig och skaffa barn.<\/p>\n<p>De som bryter mot lagen kan frihetsber\u00f6vas i 10-15 dagar och f\u00e5 b\u00f6ta upp till 7 000 kronor.<\/p>\n","protected":false},"excerpt":{"rendered":"Det \u00e4r inte bara k\u00e4nsligt att sprida politiska \u00e5sikter i Kina. Ocks\u00e5 moralen vaktas av den kinesiska censuren&hellip;\n","protected":false},"author":2,"featured_media":121388,"comment_status":"","ping_status":"","sticky":false,"template":"","format":"standard","meta":{"footnotes":""},"categories":[14],"tags":[22,23,26,27,17,21,24,25,28,29,15,16,18,34,31,33,32,30,19,20,51,52,53,54],"class_list":{"0":"post-121387","1":"post","2":"type-post","3":"status-publish","4":"format-standard","5":"has-post-thumbnail","7":"category-varlden","8":"tag-breaking-news","9":"tag-breakingnews","10":"tag-featured-news","11":"tag-featurednews","12":"tag-headlines","13":"tag-huvudnyheter","14":"tag-latest-news","15":"tag-latestnews","16":"tag-main-news","17":"tag-mainnews","18":"tag-news","19":"tag-nyheter","20":"tag-rubriker","21":"tag-se","22":"tag-svenska","23":"tag-sverige","24":"tag-sweden","25":"tag-swedish","26":"tag-top-stories","27":"tag-topstories","28":"tag-varlden","29":"tag-world","30":"tag-world-news","31":"tag-worldnews"},"share_on_mastodon":{"url":"https:\/\/pubeurope.com\/@se\/115812426287247114","error":""},"_links":{"self":[{"href":"https:\/\/www.europesays.com\/se\/wp-json\/wp\/v2\/posts\/121387","targetHints":{"allow":["GET"]}}],"collection":[{"href":"https:\/\/www.europesays.com\/se\/wp-json\/wp\/v2\/posts"}],"about":[{"href":"https:\/\/www.europesays.com\/se\/wp-json\/wp\/v2\/types\/post"}],"author":[{"embeddable":true,"href":"https:\/\/www.europesays.com\/se\/wp-json\/wp\/v2\/users\/2"}],"replies":[{"embeddable":true,"href":"https:\/\/www.europesays.com\/se\/wp-json\/wp\/v2\/comments?post=121387"}],"version-history":[{"count":0,"href":"https:\/\/www.europesays.com\/se\/wp-json\/wp\/v2\/posts\/121387\/revisions"}],"wp:featuredmedia":[{"embeddable":true,"href":"https:\/\/www.europesays.com\/se\/wp-json\/wp\/v2\/media\/121388"}],"wp:attachment":[{"href":"https:\/\/www.europesays.com\/se\/wp-json\/wp\/v2\/media?parent=121387"}],"wp:term":[{"taxonomy":"category","embeddable":true,"href":"https:\/\/www.europesays.com\/se\/wp-json\/wp\/v2\/categories?post=121387"},{"taxonomy":"post_tag","embeddable":true,"href":"https:\/\/www.europesays.com\/se\/wp-json\/wp\/v2\/tags?post=121387"}],"curies":[{"name":"wp","href":"https:\/\/api.w.org\/{rel}","templated":true}]}}