{"id":121393,"date":"2025-12-31T05:11:15","date_gmt":"2025-12-31T05:11:15","guid":{"rendered":"https:\/\/www.europesays.com\/se\/121393\/"},"modified":"2025-12-31T05:11:15","modified_gmt":"2025-12-31T05:11:15","slug":"fyrverkerier-skjuts-mot-balkonger-i-sodertalje","status":"publish","type":"post","link":"https:\/\/www.europesays.com\/se\/121393\/","title":{"rendered":"Fyrverkerier skjuts mot balkonger i S\u00f6dert\u00e4lje"},"content":{"rendered":"<p>Sent p\u00e5 m\u00e5ndagskv\u00e4llen ryckte polisen ut till bostadsomr\u00e5det Geneta i S\u00f6dert\u00e4lje sedan flera personer h\u00f6rt av sig och ber\u00e4ttat att det skjutits fyrverkerier mot bost\u00e4der och balkonger.<\/p>\n<p>Enligt LT uppgav inringarna att en stor grupp med unga m\u00e4nniskor, varav flera var maskerade, drog runt och avfyrade fyrverkerier p\u00e5 ett v\u00e5dligt vis. P\u00e5 plats kontrollerade polisen ett flertal personer. Det handlade om b\u00e5de unga vuxna och minder\u00e5riga personer.<\/p>\n<p>\u2013 De unga k\u00f6rdes hem till v\u00e5rdnadshavare, s\u00e4ger Mats Eriksson.<\/p>\n<p><strong>Med anledning av st\u00f6ket uppr\u00e4ttades<\/strong> en f\u00f6runders\u00f6kning om allm\u00e4nfarlig v\u00e5rdsl\u00f6shet. M\u00e5ndagens h\u00e4ndelser f\u00f6ljde enligt Mats Eriksson p\u00e5 en rad liknande incidenter i S\u00f6dert\u00e4ljeomr\u00e5det.<\/p>\n<p>\u2013 Det h\u00e4r \u00e4r ett problem. Folk blir r\u00e4dda, djur blir r\u00e4dda. Det kan ocks\u00e5 orsaka skador p\u00e5 egendom och m\u00e4nniskor, s\u00e4ger Mats Eriksson som understryker att utryckningarna tar b\u00e5de tid och resurser i anspr\u00e5k f\u00f6r polisen.<\/p>\n<p><strong>Inte s\u00e4llan uppfattas sm\u00e4llarna<\/strong> som skottlossning vilket ocks\u00e5 skapar oro.<\/p>\n<p>\u2013 Vi m\u00e5ste ju \u00e5ka p\u00e5 allting eftersom vi inte vet om det r\u00f6r sig om skottlossning. Jag skulle s\u00e4ga att det h\u00e4r \u00e4r ett samh\u00e4llsproblem.<\/p>\n","protected":false},"excerpt":{"rendered":"Sent p\u00e5 m\u00e5ndagskv\u00e4llen ryckte polisen ut till bostadsomr\u00e5det Geneta i S\u00f6dert\u00e4lje sedan flera personer h\u00f6rt av sig och&hellip;\n","protected":false},"author":2,"featured_media":121394,"comment_status":"","ping_status":"","sticky":false,"template":"","format":"standard","meta":{"footnotes":""},"categories":[5],"tags":[22,23,26,27,17,21,24,25,28,29,15,16,18,34,31,33,32,30,19,20],"class_list":{"0":"post-121393","1":"post","2":"type-post","3":"status-publish","4":"format-standard","5":"has-post-thumbnail","7":"category-rubriker","8":"tag-breaking-news","9":"tag-breakingnews","10":"tag-featured-news","11":"tag-featurednews","12":"tag-headlines","13":"tag-huvudnyheter","14":"tag-latest-news","15":"tag-latestnews","16":"tag-main-news","17":"tag-mainnews","18":"tag-news","19":"tag-nyheter","20":"tag-rubriker","21":"tag-se","22":"tag-svenska","23":"tag-sverige","24":"tag-sweden","25":"tag-swedish","26":"tag-top-stories","27":"tag-topstories"},"share_on_mastodon":{"url":"https:\/\/pubeurope.com\/@se\/115812465548907685","error":""},"_links":{"self":[{"href":"https:\/\/www.europesays.com\/se\/wp-json\/wp\/v2\/posts\/121393","targetHints":{"allow":["GET"]}}],"collection":[{"href":"https:\/\/www.europesays.com\/se\/wp-json\/wp\/v2\/posts"}],"about":[{"href":"https:\/\/www.europesays.com\/se\/wp-json\/wp\/v2\/types\/post"}],"author":[{"embeddable":true,"href":"https:\/\/www.europesays.com\/se\/wp-json\/wp\/v2\/users\/2"}],"replies":[{"embeddable":true,"href":"https:\/\/www.europesays.com\/se\/wp-json\/wp\/v2\/comments?post=121393"}],"version-history":[{"count":0,"href":"https:\/\/www.europesays.com\/se\/wp-json\/wp\/v2\/posts\/121393\/revisions"}],"wp:featuredmedia":[{"embeddable":true,"href":"https:\/\/www.europesays.com\/se\/wp-json\/wp\/v2\/media\/121394"}],"wp:attachment":[{"href":"https:\/\/www.europesays.com\/se\/wp-json\/wp\/v2\/media?parent=121393"}],"wp:term":[{"taxonomy":"category","embeddable":true,"href":"https:\/\/www.europesays.com\/se\/wp-json\/wp\/v2\/categories?post=121393"},{"taxonomy":"post_tag","embeddable":true,"href":"https:\/\/www.europesays.com\/se\/wp-json\/wp\/v2\/tags?post=121393"}],"curies":[{"name":"wp","href":"https:\/\/api.w.org\/{rel}","templated":true}]}}