{"id":121395,"date":"2025-12-31T05:14:13","date_gmt":"2025-12-31T05:14:13","guid":{"rendered":"https:\/\/www.europesays.com\/se\/121395\/"},"modified":"2025-12-31T05:14:13","modified_gmt":"2025-12-31T05:14:13","slug":"rick-and-morty-streamar-i-8-sinnessjukt-underhallande-sasonger-nu-hos-netflix","status":"publish","type":"post","link":"https:\/\/www.europesays.com\/se\/121395\/","title":{"rendered":"&#8221;Rick and Morty&#8221; streamar i 8 &#8221;sinnessjukt underh\u00e5llande&#8221; s\u00e4songer &#8211; nu hos Netflix!"},"content":{"rendered":"<p><strong>\u201dRick and Morty\u201d<\/strong> \u00e4r en av senaste \u00e5rtiondets tv-h\u00f6jdpunkter, med en galen ber\u00e4ttelse om en vetenskapsman och hans ivriga dotterson som \u00e4r med om alla m\u00f6jliga sci-fi-\u00e4ventyr och komiska eskapader. <\/p>\n<p>\u00c5tta s\u00e4songer totalt har skaparna <strong>Dan Harmon <\/strong>och <strong>Justin Roiland<\/strong> (b\u00e5da g\u00f6r \u00e4ven r\u00f6ster i serien) totalt sl\u00e4ppt sedan starten 2013 och mer \u00e4r p\u00e5 v\u00e4g. <\/p>\n<p>Under senare \u00e5r har serien <a href=\"https:\/\/www.moviezine.se\/nyheter\/antligen-tillbaka-rick-and-morty-satter-igang-med-ny-sasong\" rel=\"nofollow noopener\" target=\"_blank\">funnit sitt nya hem hos HBO Max<\/a>, men nu st\u00e5r det klart att den \u00e5terv\u00e4nder till Netflix. <\/p>\n<p>Fr\u00e5n och med idag kan du streama samtliga avsnitt av serien, som <a href=\"https:\/\/www.moviezine.se\/recensioner\/varje-nytt-aventyr-utklassar-allt-motstand\" rel=\"nofollow noopener\" target=\"_blank\">h\u00e4r hos Moviezine fick toppbetyg<\/a> n\u00e4r Jonathan Blomberg recenserade s\u00e4song 1-4. \u201dSinnessjukt underh\u00e5llande\u201d, kallar han serien. \u201dKombinationen av manus p\u00e5 gr\u00e4nsen mellan genialitet och galenskap\u00a0samt perfekt animation g\u00f6r att den utklassar allt motst\u00e5nd\u201d.<\/p>\n<p>Inled nya \u00e5ret med ett \u201dRick and Morty\u201d maraton hos Netflix!<\/p>\n<p><img loading=\"lazy\" decoding=\"async\" alt=\"YouTube video\" width=\"480\" height=\"360\" data-pin-nopin=\"true\" nopin=\"nopin\" class=\"perfmatters-lazy\" src=\"https:\/\/www.europesays.com\/se\/wp-content\/uploads\/2025\/12\/1767158053_674_hqdefault.jpg\"\/><\/p>\n<p>L\u00e4s ocks\u00e5: <a href=\"https:\/\/www.moviezine.se\/nyheter\/ryan-coogler-avslojar-sa-skulle-black-panther-2-ha-blivit-om-chadwick-boseman-levt\" title=\"Ryan Coogler avsl\u00f6jar \u2013 s\u00e5 skulle \u201dBlack Panther 2\u201d ha blivit om Chadwick Boseman levt\" class=\"underline-custom !font-montserrat !font-bold !underline-offset-4 !decoration-4 !decoration-moviezine-green !text-md\" rel=\"nofollow noopener\" target=\"_blank\">Ryan Coogler avsl\u00f6jar \u2013 s\u00e5 skulle \u201dBlack Panther 2\u201d ha blivit om Chadwick Boseman levt<\/a><\/p>\n<p>L\u00e4s ocks\u00e5: <a href=\"https:\/\/www.moviezine.se\/nyheter\/alla-sasonger-av-fargo-streamar-nu-hos-netflix-uppfoljare-som-ar-battre-an-filmen\" title=\"5 s\u00e4songer av m\u00e4sterligt krimdrama streamar nu hos Netflix \u2013 \u201den nutida klassiker\u201d\" class=\"underline-custom !font-montserrat !font-bold !underline-offset-4 !decoration-4 !decoration-moviezine-green !text-md\" rel=\"nofollow noopener\" target=\"_blank\">5 s\u00e4songer av m\u00e4sterligt krimdrama streamar nu hos Netflix \u2013 \u201den nutida klassiker\u201d<\/a><\/p>\n","protected":false},"excerpt":{"rendered":"\u201dRick and Morty\u201d \u00e4r en av senaste \u00e5rtiondets tv-h\u00f6jdpunkter, med en galen ber\u00e4ttelse om en vetenskapsman och hans&hellip;\n","protected":false},"author":2,"featured_media":121396,"comment_status":"","ping_status":"","sticky":false,"template":"","format":"standard","meta":{"footnotes":""},"categories":[67],"tags":[104,2399,34,2032,31,33,32,30,105],"class_list":{"0":"post-121395","1":"post","2":"type-post","3":"status-publish","4":"format-standard","5":"has-post-thumbnail","7":"category-underhallning","8":"tag-entertainment","9":"tag-netflix","10":"tag-se","11":"tag-streamingtips","12":"tag-svenska","13":"tag-sverige","14":"tag-sweden","15":"tag-swedish","16":"tag-underhallning"},"share_on_mastodon":{"url":"https:\/\/pubeurope.com\/@se\/115812477382294404","error":""},"_links":{"self":[{"href":"https:\/\/www.europesays.com\/se\/wp-json\/wp\/v2\/posts\/121395","targetHints":{"allow":["GET"]}}],"collection":[{"href":"https:\/\/www.europesays.com\/se\/wp-json\/wp\/v2\/posts"}],"about":[{"href":"https:\/\/www.europesays.com\/se\/wp-json\/wp\/v2\/types\/post"}],"author":[{"embeddable":true,"href":"https:\/\/www.europesays.com\/se\/wp-json\/wp\/v2\/users\/2"}],"replies":[{"embeddable":true,"href":"https:\/\/www.europesays.com\/se\/wp-json\/wp\/v2\/comments?post=121395"}],"version-history":[{"count":0,"href":"https:\/\/www.europesays.com\/se\/wp-json\/wp\/v2\/posts\/121395\/revisions"}],"wp:featuredmedia":[{"embeddable":true,"href":"https:\/\/www.europesays.com\/se\/wp-json\/wp\/v2\/media\/121396"}],"wp:attachment":[{"href":"https:\/\/www.europesays.com\/se\/wp-json\/wp\/v2\/media?parent=121395"}],"wp:term":[{"taxonomy":"category","embeddable":true,"href":"https:\/\/www.europesays.com\/se\/wp-json\/wp\/v2\/categories?post=121395"},{"taxonomy":"post_tag","embeddable":true,"href":"https:\/\/www.europesays.com\/se\/wp-json\/wp\/v2\/tags?post=121395"}],"curies":[{"name":"wp","href":"https:\/\/api.w.org\/{rel}","templated":true}]}}