{"id":121403,"date":"2025-12-31T05:22:08","date_gmt":"2025-12-31T05:22:08","guid":{"rendered":"https:\/\/www.europesays.com\/se\/121403\/"},"modified":"2025-12-31T05:22:08","modified_gmt":"2025-12-31T05:22:08","slug":"vanni-jung-stahle-far-barometern-ots-kulturpris-barometern-ot","status":"publish","type":"post","link":"https:\/\/www.europesays.com\/se\/121403\/","title":{"rendered":"Vanni Jung St\u00e5hle f\u00e5r Barometern-OT:s kulturpris \u2013 Barometern-OT"},"content":{"rendered":"<p>2025 var verkligen Vanni Jung St\u00e5hles \u00e5r. Hon, som \u00e4r fotograf och konstn\u00e4r med r\u00f6tterna i Pataholm, fick redan under v\u00e5ren st\u00e4lla ut p\u00e5 det v\u00e4lbes\u00f6kta och ber\u00f6mda Fotografiska museet i Stockholm. I den stora separatutst\u00e4llningen \u201dKungarna fr\u00e5n Blomsterm\u00e5la\u201d visades konstn\u00e4rligt dokument\u00e4ra foton p\u00e5 m\u00e4nniskor, platser och situationer som utspelat sig i den lilla orten Blomsterm\u00e5la i M\u00f6nster\u00e5s kommun. Det blev en unik och uppskattad inblick i en tillvaro som inte s\u00e5 ofta skildras p\u00e5 de stora konstscenerna.<\/p>\n","protected":false},"excerpt":{"rendered":"2025 var verkligen Vanni Jung St\u00e5hles \u00e5r. Hon, som \u00e4r fotograf och konstn\u00e4r med r\u00f6tterna i Pataholm, fick&hellip;\n","protected":false},"author":2,"featured_media":121404,"comment_status":"","ping_status":"","sticky":false,"template":"","format":"standard","meta":{"footnotes":""},"categories":[67],"tags":[104,34,31,33,32,30,105],"class_list":{"0":"post-121403","1":"post","2":"type-post","3":"status-publish","4":"format-standard","5":"has-post-thumbnail","7":"category-underhallning","8":"tag-entertainment","9":"tag-se","10":"tag-svenska","11":"tag-sverige","12":"tag-sweden","13":"tag-swedish","14":"tag-underhallning"},"share_on_mastodon":{"url":"https:\/\/pubeurope.com\/@se\/115812508862461397","error":""},"_links":{"self":[{"href":"https:\/\/www.europesays.com\/se\/wp-json\/wp\/v2\/posts\/121403","targetHints":{"allow":["GET"]}}],"collection":[{"href":"https:\/\/www.europesays.com\/se\/wp-json\/wp\/v2\/posts"}],"about":[{"href":"https:\/\/www.europesays.com\/se\/wp-json\/wp\/v2\/types\/post"}],"author":[{"embeddable":true,"href":"https:\/\/www.europesays.com\/se\/wp-json\/wp\/v2\/users\/2"}],"replies":[{"embeddable":true,"href":"https:\/\/www.europesays.com\/se\/wp-json\/wp\/v2\/comments?post=121403"}],"version-history":[{"count":0,"href":"https:\/\/www.europesays.com\/se\/wp-json\/wp\/v2\/posts\/121403\/revisions"}],"wp:featuredmedia":[{"embeddable":true,"href":"https:\/\/www.europesays.com\/se\/wp-json\/wp\/v2\/media\/121404"}],"wp:attachment":[{"href":"https:\/\/www.europesays.com\/se\/wp-json\/wp\/v2\/media?parent=121403"}],"wp:term":[{"taxonomy":"category","embeddable":true,"href":"https:\/\/www.europesays.com\/se\/wp-json\/wp\/v2\/categories?post=121403"},{"taxonomy":"post_tag","embeddable":true,"href":"https:\/\/www.europesays.com\/se\/wp-json\/wp\/v2\/tags?post=121403"}],"curies":[{"name":"wp","href":"https:\/\/api.w.org\/{rel}","templated":true}]}}