{"id":121405,"date":"2025-12-31T05:23:19","date_gmt":"2025-12-31T05:23:19","guid":{"rendered":"https:\/\/www.europesays.com\/se\/121405\/"},"modified":"2025-12-31T05:23:19","modified_gmt":"2025-12-31T05:23:19","slug":"samsung-visar-upp-tva-nya-hogtalare-med-diskret-design","status":"publish","type":"post","link":"https:\/\/www.europesays.com\/se\/121405\/","title":{"rendered":"Samsung visar upp tv\u00e5 nya h\u00f6gtalare med diskret design"},"content":{"rendered":"<p>Samsung har visat upp tv\u00e5 nya wifi-h\u00f6gtalare, Music Studio 5 och Music Studio 7, inf\u00f6r CES-m\u00e4ssan 2026, rapporterar <a href=\"https:\/\/idg.digidip.net\/visit?url=https:\/\/www.engadget.com\/audio\/speakers\/samsungs-two-new-speakers-will-deliver-crisp-audio-while-blending-into-your-decor-230053770.html&amp;currurl=https:\/\/www.m3.se\/article\/3020778\/samsung-visar-upp-tva-nya-hogtalare-med-diskret-design.html&amp;ref=9-1-3020778-1-0-0-0-0\" rel=\"nofollow noopener\" data-subtag=\"9-1-3020778-1-0-0-0-0\" data-domain-name=\"engadget\" target=\"_blank\">Engadget<\/a>. B\u00e5da modellerna har ett minimalistiskt formspr\u00e5k som \u00e4r t\u00e4nkt att sm\u00e4lta in i hemmilj\u00f6n snarare \u00e4n sticka ut.<\/p>\n<p>Music Studio 5 \u00e4r utrustad med ett baselement p\u00e5 fyra tum, dubbla diskanter och funktionen AI Dynamic Bass Control, som automatiskt justerar basen f\u00f6r att undvika distorsion. H\u00f6gtalaren kan styras via r\u00f6st, bluetooth eller wifi-streaming.<\/p>\n<p>Music Studio 7 erbjuder ist\u00e4llet ett mer avancerat 3.1.1-kanalers rumsligt ljud, med topp- och sidriktade h\u00f6gtalare samt st\u00f6d f\u00f6r Hi-Res Audio i upp till 24-bit\/96 kHz. Den kan anv\u00e4ndas frist\u00e5ende eller kopplas ihop med andra Samsung-enheter.<\/p>\n<p>Samsung visade samtidigt \u00e4ven upp uppdaterade soundbars. Bland annat f\u00e5r HW-QS90H ett 7.1.2-system med f\u00f6rb\u00e4ttrad bas, medan flaggskeppet HW-Q990H uppdateras med nya mjukvarufunktioner f\u00f6r j\u00e4mnare och mer naturligt ljud.<\/p>\n<p>Produkterna visas upp mer ing\u00e5ende under CES 2026. \u00c4n s\u00e5 l\u00e4nge har Samsung inte g\u00e5tt ut med n\u00e5gra prisuppgifter.<\/p>\n<p><img decoding=\"async\" data-wp-class--hide=\"state.isContentHidden\" data-wp-class--show=\"state.isContentVisible\" data-wp-init=\"callbacks.setButtonStyles\" data-wp-on-async--click=\"actions.showLightbox\" data-wp-on-async--load=\"callbacks.setButtonStyles\" data-wp-on-async-window--resize=\"callbacks.setButtonStyles\" src=\"https:\/\/www.europesays.com\/se\/wp-content\/uploads\/2025\/12\/Samsung-Music-Studio-7.jpg\" alt=\"Samsung Music Studio 7\" class=\"wp-image-3020788\"  width=\"1200\" height=\"675\"  loading=\"lazy\"\/><\/p>\n<p class=\"imageCredit\">Samsung<\/p>\n","protected":false},"excerpt":{"rendered":"Samsung har visat upp tv\u00e5 nya wifi-h\u00f6gtalare, Music Studio 5 och Music Studio 7, inf\u00f6r CES-m\u00e4ssan 2026, rapporterar&hellip;\n","protected":false},"author":2,"featured_media":121406,"comment_status":"","ping_status":"","sticky":false,"template":"","format":"standard","meta":{"footnotes":""},"categories":[66],"tags":[80,78,79,34,31,33,32,30,81,84,83,82],"class_list":{"0":"post-121405","1":"post","2":"type-post","3":"status-publish","4":"format-standard","5":"has-post-thumbnail","7":"category-vetenskap-och-teknik","8":"tag-science","9":"tag-science-and-technology","10":"tag-scienceandtechnology","11":"tag-se","12":"tag-svenska","13":"tag-sverige","14":"tag-sweden","15":"tag-swedish","16":"tag-technology","17":"tag-teknik","18":"tag-vetenskap","19":"tag-vetenskapteknik"},"share_on_mastodon":{"url":"https:\/\/pubeurope.com\/@se\/115812512742771076","error":""},"_links":{"self":[{"href":"https:\/\/www.europesays.com\/se\/wp-json\/wp\/v2\/posts\/121405","targetHints":{"allow":["GET"]}}],"collection":[{"href":"https:\/\/www.europesays.com\/se\/wp-json\/wp\/v2\/posts"}],"about":[{"href":"https:\/\/www.europesays.com\/se\/wp-json\/wp\/v2\/types\/post"}],"author":[{"embeddable":true,"href":"https:\/\/www.europesays.com\/se\/wp-json\/wp\/v2\/users\/2"}],"replies":[{"embeddable":true,"href":"https:\/\/www.europesays.com\/se\/wp-json\/wp\/v2\/comments?post=121405"}],"version-history":[{"count":0,"href":"https:\/\/www.europesays.com\/se\/wp-json\/wp\/v2\/posts\/121405\/revisions"}],"wp:featuredmedia":[{"embeddable":true,"href":"https:\/\/www.europesays.com\/se\/wp-json\/wp\/v2\/media\/121406"}],"wp:attachment":[{"href":"https:\/\/www.europesays.com\/se\/wp-json\/wp\/v2\/media?parent=121405"}],"wp:term":[{"taxonomy":"category","embeddable":true,"href":"https:\/\/www.europesays.com\/se\/wp-json\/wp\/v2\/categories?post=121405"},{"taxonomy":"post_tag","embeddable":true,"href":"https:\/\/www.europesays.com\/se\/wp-json\/wp\/v2\/tags?post=121405"}],"curies":[{"name":"wp","href":"https:\/\/api.w.org\/{rel}","templated":true}]}}