{"id":121407,"date":"2025-12-31T05:25:49","date_gmt":"2025-12-31T05:25:49","guid":{"rendered":"https:\/\/www.europesays.com\/se\/121407\/"},"modified":"2025-12-31T05:25:49","modified_gmt":"2025-12-31T05:25:49","slug":"huset-pa-lindvagen-2-i-kragga-balsta-har-fatt-nya-agare","status":"publish","type":"post","link":"https:\/\/www.europesays.com\/se\/121407\/","title":{"rendered":"Huset p\u00e5 Lindv\u00e4gen 2 i Kr\u00e4gga, B\u00e5lsta har f\u00e5tt nya \u00e4gare"},"content":{"rendered":"<p> \u00c4garbytet blev klart i december 2025. Huset har en boyta p\u00e5 86 kvadratmeter.Bara n\u00e5gra hundra meter bort s\u00e5ldes i augusti ett annat hus, p\u00e5 Segerstav\u00e4gen 11. Priset blev d\u00e4r 5\u00a0100\u00a0000 kronor, f\u00f6r det 143 kvadratmeter stora huset.Se alla lagfarter h\u00e4rDe senaste tolv m\u00e5naderna har det s\u00e5lts elva hus inom en kilometer fr\u00e5n den h\u00e4r fastigheten. Det dyraste var Grindstuga<\/p>\n","protected":false},"excerpt":{"rendered":"\u00c4garbytet blev klart i december 2025. Huset har en boyta p\u00e5 86 kvadratmeter.Bara n\u00e5gra hundra meter bort s\u00e5ldes&hellip;\n","protected":false},"author":2,"featured_media":121408,"comment_status":"","ping_status":"","sticky":false,"template":"","format":"standard","meta":{"footnotes":""},"categories":[65],"tags":[72,70,71,34,31,33,32,30],"class_list":{"0":"post-121407","1":"post","2":"type-post","3":"status-publish","4":"format-standard","5":"has-post-thumbnail","7":"category-ekonomi","8":"tag-business","9":"tag-economy","10":"tag-ekonomi","11":"tag-se","12":"tag-svenska","13":"tag-sverige","14":"tag-sweden","15":"tag-swedish"},"share_on_mastodon":{"url":"https:\/\/pubeurope.com\/@se\/115812524539069217","error":""},"_links":{"self":[{"href":"https:\/\/www.europesays.com\/se\/wp-json\/wp\/v2\/posts\/121407","targetHints":{"allow":["GET"]}}],"collection":[{"href":"https:\/\/www.europesays.com\/se\/wp-json\/wp\/v2\/posts"}],"about":[{"href":"https:\/\/www.europesays.com\/se\/wp-json\/wp\/v2\/types\/post"}],"author":[{"embeddable":true,"href":"https:\/\/www.europesays.com\/se\/wp-json\/wp\/v2\/users\/2"}],"replies":[{"embeddable":true,"href":"https:\/\/www.europesays.com\/se\/wp-json\/wp\/v2\/comments?post=121407"}],"version-history":[{"count":0,"href":"https:\/\/www.europesays.com\/se\/wp-json\/wp\/v2\/posts\/121407\/revisions"}],"wp:featuredmedia":[{"embeddable":true,"href":"https:\/\/www.europesays.com\/se\/wp-json\/wp\/v2\/media\/121408"}],"wp:attachment":[{"href":"https:\/\/www.europesays.com\/se\/wp-json\/wp\/v2\/media?parent=121407"}],"wp:term":[{"taxonomy":"category","embeddable":true,"href":"https:\/\/www.europesays.com\/se\/wp-json\/wp\/v2\/categories?post=121407"},{"taxonomy":"post_tag","embeddable":true,"href":"https:\/\/www.europesays.com\/se\/wp-json\/wp\/v2\/tags?post=121407"}],"curies":[{"name":"wp","href":"https:\/\/api.w.org\/{rel}","templated":true}]}}