{"id":121409,"date":"2025-12-31T05:27:07","date_gmt":"2025-12-31T05:27:07","guid":{"rendered":"https:\/\/www.europesays.com\/se\/121409\/"},"modified":"2025-12-31T05:27:07","modified_gmt":"2025-12-31T05:27:07","slug":"kraftigt-snofall-forsenar-for-stromlosa","status":"publish","type":"post","link":"https:\/\/www.europesays.com\/se\/121409\/","title":{"rendered":"Kraftigt sn\u00f6fall f\u00f6rsenar f\u00f6r str\u00f6ml\u00f6sa"},"content":{"rendered":"<p>Johannes som passerade \u00f6ver norra och mellersta Sverige under l\u00f6rdagen kr\u00e4vde tre d\u00f6dsoffer, gjorde 40\u00a0000 hush\u00e5ll str\u00f6ml\u00f6sa och f\u00e4llde skog i en \u00e4nnu ok\u00e4nd omfattning. Det tillsammans med rekordkraftiga vindar g\u00f6r stormen till den sv\u00e5raste i \u00e5r, enligt <a href=\"https:\/\/www.smhi.se\/blogg\/blogg\/2025-12-29-johannes-blev-arets-kraftigaste-storm\" rel=\"nofollow noopener\" target=\"_blank\">SMHI<\/a>.<\/p>\n<p>Stormen avtog under s\u00f6ndagen men fortfarande sent p\u00e5 tisdagseftermiddagen \u00e4r omkring 6\u00a0000 kunder hos eln\u00e4tsbolagen Ellevio, Eon och Vattenfall fortsatt utan str\u00f6m. V\u00e4rst drabbat \u00e4r G\u00e4vleborgs l\u00e4n.<\/p>\n<p>SMHI har utf\u00e4rdat en orange varning f\u00f6r kraftigt sn\u00f6fall i kombination med vind i s\u00f6dra Norrlands kustland.<\/p>\n<p>Varningen g\u00e4ller fr\u00e5n lunchtid p\u00e5 ny\u00e5rsdagen fram till sex p\u00e5 fredagsmorgonen. Lokalt v\u00e4ntas det falla mellan tv\u00e5 till fyra decimeter sn\u00f6.<\/p>\n<p><strong>Sn\u00f6n kommer att falla<\/strong> \u00f6ver ett omr\u00e5de d\u00e4r arbetet p\u00e5g\u00e5r f\u00f6r fullt med att r\u00f6ja skog och reparera elledningar.<\/p>\n<p>\u2013 \u00c4n s\u00e5 l\u00e4nge ser det ut som att det \u00e4r hyfsat kallt vilket inneb\u00e4r att sn\u00f6n \u00e4r l\u00e4tt. Det \u00e4r betydligt b\u00e4ttre \u00e4n bl\u00f6t sn\u00f6, som skulle vara v\u00e4ldigt illa i det h\u00e4r l\u00e4get, s\u00e4ger Jonatan Bj\u00f6rck, presskommunikat\u00f6r vid Ellevio.<\/p>\n<p>Han s\u00e4ger att sn\u00f6fallet i vilket fall kommer att p\u00e5verka framkomligheten f\u00f6r personalen och takten som de kan jobba i.<\/p>\n<p>\u2013 Det \u00e4r inte ot\u00e4nkbart att det ocks\u00e5 kommer att bli nya str\u00f6mavbrott n\u00e4r tr\u00e4den som lutar lite f\u00e5r sn\u00f6 p\u00e5 sig och faller.<\/p>\n<p>P\u00e5 tisdagseftermiddagen har Ellevio cirka 3\u00a0600 str\u00f6ml\u00f6sa abonnenter i G\u00e4vleborgs l\u00e4n.<\/p>\n<p>\u2013 Arbetet g\u00e5r ju fram\u00e5t. Men l\u00e4get \u00e4r extremt, s\u00e4ger Jonatan Bj\u00f6rck.<\/p>\n<p><strong>Han syftar p\u00e5<\/strong> m\u00e4ngden tr\u00e4d som bl\u00e5st omkull.<\/p>\n<p>\u2013 P\u00e5 bara n\u00e5gra hundra meter ligger det hundratals tr\u00e4d \u00f6ver ledningarna. Det \u00e4r ett eln\u00e4t som i ganska stora delar \u00e4r s\u00f6nderslaget.<\/p>\n<p>V\u00e4rst drabbat \u00e4r H\u00e4lsingland och d\u00e4r Bolln\u00e4s kommun, enligt honom.<\/p>\n<p>\u2013 N\u00e4r vi flyger \u00f6ver med helikopter och dr\u00f6nare f\u00e5r vi bilder som jag inte har sett i Sverige sedan stormen Gudrun.<\/p>\n<p>Det kan dr\u00f6ja flera dygn innan alla \u00e5terf\u00e5tt elen.<\/p>\n<p>\u2013 Vi jobbar sj\u00e4lvklart hela dygnet i morgon ocks\u00e5. Men str\u00f6mmen kommer inte vara tillbaka hos alla under ny\u00e5rsafton, s\u00e4ger Jonatan Bj\u00f6rck.<\/p>\n<p>Eon har p\u00e5 tisdagseftermiddagen n\u00e4rmare 1\u00a0400 str\u00f6ml\u00f6sa kunder, h\u00e4lften i G\u00e4strikland och h\u00e4lften i V\u00e4sternorrlands l\u00e4n. Bolaget erbjuder ers\u00e4ttning f\u00f6r hotellboende f\u00f6r de fastboende abonnenter som inte f\u00e5tt elen tillbaka onsdag f\u00f6rmiddag, enligt ett pressmeddelande.<\/p>\n<p>Vattenfall hade p\u00e5 eftermiddagen 700 drabbade kunder, fr\u00e4mst i Uppland och G\u00e4strikland.<\/p>\n","protected":false},"excerpt":{"rendered":"Johannes som passerade \u00f6ver norra och mellersta Sverige under l\u00f6rdagen kr\u00e4vde tre d\u00f6dsoffer, gjorde 40\u00a0000 hush\u00e5ll str\u00f6ml\u00f6sa och&hellip;\n","protected":false},"author":2,"featured_media":121410,"comment_status":"","ping_status":"","sticky":false,"template":"","format":"standard","meta":{"footnotes":""},"categories":[12],"tags":[22,23,26,27,17,21,24,25,28,29,15,16,18,34,31,33,32,30,19,20],"class_list":{"0":"post-121409","1":"post","2":"type-post","3":"status-publish","4":"format-standard","5":"has-post-thumbnail","7":"category-sverige","8":"tag-breaking-news","9":"tag-breakingnews","10":"tag-featured-news","11":"tag-featurednews","12":"tag-headlines","13":"tag-huvudnyheter","14":"tag-latest-news","15":"tag-latestnews","16":"tag-main-news","17":"tag-mainnews","18":"tag-news","19":"tag-nyheter","20":"tag-rubriker","21":"tag-se","22":"tag-svenska","23":"tag-sverige","24":"tag-sweden","25":"tag-swedish","26":"tag-top-stories","27":"tag-topstories"},"share_on_mastodon":{"url":"https:\/\/pubeurope.com\/@se\/115812528493412951","error":""},"_links":{"self":[{"href":"https:\/\/www.europesays.com\/se\/wp-json\/wp\/v2\/posts\/121409","targetHints":{"allow":["GET"]}}],"collection":[{"href":"https:\/\/www.europesays.com\/se\/wp-json\/wp\/v2\/posts"}],"about":[{"href":"https:\/\/www.europesays.com\/se\/wp-json\/wp\/v2\/types\/post"}],"author":[{"embeddable":true,"href":"https:\/\/www.europesays.com\/se\/wp-json\/wp\/v2\/users\/2"}],"replies":[{"embeddable":true,"href":"https:\/\/www.europesays.com\/se\/wp-json\/wp\/v2\/comments?post=121409"}],"version-history":[{"count":0,"href":"https:\/\/www.europesays.com\/se\/wp-json\/wp\/v2\/posts\/121409\/revisions"}],"wp:featuredmedia":[{"embeddable":true,"href":"https:\/\/www.europesays.com\/se\/wp-json\/wp\/v2\/media\/121410"}],"wp:attachment":[{"href":"https:\/\/www.europesays.com\/se\/wp-json\/wp\/v2\/media?parent=121409"}],"wp:term":[{"taxonomy":"category","embeddable":true,"href":"https:\/\/www.europesays.com\/se\/wp-json\/wp\/v2\/categories?post=121409"},{"taxonomy":"post_tag","embeddable":true,"href":"https:\/\/www.europesays.com\/se\/wp-json\/wp\/v2\/tags?post=121409"}],"curies":[{"name":"wp","href":"https:\/\/api.w.org\/{rel}","templated":true}]}}