{"id":121411,"date":"2025-12-31T05:28:26","date_gmt":"2025-12-31T05:28:26","guid":{"rendered":"https:\/\/www.europesays.com\/se\/121411\/"},"modified":"2025-12-31T05:28:26","modified_gmt":"2025-12-31T05:28:26","slug":"det-behovs-ett-manligt-uppror-for-den-goda-manligheten","status":"publish","type":"post","link":"https:\/\/www.europesays.com\/se\/121411\/","title":{"rendered":"Det beh\u00f6vs ett manligt uppror f\u00f6r den goda manligheten"},"content":{"rendered":"<p>Jag \u00e4r en typisk medel\u00e5lders vit man. Jag har en dotter som just fyllt 25. Hon var bekant med en annan 25-\u00e5rig kvinna, hon som nyligen bragts om livet i det bestialiska mordet i R\u00f6nninge.\u00a0<\/p>\n<p>N\u00e4r vi i g\u00e5r kv\u00e4ll pratade om mordet blev det ett t\u00e5rfyllt, sorgset, uppr\u00f6rt och n\u00e4stan hoppl\u00f6st samtal om vad det betyder att vara ung kvinna i dag. Att alltid vara r\u00e4dd n\u00e4r man \u00e4r ensam. Att ta emot nedl\u00e5tande kommentarer p\u00e5 jobb och i skolan. Ov\u00e4lkomna ber\u00f6ringar. Ifr\u00e5gas\u00e4ttande. Och att veta att bara en br\u00e5kdel av v\u00e5ldt\u00e4kter anm\u00e4ls och bara en br\u00e5kdel av dem leder till \u00e5tal och \u00e4nnu f\u00e4rre till f\u00e4llande dom.<\/p>\n<p><b>Det kan verka vara en \u201dkvinnofr\u00e5ga\u201d. <\/b>Men det \u00e4r uppenbarligen inte tillr\u00e4ckligt. Jag tror att det beh\u00f6vs ett manligt uppror f\u00f6r den goda manligheten! Vi m\u00e5ste en g\u00e5ng f\u00f6r alla manifestera att det inte \u00e4r manligt att h\u00e5na, sl\u00e5, misshandla eller m\u00f6rda flickor eller kvinnor. Och sedan \u00e5teruppfinna den enkla insikten igen och igen.<\/p>\n<p>Det kan aldrig vara kvinnornas ansvar att s\u00e4kerst\u00e4lla sin egen s\u00e4kerhet \u2013 det m\u00e5ste framf\u00f6r allt vara ett ansvar f\u00f6r oss m\u00e4n att skapa en manlighet som aldrig skulle beg\u00e5 dessa hemska brott. Det \u00e4r m\u00e4n som m\u00e5ste \u00e4ndra beteende, inte kvinnor som ska bli b\u00e4ttre p\u00e5 att skydda sig! N\u00e5gra slutsatser:<\/p>\n<p><b>1.<\/b> M\u00e4n m\u00e5ste vara f\u00f6red\u00f6men i alla l\u00e4gen! Vi kan aldrig till\u00e5ta kvinnofientliga beteenden, uttalanden eller sk\u00e4mt! N\u00e5gonsin! Att h\u00e5lla k\u00e4ft \u00e4r att uppmuntra.<\/p>\n<p><b>2. <\/b>Pappor m\u00e5ste uppfostra sina s\u00f6ner i vad det \u00e4r att vara manlig \u2013 st\u00e5 upp f\u00f6r goda v\u00e4rden, aldrig tala nedl\u00e5tande till kvinnor eller ta p\u00e5 dem p\u00e5 ett nedl\u00e5tande s\u00e4tt. Pojkarna m\u00e5ste f\u00f6rst\u00e5 att det inte \u00e4r okej att hota, f\u00f6lja eller tvinga flickor till \u2013 och att de ska respektera flickors r\u00e4dsla n\u00e4r de g\u00e5r hem p\u00e5 kv\u00e4llar eller \u00e4r ensamma i manliga milj\u00f6er.<\/p>\n<p><b>3.<\/b> Skolan (l\u00e4rarna och rektorerna) m\u00e5ste agera s\u00e5 fort n\u00e5gon pojke agerar nedl\u00e5tande mot en flicka f\u00f6r att hon \u00e4r flicka eller anv\u00e4nder ord som hora i n\u00e5got enda sammanhang. Vad som \u00e4r okej i skolan blir ett m\u00f6nster senare i samh\u00e4llet.<\/p>\n<p><b>4. <\/b>F\u00f6r\u00e4ldrar m\u00e5ste reagera om deras s\u00f6ner \u2013 om \u00e4n \u201doskyldigt\u201d i en k\u00e4rleksfull f\u00f6r\u00e4lders \u00f6gon \u2013 n\u00e5gonsin uttalar sig nedl\u00e5tande om flickor. Om en l\u00e4rare\/polis\/socialsekreterare p\u00e5talar ol\u00e4mpligt beteende s\u00e5 m\u00e5ste varje f\u00f6r\u00e4lder ta det p\u00e5 allvar. Ta inte era barns \u201dsanningar\u201d f\u00f6r givna. Ifr\u00e5gas\u00e4tt dem mer \u00e4n de vuxna tj\u00e4nstepersoner som p\u00e5talar d\u00e5ligt beteende.<\/p>\n<p><b>5.<\/b> R\u00e4ttsv\u00e4sendet m\u00e5ste ta v\u00e5ld mot kvinnor p\u00e5 s\u00e4rskilt stort allvar, i f\u00f6rh\u00e5llanden och bekantskaper \u2013 men minst lika mycket n\u00e4r en kvinna uts\u00e4tts f\u00f6r slumpm\u00e4ssigt v\u00e5ld bara f\u00f6r att hon \u00e4r kvinna. Att v\u00e5ldf\u00f6ra sig p\u00e5 en kvinna bara f\u00f6r att hon \u00e4r kvinna \u00e4r ett hatbrott lika allvarligt som att v\u00e5ldf\u00f6ra sig p\u00e5 n\u00e5gon p\u00e5 grund av hudf\u00e4rg eller religion. Risk f\u00f6r \u00e5terbrott m\u00e5ste f\u00e5 konsekvenser vid frigivning i kriminalv\u00e5rden, psykiatrin m\u00e5ste bed\u00f6ma risker f\u00f6r v\u00e5ld vi bed\u00f6mning av v\u00e5rdbehov.\u00a0<\/p>\n<p><b>6.<\/b> Vi alla som utg\u00f6r samh\u00e4llet m\u00e5ste reagera mot allt som utg\u00e5r fr\u00e5n att m\u00e4n upplever sig vara b\u00e4ttre, \u00f6verl\u00e4gsna eller av speciella r\u00e4ttigheter mot kvinnor under narrativet att kvinnor \u00e4r det \u201dsvaga k\u00f6net\u201d! Det finns inget svagt k\u00f6n \u2013 och sj\u00e4lva id\u00e9n bejakar tankem\u00f6nstret att m\u00e4n \u00e4r starkare \u00e4n kvinnor \u2013 och d\u00e4rifr\u00e5n \u00e4r inte steget l\u00e5ngt till att tro att m\u00e4n har r\u00e4tt att ut\u00f6va den styrkan i v\u00e5ld mot kvinnor.7.<b> Vi<\/b> alla m\u00e5ste st\u00e5 upp f\u00f6r de v\u00e4rderingar vi tror p\u00e5 och alltid reagera n\u00e4r vi st\u00f6ter p\u00e5 olika v\u00e4rderingar och bed\u00f6mningar av hur vi beter oss mot varandra \u2013 oberoende p\u00e5 om vi \u00e4r manliga eller kvinnliga! Det \u00e4r inte en manlig instinkt att kladda p\u00e5 ok\u00e4nda kvinnor genom att ta dem p\u00e5 olika kroppsdelar. \u00c5terigen, acceptans skapar ocks\u00e5 beteenden!<\/p>\n<p><b>8. <\/b>I kompisg\u00e4nget har vi alla en skyldighet att agera om kompisar och bekanta drar till med d\u00e5liga sk\u00e4mt eller kvinnofientliga beteenden mot individer i v\u00e5ra umg\u00e4ngeskretsar.<\/p>\n<p><b>9.<\/b> I arbetslivet b\u00f6r vi alla reagera p\u00e5 beteenden som cementerar f\u00f6rdomar och kvinnonedl\u00e5tande beteenden. Det g\u00e4ller b\u00e5de under arbetstid och p\u00e5 personalfester\/after work!<\/p>\n<p><b>10. <\/b>Som medm\u00e4nniskor f\u00e5r vi aldrig se v\u00e5ld mot kvinnor som naturligt. Vi m\u00e5ste till\u00e5ta oss att k\u00e4nna \u00e4ckel, sorg, desperation och uppgivenhet, men sedan best\u00e4mma oss f\u00f6r att vi vill agera p\u00e5 alla s\u00e4tt som g\u00e5r.<\/p>\n<p>Kort sagt, vi alla \u2013 men framf\u00f6r allt vi m\u00e4n \u2013 borde alltid st\u00e5 upp f\u00f6r den goda manligheten.<\/p>\n","protected":false},"excerpt":{"rendered":"Jag \u00e4r en typisk medel\u00e5lders vit man. Jag har en dotter som just fyllt 25. Hon var bekant&hellip;\n","protected":false},"author":2,"featured_media":121412,"comment_status":"","ping_status":"","sticky":false,"template":"","format":"standard","meta":{"footnotes":""},"categories":[5],"tags":[22,23,26,27,17,21,24,25,28,29,15,16,18,34,31,33,32,30,19,20],"class_list":{"0":"post-121411","1":"post","2":"type-post","3":"status-publish","4":"format-standard","5":"has-post-thumbnail","7":"category-rubriker","8":"tag-breaking-news","9":"tag-breakingnews","10":"tag-featured-news","11":"tag-featurednews","12":"tag-headlines","13":"tag-huvudnyheter","14":"tag-latest-news","15":"tag-latestnews","16":"tag-main-news","17":"tag-mainnews","18":"tag-news","19":"tag-nyheter","20":"tag-rubriker","21":"tag-se","22":"tag-svenska","23":"tag-sverige","24":"tag-sweden","25":"tag-swedish","26":"tag-top-stories","27":"tag-topstories"},"share_on_mastodon":{"url":"https:\/\/pubeurope.com\/@se\/115812532427838956","error":""},"_links":{"self":[{"href":"https:\/\/www.europesays.com\/se\/wp-json\/wp\/v2\/posts\/121411","targetHints":{"allow":["GET"]}}],"collection":[{"href":"https:\/\/www.europesays.com\/se\/wp-json\/wp\/v2\/posts"}],"about":[{"href":"https:\/\/www.europesays.com\/se\/wp-json\/wp\/v2\/types\/post"}],"author":[{"embeddable":true,"href":"https:\/\/www.europesays.com\/se\/wp-json\/wp\/v2\/users\/2"}],"replies":[{"embeddable":true,"href":"https:\/\/www.europesays.com\/se\/wp-json\/wp\/v2\/comments?post=121411"}],"version-history":[{"count":0,"href":"https:\/\/www.europesays.com\/se\/wp-json\/wp\/v2\/posts\/121411\/revisions"}],"wp:featuredmedia":[{"embeddable":true,"href":"https:\/\/www.europesays.com\/se\/wp-json\/wp\/v2\/media\/121412"}],"wp:attachment":[{"href":"https:\/\/www.europesays.com\/se\/wp-json\/wp\/v2\/media?parent=121411"}],"wp:term":[{"taxonomy":"category","embeddable":true,"href":"https:\/\/www.europesays.com\/se\/wp-json\/wp\/v2\/categories?post=121411"},{"taxonomy":"post_tag","embeddable":true,"href":"https:\/\/www.europesays.com\/se\/wp-json\/wp\/v2\/tags?post=121411"}],"curies":[{"name":"wp","href":"https:\/\/api.w.org\/{rel}","templated":true}]}}