{"id":121419,"date":"2025-12-31T05:36:10","date_gmt":"2025-12-31T05:36:10","guid":{"rendered":"https:\/\/www.europesays.com\/se\/121419\/"},"modified":"2025-12-31T05:36:10","modified_gmt":"2025-12-31T05:36:10","slug":"buss-har-kort-in-i-byggnad-i-sodra-stockholm-sju-skadade","status":"publish","type":"post","link":"https:\/\/www.europesays.com\/se\/121419\/","title":{"rendered":"Buss har k\u00f6rt in i byggnad i s\u00f6dra Stockholm \u2013 sju skadade"},"content":{"rendered":"<p>Det p\u00e5gick p\u00e5 eftermiddagen en stor r\u00e4ddningsinsats i Liljeholmen efter att en buss hade k\u00f6rt in i en husfasad. Larmet inkom klockan 16. Totalt ska 17 personer ha befunnit sig p\u00e5 bussen.<\/p>\n<p>F\u00f6raren av bussen har f\u00f6rts till sjukhus med ambulanshelikopter, uppger polisen. Skadel\u00e4get \u00e4r allvarligt.<\/p>\n<p>Enligt Region Stockholm har totalt 7 personer f\u00f6rts till sjukhus, varav tv\u00e5 har allvarliga skador.<\/p>\n<p>\u2013 Ytterligare 9 personer har f\u00f6rts till n\u00e4rakuten f\u00f6r omv\u00e5rdnad, s\u00e4ger Michelle Marcher presstalesperson p\u00e5 Region Stockholm.<\/p>\n<p><strong>Polisen har inlett<\/strong> en utredning om v\u00e5rdsl\u00f6shet i trafik och v\u00e5llande till kroppsskada. Bussen har tagits i beslag och ska b\u00e4rgas fr\u00e5n platsen f\u00f6r teknisk unders\u00f6kning. Polisen ska \u00e4ven unders\u00f6ka filmer fr\u00e5n \u00f6vervakningskameror p\u00e5 platsen.<\/p>\n<p>\u2013 De initiala uppgifterna \u00e4r att flera personer stod upp och trillade omkull n\u00e4r bussen k\u00f6rde in i fasaden, s\u00e4ger Ola \u00d6sterling p\u00e5 Stockholmspolisens presstj\u00e4nst.<\/p>\n<p>          <img decoding=\"async\" class=\"picture__img\" src=\"https:\/\/www.europesays.com\/se\/wp-content\/uploads\/2025\/12\/5aea29a9-2e07-4ccd-8eee-e31d65cf913d.jpeg\" loading=\"lazy\"   alt=\"Polis inne i bussen efter kraschen.\"\/><\/p>\n<p>                Bild 1 av 2<\/p>\n<p>      Polis inne i bussen efter kraschen.<\/p>\n<p>      Foto: Alexander Mahmoud<\/p>\n<p>          <img decoding=\"async\" class=\"picture__img\" src=\"https:\/\/www.europesays.com\/se\/wp-content\/uploads\/2025\/12\/5004bd96-d284-4ded-b032-8252ed26d3cb.jpeg\" loading=\"lazy\"   alt=\"En ambulanshelikopter lyfte fr\u00e5n platsen.\"\/><\/p>\n<p>                Bild 2 av 2<\/p>\n<p>      En ambulanshelikopter lyfte fr\u00e5n platsen.<\/p>\n<p>      Foto: Alexander Mahmoud<\/p>\n<p><strong>Flera har samlats<\/strong> vid polisens avsp\u00e4rrningar vid Liljeholmens centrum.<\/p>\n<p>\u2013 Bussen \u00e5kte r\u00e4tt in och det small. Vi ser sen en massa f\u00f6rskr\u00e4ckta personer som kommer ut bl\u00f6dande fr\u00e5n huvudet. Sedan kom v\u00e4ktare och bad oss backa, s\u00e4ger en person som bevittnade h\u00e4ndelsen till DN.<\/p>\n<p>Ett annat vittne uppger att han gick p\u00e5 andra sidan gatan och h\u00f6rde att n\u00e5got small. Han trodde det var n\u00e5got som f\u00f6ll, men sedan s\u00e5g han bussen som f\u00f6rmodligen skulle sv\u00e4nga in p\u00e5 gatan.<\/p>\n<p>\u2013 Den hade inte s\u00e5 h\u00f6g fart men det var nog halt, s\u00e4ger ytterligare ett vittne.<\/p>\n<p>          <img decoding=\"async\" class=\"picture__img picture__img--fullheight\" src=\"https:\/\/www.europesays.com\/se\/wp-content\/uploads\/2025\/12\/56fb9809-d103-415f-a5fd-0ffe30eae119.jpeg\" loading=\"lazy\"   alt=\"Polisen har sp\u00e4rrat av omr\u00e5det.\"\/><\/p>\n<p>                Bild 1 av 3<\/p>\n<p>      Polisen har sp\u00e4rrat av omr\u00e5det.<\/p>\n<p>      Foto: Alexander Mahmoud<\/p>\n<p>          <img decoding=\"async\" class=\"picture__img\" src=\"https:\/\/www.europesays.com\/se\/wp-content\/uploads\/2025\/12\/23060730-7a10-4fc8-9ec6-cca84d9bd742.jpeg\" loading=\"lazy\"   alt=\"Polis inne i bussen.\"\/><\/p>\n<p>                Bild 2 av 3<\/p>\n<p>      Polis inne i bussen.<\/p>\n<p>      Foto: Alexander Mahmoud<\/p>\n<p>          <img decoding=\"async\" class=\"picture__img\" src=\"https:\/\/www.europesays.com\/se\/wp-content\/uploads\/2025\/12\/6b9a39e7-0e1c-4de4-bde5-721fdec9b751.jpeg\" loading=\"lazy\"   alt=\"Avsp\u00e4rrningar vid platsen.\"\/><\/p>\n<p>                Bild 3 av 3<\/p>\n<p>      Avsp\u00e4rrningar vid platsen.<\/p>\n<p>      Foto: Alexander Mahmoud<\/p>\n<p><strong>Det r\u00f6r sig<\/strong> om en SL-buss som k\u00f6rs av operat\u00f6ren Nobina. Enligt SL intr\u00e4ffade kraschen vid bussens slutstation.<\/p>\n<p>Det finns inga uppgifter om att n\u00e5gon i byggnaden eller utanf\u00f6r bussen ska ha kommit till skada.<\/p>\n","protected":false},"excerpt":{"rendered":"Det p\u00e5gick p\u00e5 eftermiddagen en stor r\u00e4ddningsinsats i Liljeholmen efter att en buss hade k\u00f6rt in i en&hellip;\n","protected":false},"author":2,"featured_media":121420,"comment_status":"","ping_status":"","sticky":false,"template":"","format":"standard","meta":{"footnotes":""},"categories":[12],"tags":[22,23,26,27,17,21,24,25,28,29,15,16,18,34,31,33,32,30,19,20],"class_list":{"0":"post-121419","1":"post","2":"type-post","3":"status-publish","4":"format-standard","5":"has-post-thumbnail","7":"category-sverige","8":"tag-breaking-news","9":"tag-breakingnews","10":"tag-featured-news","11":"tag-featurednews","12":"tag-headlines","13":"tag-huvudnyheter","14":"tag-latest-news","15":"tag-latestnews","16":"tag-main-news","17":"tag-mainnews","18":"tag-news","19":"tag-nyheter","20":"tag-rubriker","21":"tag-se","22":"tag-svenska","23":"tag-sverige","24":"tag-sweden","25":"tag-swedish","26":"tag-top-stories","27":"tag-topstories"},"share_on_mastodon":{"url":"https:\/\/pubeurope.com\/@se\/115812563934568670","error":""},"_links":{"self":[{"href":"https:\/\/www.europesays.com\/se\/wp-json\/wp\/v2\/posts\/121419","targetHints":{"allow":["GET"]}}],"collection":[{"href":"https:\/\/www.europesays.com\/se\/wp-json\/wp\/v2\/posts"}],"about":[{"href":"https:\/\/www.europesays.com\/se\/wp-json\/wp\/v2\/types\/post"}],"author":[{"embeddable":true,"href":"https:\/\/www.europesays.com\/se\/wp-json\/wp\/v2\/users\/2"}],"replies":[{"embeddable":true,"href":"https:\/\/www.europesays.com\/se\/wp-json\/wp\/v2\/comments?post=121419"}],"version-history":[{"count":0,"href":"https:\/\/www.europesays.com\/se\/wp-json\/wp\/v2\/posts\/121419\/revisions"}],"wp:featuredmedia":[{"embeddable":true,"href":"https:\/\/www.europesays.com\/se\/wp-json\/wp\/v2\/media\/121420"}],"wp:attachment":[{"href":"https:\/\/www.europesays.com\/se\/wp-json\/wp\/v2\/media?parent=121419"}],"wp:term":[{"taxonomy":"category","embeddable":true,"href":"https:\/\/www.europesays.com\/se\/wp-json\/wp\/v2\/categories?post=121419"},{"taxonomy":"post_tag","embeddable":true,"href":"https:\/\/www.europesays.com\/se\/wp-json\/wp\/v2\/tags?post=121419"}],"curies":[{"name":"wp","href":"https:\/\/api.w.org\/{rel}","templated":true}]}}