{"id":121425,"date":"2025-12-31T05:40:25","date_gmt":"2025-12-31T05:40:25","guid":{"rendered":"https:\/\/www.europesays.com\/se\/121425\/"},"modified":"2025-12-31T05:40:25","modified_gmt":"2025-12-31T05:40:25","slug":"carina-bergfeldts-morka-ar-varit-arg-och-fortvivlad","status":"publish","type":"post","link":"https:\/\/www.europesays.com\/se\/121425\/","title":{"rendered":"Carina Bergfeldts m\u00f6rka \u00e5r: \u201dVarit arg och f\u00f6rtvivlad\u201d"},"content":{"rendered":"<p>Publicerad 31 dec 2025 kl 06.30<\/p>\n<p>Tv-profilen Carina Bergfeldt har ett m\u00f6rkt \u00e5r bakom sig.<\/p>\n<p>Sm\u00e4rtan efter styvpappan Bosses d\u00f6d ledde till m\u00e5nga t\u00e5rar, nya r\u00e4dslor \u2013 och en vrede p\u00e5 Gud.<\/p>\n<p>\u201dJag blev n\u00e4stan lite galen ett tag. F\u00f6rs\u00f6kte krama ur varje minut\u201d, skriver hon p\u00e5 Instagram.<\/p>\n<p>Senaste klippen fr\u00e5n Expressen inom n\u00f6je.<img   alt=\"\"\/><\/p>\n<p>Carina Bergfeldt \u00f6ppnar upp om sitt tuffa 2025.<\/p>\n<p>Foto: KARIN T\u00d6RNBLOM \/ IBL<\/p>\n<p>\u00d6ppna bild i helsk\u00e4rm<img loading=\"lazy\"   alt=\"\"\/><\/p>\n<p>Styvpappan Bosses d\u00f6d under v\u00e5ren pr\u00e4glade Carina Bergfeldts \u00e5r i m\u00e5ngt och mycket.<\/p>\n<p>Foto: KARIN T\u00d6RNBLOM \/ IBL<\/p>\n<p>\u00d6ppna bild i helsk\u00e4rm<\/p>\n<p>Journalisten och tv-programledaren <a href=\"https:\/\/www.expressen.se\/tagg\/person\/carina-bergfeldt\/\" class=\"\" rel=\"nofollow noopener\" target=\"_blank\">Carina Bergfeldt<\/a> har under 2025 fortsatt att leda sin talkshow med samma namn p\u00e5 SVT. D\u00e4r har hon v\u00e4lkomnat aktuella g\u00e4ster \u2013 b\u00e5de svenska och internationella \u2013 sedan premi\u00e4ren 2021.<\/p>\n<p>N\u00e4r 2025 g\u00e5r mot sitt slut \u00f6ppnar Bergfeldt upp om \u00e5ret som g\u00e5tt och f\u00f6r henne har det varit ett tufft och k\u00e4nslom\u00e4ssigt k\u00e4mpigt \u00e5r.<\/p>\n<p>En stor anledning till det \u00e4r att styvpappan Bosse gick bort i cancer under v\u00e5ren.<\/p>\n<p>P\u00e5 Instagram beskriver hon sm\u00e4rtan och ber\u00e4ttar ocks\u00e5 om dagen han gick bort. En dag som hon beskriver som den v\u00e4rsta inspelningsdagen i hennes liv.<\/p>\n<p>\u201dKlockan 12 hade jag ett videosamtal med Bosse och tog farv\u00e4l. Klockan 13 dog han. Klockan 14 stod jag p\u00e5 kamerarep. Klockan 17 gjorde vi programmet\u201d, skriver hon.<\/p>\n<p><a href=\"https:\/\/www.instagram.com\/p\/DS2x2ohiGAO\/?hidecaption=true\" data-provider=\"instagram\" class=\"js-social-embed\" rel=\"nofollow noopener\" target=\"_blank\">https:\/\/www.instagram.com\/p\/DS2x2ohiGAO\/?hidecaption=true<\/a><\/p>\n<p>Hon ber\u00e4ttar att det hade kostat hundratusentals kronor att st\u00e4lla in inspelningen och att hon \u201dst\u00e4ngde av och gjorde jobbet\u201d.<\/p>\n<p>Men efter\u00e5t k\u00e4nde hon sig n\u00e4stan arg p\u00e5 sig sj\u00e4lv f\u00f6r att hon klarade av det, beskriver hon.<\/p>\n<p>Det var \u201dsom att det var fel att fungera. Att Bosse f\u00f6rtj\u00e4nat att jag brutit ihop\u201d.<\/p>\n<p>Hon beskriver ocks\u00e5 hur styvpappans d\u00f6d gjort henne mer r\u00e4dd f\u00f6r d\u00f6den.<\/p>\n<p>\u201dN\u00e5gra av de finaste stunderna\u201d<\/p>\n<p>Samtidigt som sm\u00e4rtan vilat tungt \u00f6ver Carina Bergfeldt under \u00e5ret som g\u00e5tt s\u00e5 ber\u00e4ttar hon \u00e4ven om ljuspunkterna.<\/p>\n<p>\u201dDet m\u00e4rkliga \u00e4r att trots att det varit ett s\u00e5nt skit\u00e5r s\u00e5 har jag ocks\u00e5 upplevt n\u00e5gra av de finaste stunderna i hela mitt liv. Kanske f\u00f6r att jag blev mer uppm\u00e4rksam. Mer n\u00e4rvarande. Mer klar \u00f6ver vad som faktiskt \u00e4r viktigt\u201d, skriver hon.<\/p>\n<p><a href=\"https:\/\/www.instagram.com\/p\/DHJNRrTIx1q\/?utm_source=ig_embed&amp;utm_campaign=loading\" data-provider=\"instagram\" class=\"js-social-embed\" rel=\"nofollow noopener\" target=\"_blank\">https:\/\/www.instagram.com\/p\/DHJNRrTIx1q\/?utm_source=ig_embed&amp;utm_campaign=loading<\/a><script async src=\"\/\/www.instagram.com\/embed.js\"><\/script><\/p>\n","protected":false},"excerpt":{"rendered":"Publicerad 31 dec 2025 kl 06.30 Tv-profilen Carina Bergfeldt har ett m\u00f6rkt \u00e5r bakom sig. Sm\u00e4rtan efter styvpappan&hellip;\n","protected":false},"author":2,"featured_media":121426,"comment_status":"","ping_status":"","sticky":false,"template":"","format":"standard","meta":{"footnotes":""},"categories":[67],"tags":[104,361,544,5408,34,31,33,32,30,2231,427,310,105],"class_list":{"0":"post-121425","1":"post","2":"type-post","3":"status-publish","4":"format-standard","5":"has-post-thumbnail","7":"category-underhallning","8":"tag-entertainment","9":"tag-organization-svt","10":"tag-organization-svt-play","11":"tag-person-carina-bergfeldt","12":"tag-se","13":"tag-svenska","14":"tag-sverige","15":"tag-sweden","16":"tag-swedish","17":"tag-topic-cancer","18":"tag-topic-dodsfall","19":"tag-topic-kandisar","20":"tag-underhallning"},"share_on_mastodon":{"url":"https:\/\/pubeurope.com\/@se\/115812579653581675","error":""},"_links":{"self":[{"href":"https:\/\/www.europesays.com\/se\/wp-json\/wp\/v2\/posts\/121425","targetHints":{"allow":["GET"]}}],"collection":[{"href":"https:\/\/www.europesays.com\/se\/wp-json\/wp\/v2\/posts"}],"about":[{"href":"https:\/\/www.europesays.com\/se\/wp-json\/wp\/v2\/types\/post"}],"author":[{"embeddable":true,"href":"https:\/\/www.europesays.com\/se\/wp-json\/wp\/v2\/users\/2"}],"replies":[{"embeddable":true,"href":"https:\/\/www.europesays.com\/se\/wp-json\/wp\/v2\/comments?post=121425"}],"version-history":[{"count":0,"href":"https:\/\/www.europesays.com\/se\/wp-json\/wp\/v2\/posts\/121425\/revisions"}],"wp:featuredmedia":[{"embeddable":true,"href":"https:\/\/www.europesays.com\/se\/wp-json\/wp\/v2\/media\/121426"}],"wp:attachment":[{"href":"https:\/\/www.europesays.com\/se\/wp-json\/wp\/v2\/media?parent=121425"}],"wp:term":[{"taxonomy":"category","embeddable":true,"href":"https:\/\/www.europesays.com\/se\/wp-json\/wp\/v2\/categories?post=121425"},{"taxonomy":"post_tag","embeddable":true,"href":"https:\/\/www.europesays.com\/se\/wp-json\/wp\/v2\/tags?post=121425"}],"curies":[{"name":"wp","href":"https:\/\/api.w.org\/{rel}","templated":true}]}}