{"id":121429,"date":"2025-12-31T05:44:15","date_gmt":"2025-12-31T05:44:15","guid":{"rendered":"https:\/\/www.europesays.com\/se\/121429\/"},"modified":"2025-12-31T05:44:15","modified_gmt":"2025-12-31T05:44:15","slug":"henrik-torehammar-hur-smutsig-blir-valrorelsen-2026","status":"publish","type":"post","link":"https:\/\/www.europesays.com\/se\/121429\/","title":{"rendered":"Henrik Torehammar: Hur smutsig blir valr\u00f6relsen 2026?"},"content":{"rendered":"<p>Det \u00e4r m\u00e5nga \u2013 inte minst politiker \u2013 som f\u00f6rutser att valr\u00f6relsen 2026 kommer bli den smutsigaste, rentav blodigaste, hittills. Det \u00e4r n\u00e5got som brukar s\u00e4gas inf\u00f6r varje val. Men vad menas egentligen?<\/p>\n<p>Det smutsiga handlar i grunden om att partierna fokuserar mer p\u00e5 motst\u00e5ndarnas fel \u00e4n p\u00e5 vad de sj\u00e4lva vill g\u00f6ra. Personangrepp ers\u00e4tter sakpolitik och konfliktniv\u00e5n blir s\u00e5 h\u00f6g att v\u00e4ljarna helst vill st\u00e4nga av el\u00e4ndet.<\/p>\n","protected":false},"excerpt":{"rendered":"Det \u00e4r m\u00e5nga \u2013 inte minst politiker \u2013 som f\u00f6rutser att valr\u00f6relsen 2026 kommer bli den smutsigaste, rentav&hellip;\n","protected":false},"author":2,"featured_media":121430,"comment_status":"","ping_status":"","sticky":false,"template":"","format":"standard","meta":{"footnotes":""},"categories":[12],"tags":[22,23,26,27,17,21,24,25,28,29,15,16,18,34,31,33,32,30,19,20],"class_list":{"0":"post-121429","1":"post","2":"type-post","3":"status-publish","4":"format-standard","5":"has-post-thumbnail","7":"category-sverige","8":"tag-breaking-news","9":"tag-breakingnews","10":"tag-featured-news","11":"tag-featurednews","12":"tag-headlines","13":"tag-huvudnyheter","14":"tag-latest-news","15":"tag-latestnews","16":"tag-main-news","17":"tag-mainnews","18":"tag-news","19":"tag-nyheter","20":"tag-rubriker","21":"tag-se","22":"tag-svenska","23":"tag-sverige","24":"tag-sweden","25":"tag-swedish","26":"tag-top-stories","27":"tag-topstories"},"share_on_mastodon":{"url":"https:\/\/pubeurope.com\/@se\/115812595370456083","error":""},"_links":{"self":[{"href":"https:\/\/www.europesays.com\/se\/wp-json\/wp\/v2\/posts\/121429","targetHints":{"allow":["GET"]}}],"collection":[{"href":"https:\/\/www.europesays.com\/se\/wp-json\/wp\/v2\/posts"}],"about":[{"href":"https:\/\/www.europesays.com\/se\/wp-json\/wp\/v2\/types\/post"}],"author":[{"embeddable":true,"href":"https:\/\/www.europesays.com\/se\/wp-json\/wp\/v2\/users\/2"}],"replies":[{"embeddable":true,"href":"https:\/\/www.europesays.com\/se\/wp-json\/wp\/v2\/comments?post=121429"}],"version-history":[{"count":0,"href":"https:\/\/www.europesays.com\/se\/wp-json\/wp\/v2\/posts\/121429\/revisions"}],"wp:featuredmedia":[{"embeddable":true,"href":"https:\/\/www.europesays.com\/se\/wp-json\/wp\/v2\/media\/121430"}],"wp:attachment":[{"href":"https:\/\/www.europesays.com\/se\/wp-json\/wp\/v2\/media?parent=121429"}],"wp:term":[{"taxonomy":"category","embeddable":true,"href":"https:\/\/www.europesays.com\/se\/wp-json\/wp\/v2\/categories?post=121429"},{"taxonomy":"post_tag","embeddable":true,"href":"https:\/\/www.europesays.com\/se\/wp-json\/wp\/v2\/tags?post=121429"}],"curies":[{"name":"wp","href":"https:\/\/api.w.org\/{rel}","templated":true}]}}