{"id":121431,"date":"2025-12-31T05:45:10","date_gmt":"2025-12-31T05:45:10","guid":{"rendered":"https:\/\/www.europesays.com\/se\/121431\/"},"modified":"2025-12-31T05:45:10","modified_gmt":"2025-12-31T05:45:10","slug":"traden-skyddar-winfridas-gard-mot-det-nya-vadret","status":"publish","type":"post","link":"https:\/\/www.europesays.com\/se\/121431\/","title":{"rendered":"Tr\u00e4den skyddar Winfridas g\u00e5rd mot det nya v\u00e4dret"},"content":{"rendered":"<p>share-arrowDela<\/p>\n<p>unsaveSpara<\/p>\n<p>chevron-leftf\u00f6reg\u00e5ende<\/p>\n<ul class=\"carousel-container-viewport\" style=\"transform:translate3d(0%, 0, 0)\">\n<li class=\"carousel-slide\" style=\"z-index:1;filter:none(1);padding-bottom:75%\"><img decoding=\"async\" class=\"image-asset hyperion-css-u06ts1\" data-test-tag=\"image-asset\" src=\"https:\/\/www.europesays.com\/se\/wp-content\/uploads\/2025\/12\/c293c409-cee4-441e-a004-fdecbe994197.jpeg\"  alt=\"\"  fetchpriority=\"auto\" style=\"aspect-ratio:1900 \/ 1425\"\/><\/li>\n<li class=\"carousel-slide\" style=\"filter:none(0.3);padding-bottom:75%\"><img decoding=\"async\" class=\"image-asset hyperion-css-u06ts1\" data-test-tag=\"image-asset\" src=\"https:\/\/www.europesays.com\/se\/wp-content\/uploads\/2025\/12\/902d98d2-f426-46f2-bf0c-c63cc32ae108.jpeg\"  alt=\"\"  fetchpriority=\"auto\" style=\"aspect-ratio:1900 \/ 1267\"\/><\/li>\n<\/ul>\n<p>expand-left<\/p>\n<p>helsk\u00e4rmchevron-rightn\u00e4staWinfrida Gilbert bland solrosorna p\u00e5 hj\u00e4lporganisationen Vi-skogens tr\u00e4ningsanl\u00e4ggning i Musoma, d\u00e4r en stor konferens nyss avslutats.<\/p>\n<p>1 \/ 2Foto: Rebecka Elmgren Lindmark\/Vi-Skogen<\/p>\n<p class=\"hyperion-css-1shl3oz\" data-test-tag=\"lead-text\">Tusentals sm\u00e5b\u00f6nder i Tanzania trotsade det uppblossade v\u00e5ldet f\u00f6r att l\u00e4ra sig hur tr\u00e4d kan bli skydd mot ett v\u00e4der som inte l\u00e4ngre \u00e4r sig likt.<\/p>\n<p class=\"hyperion-css-1shl3oz\" data-test-tag=\"lead-text\">Winfrida Gilbert har lyckats f\u00e5 sk\u00f6rdarna att v\u00e4xa i ett f\u00f6r\u00e4ndrat klimat.<\/p>\n<p class=\"hyperion-css-1shl3oz\" data-test-tag=\"lead-text\">\u2013 Jag har dessutom kunnat bygga ett stort hus, s\u00e4ger hon.<\/p>\n<p class=\"hyperion-css-1v9qo5x\">V\u00e4dret i Tanzania \u00e4r inte som det brukade vara. Landet, d\u00e4r fyra av fem \u00e4r beroende av jordbruk, \u00e4r h\u00e5rt drabbat av det f\u00f6r\u00e4ndrade klimatet, som fr\u00e4mst beror p\u00e5 m\u00e4nniskans f\u00f6rbr\u00e4nning av fossila br\u00e4nslen.<\/p>\n<p class=\"hyperion-css-1v9qo5x\">\u2013 F\u00f6r\u00e4ndringarna \u00e4r mycket stora j\u00e4mf\u00f6rt med f\u00f6r tio \u00e5r sedan, s\u00e4ger Winfrida Gilbert, en av landets sm\u00e5b\u00f6nder.<\/p>\n<p class=\"hyperion-css-1v9qo5x\">Det g\u00e5r inte l\u00e4ngre att f\u00f6rlita sig p\u00e5 regnet. Allt som oftast steker solen.<\/p>\n<p class=\"hyperion-css-1v9qo5x\">\u2013 Om man planterade saker f\u00f6rut v\u00e4xte de bra. Men nu f\u00f6r tiden \u00e4r det mycket lite regn. Och jag tror det beror p\u00e5 klimatf\u00f6r\u00e4ndringarna, s\u00e4ger hon.<\/p>\n<p>Kr\u00e4ver h\u00e5rt jobb<\/p>\n<p class=\"hyperion-css-1v9qo5x\">Men hon \u00e4r inte bitter, s\u00e4ger hon. F\u00f6r 13 \u00e5r sedan b\u00f6rjade hon l\u00e4ra sig om nya metoder, som f\u00f6renklat inneb\u00e4r att man planterar tr\u00e4d bland raderna av majs, kassava, solrosor och annat.<\/p>\n<p class=\"hyperion-css-1v9qo5x\">Sk\u00f6rdarna har \u00f6kat, och d\u00e4rmed inkomsterna. Tio \u00e5r senare har hennes tre barn universitetsutbildning, familjen har mat p\u00e5 bordet och hon har kunnat l\u00e4mna sitt nedg\u00e5ngna hus och byggt ett nytt, n\u00e5got hon inte tror hade varit m\u00f6jligt utan tr\u00e4den.<\/p>\n<p class=\"hyperion-css-1v9qo5x\">Gilbert \u00e4r bara en av tusentals b\u00f6nder i Tanzania som b\u00f6rjat med metoden, som svenska hj\u00e4lporganisationen Vi-skogen specialiserat sig p\u00e5.<\/p>\n<p class=\"hyperion-css-1v9qo5x\">Tr\u00e4den ger skugga och binder kv\u00e4ve i jorden. R\u00f6tterna hj\u00e4lper till att f\u00f6rhindra erosion fr\u00e5n h\u00e4ftiga regn och h\u00e5ller jorden fuktig. Tr\u00e4den i sig ger ocks\u00e5 timmer, och i Winfrida Gilberts fall \u00e4ven frukt.<\/p>\n<p class=\"hyperion-css-1v9qo5x\">\u2013 Vi brukar s\u00e4ga att \u201dvarf\u00f6r hoppar inte alla b\u00f6nder p\u00e5 det h\u00e4r?\u201d. Men det kr\u00e4vs ett h\u00e5rt jobb ocks\u00e5, \u00e4ven om vi ser effekter redan fr\u00e5n f\u00f6rsta \u00e5ret, s\u00e4ger Charlotta Szczepanowski, generalsekreterare.<\/p>\n<p class=\"hyperion-css-1v9qo5x\">Wilfrida Gilbert h\u00e5ller med:<\/p>\n<p class=\"hyperion-css-1v9qo5x\">\u2013 Det f\u00f6rsta \u00e5ret gav jag n\u00e4stan upp, f\u00f6r jag tyckte att det var tungt. Men efter andra \u00e5ret b\u00f6rjade jag se resultatet, s\u00e4ger hon.<\/p>\n<p>Oroligt i landet<\/p>\n<p class=\"hyperion-css-1v9qo5x\">Nyligen h\u00f6lls en stor konferens p\u00e5 Vi-skogens tr\u00e4ningscenter i Musoma d\u00e4r 6\u00a0000 b\u00f6nder, experter och andra tr\u00e4ffades.<\/p>\n<p class=\"hyperion-css-1v9qo5x\">Symposiet h\u00f6ll p\u00e5 att g\u00e5 om intet. Efter valet i slutet av oktober i Tanzania uppstod oroligheter. Uppemot 1\u00a0000 personer d\u00f6dades enligt oppositionen, och svenska UD avr\u00e5dde fr\u00e5n resor.<\/p>\n<p class=\"hyperion-css-1v9qo5x\">\u2013 Jag m\u00e5dde v\u00e4ldigt d\u00e5ligt. Men jag bad till Gud att det inte skulle st\u00e4llas in, s\u00e4ger Gilbert.<\/p>\n<p class=\"hyperion-css-1v9qo5x\">Men m\u00f6tet blev av, och Winfrida Gilbert har trots sin rutin mycket kvar att l\u00e4ra.<\/p>\n<p class=\"hyperion-css-1v9qo5x\">\u2013 Det finns saker som jag inte kan. P\u00e5 de h\u00e4r tre dagarna har jag l\u00e4rt mig saker, som jag kan ta med mig hem och prova.<\/p>\n","protected":false},"excerpt":{"rendered":"share-arrowDela unsaveSpara chevron-leftf\u00f6reg\u00e5ende expand-left helsk\u00e4rmchevron-rightn\u00e4staWinfrida Gilbert bland solrosorna p\u00e5 hj\u00e4lporganisationen Vi-skogens tr\u00e4ningsanl\u00e4ggning i Musoma, d\u00e4r en stor konferens&hellip;\n","protected":false},"author":2,"featured_media":121432,"comment_status":"","ping_status":"","sticky":false,"template":"","format":"standard","meta":{"footnotes":""},"categories":[5],"tags":[22,23,26,27,17,21,24,25,28,29,15,16,18,34,31,33,32,30,19,20],"class_list":{"0":"post-121431","1":"post","2":"type-post","3":"status-publish","4":"format-standard","5":"has-post-thumbnail","7":"category-rubriker","8":"tag-breaking-news","9":"tag-breakingnews","10":"tag-featured-news","11":"tag-featurednews","12":"tag-headlines","13":"tag-huvudnyheter","14":"tag-latest-news","15":"tag-latestnews","16":"tag-main-news","17":"tag-mainnews","18":"tag-news","19":"tag-nyheter","20":"tag-rubriker","21":"tag-se","22":"tag-svenska","23":"tag-sverige","24":"tag-sweden","25":"tag-swedish","26":"tag-top-stories","27":"tag-topstories"},"share_on_mastodon":{"url":"https:\/\/pubeurope.com\/@se\/115812599248865566","error":""},"_links":{"self":[{"href":"https:\/\/www.europesays.com\/se\/wp-json\/wp\/v2\/posts\/121431","targetHints":{"allow":["GET"]}}],"collection":[{"href":"https:\/\/www.europesays.com\/se\/wp-json\/wp\/v2\/posts"}],"about":[{"href":"https:\/\/www.europesays.com\/se\/wp-json\/wp\/v2\/types\/post"}],"author":[{"embeddable":true,"href":"https:\/\/www.europesays.com\/se\/wp-json\/wp\/v2\/users\/2"}],"replies":[{"embeddable":true,"href":"https:\/\/www.europesays.com\/se\/wp-json\/wp\/v2\/comments?post=121431"}],"version-history":[{"count":0,"href":"https:\/\/www.europesays.com\/se\/wp-json\/wp\/v2\/posts\/121431\/revisions"}],"wp:featuredmedia":[{"embeddable":true,"href":"https:\/\/www.europesays.com\/se\/wp-json\/wp\/v2\/media\/121432"}],"wp:attachment":[{"href":"https:\/\/www.europesays.com\/se\/wp-json\/wp\/v2\/media?parent=121431"}],"wp:term":[{"taxonomy":"category","embeddable":true,"href":"https:\/\/www.europesays.com\/se\/wp-json\/wp\/v2\/categories?post=121431"},{"taxonomy":"post_tag","embeddable":true,"href":"https:\/\/www.europesays.com\/se\/wp-json\/wp\/v2\/tags?post=121431"}],"curies":[{"name":"wp","href":"https:\/\/api.w.org\/{rel}","templated":true}]}}