{"id":121435,"date":"2025-12-31T05:52:50","date_gmt":"2025-12-31T05:52:50","guid":{"rendered":"https:\/\/www.europesays.com\/se\/121435\/"},"modified":"2025-12-31T05:52:50","modified_gmt":"2025-12-31T05:52:50","slug":"seychellerna-gastvanligt-och-rent-men-det-ar-inte-telia-cornucopia","status":"publish","type":"post","link":"https:\/\/www.europesays.com\/se\/121435\/","title":{"rendered":"Seychellerna \u2013 g\u00e4stv\u00e4nligt och rent, men det \u00e4r inte Telia \u2013 Cornucopia?"},"content":{"rendered":"<p>\t\t\t670<\/p>\n<p>Seychelelrna utm\u00e5las ibland som platsen f\u00f6r Edens Lustg\u00e5rd, och har utvecklats till ett g\u00e4stv\u00e4nligt och rent turistparadis. Samtidigt \u00e4r det den plats med s\u00e4mst Internet och mobiltelefoni som jag n\u00e5gonsin upplevt, och extra illa med Telias priss\u00e4ttning, men \u00e4ven via wifi. Borde tagit med min Starlink Mini, men det gick att jobba \u00e4nd\u00e5.<\/p>\n<p><img loading=\"lazy\" decoding=\"async\" width=\"2048\" height=\"1365\" src=\"https:\/\/www.europesays.com\/se\/wp-content\/uploads\/2025\/12\/seychellerna_eden_island_utsikt-2048x1365.jpg\" alt=\"\" class=\"wp-image-167404\"  \/>H\u00e5rt exploaterade och antagligen artificiella Eden Island vid Mahe. Praslin och La Digue syns vid horisonten, ungef\u00e4r som man ser grann\u00f6arna p\u00e5 Mindre Antillerna i Karibien. Taxichauff\u00f6ren var f\u00f6r \u00f6vrigt sn\u00e4ll att stanna p\u00e5 utsiktspunkter s\u00e5 man kunde ta foton. Utan taxameter som tickade.<\/p>\n<p>F\u00f6rst avklarar vi uttalet av Seychelles p\u00e5 engelska. Det uttalas tydligen inte som S\u00e4g-sk\u00e4lls, som man kanske g\u00f6r som svensk, utan det uttalas av de flesta som Si-kjells, allts\u00e5 som engelsa Seashelles. Havssn\u00e4ckor. Passande kanske.<\/p>\n<p><img loading=\"lazy\" decoding=\"async\" width=\"1920\" height=\"1280\" src=\"https:\/\/www.europesays.com\/se\/wp-content\/uploads\/2025\/12\/geochallenge_2.jpg\" alt=\"\" class=\"wp-image-166381\"  \/>Katamaraner utanf\u00f6r La Digue<\/p>\n<p>Seychellerna kan s\u00e4gas vara Indiska Oceanens Karibien, med m\u00e5nga sm\u00e5 \u00f6ar och utm\u00e4rkta m\u00f6jlgiheter att leasa en kattamaran och segla runt i n\u00e5gra veckor om man vill. K\u00e4nslan \u00e4r ocks\u00e5 v\u00e4ldigt mycket Karibien, fast med b\u00e4ttre v\u00e4der. Till skillnad mot b\u00e5de Maldiverna och Mauritius ska man ha stabilt v\u00e4der och ligga utanf\u00f6r ov\u00e4rdersb\u00e4ltena. Klimatet ska vara 25 \u2013 30 grader \u00e5ret runt och utan cykloner, tyfoner eller massiva regns\u00e4songer.<\/p>\n<p><img loading=\"lazy\" decoding=\"async\" width=\"2048\" height=\"1365\" data-id=\"167483\" src=\"https:\/\/www.europesays.com\/se\/wp-content\/uploads\/2025\/12\/seychellerna_vag_utsikt-2048x1365.jpg\" alt=\"\" class=\"wp-image-167483\"  \/><\/p>\n<p><img loading=\"lazy\" decoding=\"async\" width=\"2048\" height=\"1365\" data-id=\"167482\" src=\"https:\/\/www.europesays.com\/se\/wp-content\/uploads\/2025\/12\/seychellerna_fruktmarknad-2048x1365.jpg\" alt=\"\" class=\"wp-image-167482\"  \/><br \/>\nFoton fr\u00e5n taxi till hotellet. Det \u00e4r ett l\u00f6v som ligger p\u00e5 marken p\u00e5 marknadsfotot, men det \u00e4r ocks\u00e5 all nedskr\u00e4pning<\/p>\n<p>Vad som direkt slog mig var hur rent och prydligt det var, \u00e4ven utanf\u00f6r turistst\u00e4llen. Inget skr\u00e4p i diken l\u00e4ngs v\u00e4garna, knappt n\u00e5got skr\u00e4p alls, vilket man inte kan s\u00e4ga om alla destinationer och definitivt inte vid EU-l\u00e4nderna vid Medelhavet. Definitivt inte <a href=\"https:\/\/cornucopia.se\/2019\/11\/missnojet-gror-pa-ett-fortfarande\/\" rel=\"nofollow noopener\" target=\"_blank\">som Sint Maarten<\/a> i Karibien.<\/p>\n<p><img loading=\"lazy\" decoding=\"async\" width=\"2048\" height=\"1365\" src=\"https:\/\/www.europesays.com\/se\/wp-content\/uploads\/2025\/12\/seychellerna_strandutsikt_hotell-2048x1365.jpg\" alt=\"\" class=\"wp-image-167484\"  \/>Utsikt fr\u00e5n hotellets lounge i v\u00e4ntan p\u00e5 att vi ska f\u00e5 v\u00e5rt rum. Resorten var byggd f\u00f6r att utan AC hantera klimatet, med kylande grunda pooler, kylande takkonstruktioner, utan v\u00e4ggar och med fl\u00e4ktar i taken. AC fanns bara p\u00e5 rummen och i gymmet.<\/p>\n<p>Jag har inte heller varit med om n\u00e5got s\u00e5 artigt och g\u00e4stv\u00e4nligt folk, och d\u00e5 inte bara p\u00e5 den resort d\u00e4r vi bodde. \u00c5 andra sidan st\u00e5r turismen f\u00f6r 60 \u2013 70% av landets BNP, och d\u00e5 m\u00e5ste man f\u00f6rst\u00e5s svara upp.<\/p>\n<p>Bortsett fr\u00e5n de sedvanliga f\u00f6rs\u00f6ken att bli bl\u00e5st p\u00e5 taxin vid ankomst \u2013 vilket man \u00e4ven blir p\u00e5 franska Rivieran eller egentligen \u00e4ven p\u00e5 Arlanda om man inte vet vad man g\u00f6r \u2013 s\u00e5 \u00e4r det alltid intressant att h\u00f6ra vad taxichauff\u00f6rer har att s\u00e4ga och det inkluderade att man har ett starkt civilsamh\u00e4lle i p\u00e5 Seychellerna, s\u00e4rskilt i att granska makten. Medan vi blev erbjudna 1300 rupier f\u00f6r transfer till hotellet men fick betala 1100 efter Lena gjort sitt s\u00e5 kostade taxi \u00e5t andra h\u00e5llet 800 rupier n\u00e4r man bokade via hotellet, aprop\u00e5 att bli bl\u00e5sta.<\/p>\n<p><img loading=\"lazy\" decoding=\"async\" width=\"2048\" height=\"1365\" src=\"https:\/\/www.europesays.com\/se\/wp-content\/uploads\/2025\/12\/seychellerna_solnedgang_askmoln-2048x1365.jpg\" alt=\"\" class=\"wp-image-167485\"  \/>\u00c5skmoln tornar upp sig i solnedg\u00e5ngen, men det regnade bara en dag dagtid, men ofta p\u00e5 natten medan man sov. Inte alls som t ex Bali s\u00e5 h\u00e4r \u00e5rs med tyfons\u00e4song och konstant pl\u00f6tsligt h\u00e4llregn, eller Karibien under regns\u00e4songen. Men vi kanske hade tur.<\/p>\n<p>\u00d6gruppen \u00e4r topprankad som afrikansk demokrati och ligger p\u00e5 80\/100 p\u00e5 Freedom Houses frihetsskala och stigande. 80 kan j\u00e4mf\u00f6ras med att USA har 84. Eller hade innan Trumpregimen tog \u00f6ver. F\u00f6rmodligen kommer USA backa f\u00f6r \u00e5r 2025. Brister i frihet \u00e4r bland annat att man \u00e4r lite som DDR-Sverige* p\u00e5 1980-talet med statskontrollerad media. \u00c5 andra sidan g\u00f6r det att media g\u00f6r reklam f\u00f6r t ex att st\u00e4da upp och plocka upp t ex PET-flaskor, lite som DDR-Sveriges Anslagstavlan.<\/p>\n<p><img loading=\"lazy\" decoding=\"async\" width=\"2048\" height=\"1536\" src=\"https:\/\/www.europesays.com\/se\/wp-content\/uploads\/2025\/12\/seychellerna_frukost_regn-2048x1536.jpeg\" alt=\"\" class=\"wp-image-167486\"  \/>Frukost med regn<\/p>\n<p>Seychellerna \u00e4r dock inte rankad alls i The Economists demokratiindex tyv\u00e4rr. Vet inte om ca 120 000 inv\u00e5nare \u00e4r f\u00f6r litet f\u00f6r att The Economist ska titta p\u00e5 det.<\/p>\n<p>Ett annat tecken p\u00e5 ett v\u00e4lutvecklat land var den st\u00e4ndiga f\u00f6rekomsten av varningsskyltar och uppmaningar om arbetsplatss\u00e4kerhet och t ex hj\u00e4lmar p\u00e5 byggarbetare. N\u00e4r man har r\u00e5d och prioriterar arbetarskydd har man kommit l\u00e5ngt. Det var minst sagt v\u00e4lskyltat vid exempelvis v\u00e4garbeten.<\/p>\n<p>Eftersom vi jobbar s\u00e5 \u00e4r Internet avg\u00f6rande, men jag har aldrig varit med om s\u00e5 d\u00e5ligt Internet. Telia i sin frikostighet erbj\u00f6d inget paket man kunde k\u00f6pa till utan <strong>priset hos Telia f\u00f6r mobilldata p\u00e5 Seychellerna var 199:- SEK f\u00f6r 5 MB. Inte 5 Gigabyte, utan 5 Megabyte allts\u00e5.<\/strong> Till och med Gr\u00f6nland var billigare 2016. S\u00e5 f\u00f6r f\u00f6rsta g\u00e5ngen n\u00e5gonsin st\u00e4ngde jag av roaming. Det r\u00e4cker ju att titta p\u00e5 telefonens sk\u00e4rm s\u00e5 g\u00e5r det \u00e5t 5 MB, typ. Offlinekartor via Google Maps ordnades dock n\u00e4r det fanns wifi. Tack och lov erbj\u00f6d de flesta inr\u00e4ttningar wifi, men bara f\u00f6r kunder med inloggningskoder fr\u00e5n kvittot etc som krav. Gratis wifi verkar inte vara en grej, eller s\u00e5 lyckades man aldrig f\u00e5 kontakt med omv\u00e4rlden via gratis wifi.<\/p>\n<p><img loading=\"lazy\" decoding=\"async\" width=\"1600\" height=\"1200\" src=\"https:\/\/www.europesays.com\/se\/wp-content\/uploads\/2025\/12\/seychellerna_lars_wilderang.jpg\" alt=\"\" class=\"wp-image-167487\"  \/>Bloggaren bloggar p\u00e5 hotellrummets balkong<\/p>\n<p>\u00c4ven uppkopplingen via wifi var sl\u00f6. Inte p\u00e5 wifisidan, utan vidare till resten av v\u00e4rlden. Oavsett om vi var p\u00e5 hotellet, p\u00e5 flygplatsen, p\u00e5 restauranger eller annat s\u00e5 var det pl\u00e5gsamt l\u00e5ngsamt att jobba. S\u00e5 h\u00e4r i efterhand borde jag tagit med min Starlink Mini och k\u00f6rt den \u00e4ven p\u00e5 hotellet, f\u00f6r det hade varit snabbare. <\/p>\n<p><img loading=\"lazy\" decoding=\"async\" width=\"2048\" height=\"1536\" data-id=\"167489\" src=\"https:\/\/www.europesays.com\/se\/wp-content\/uploads\/2025\/12\/seychellerna_butik-2048x1536.jpeg\" alt=\"\" class=\"wp-image-167489\"  \/><\/p>\n<p><img loading=\"lazy\" decoding=\"async\" width=\"2048\" height=\"1536\" data-id=\"167488\" src=\"https:\/\/www.europesays.com\/se\/wp-content\/uploads\/2025\/12\/seychellerna_butik2-2048x1536.jpeg\" alt=\"\" class=\"wp-image-167488\"  \/><\/p>\n<p><img loading=\"lazy\" decoding=\"async\" width=\"1536\" height=\"2048\" data-id=\"167490\" src=\"https:\/\/www.europesays.com\/se\/wp-content\/uploads\/2025\/12\/seychellerna_butik_kassa-1536x2048.jpeg\" alt=\"\" class=\"wp-image-167490\"  \/><\/p>\n<p><img loading=\"lazy\" decoding=\"async\" width=\"1600\" height=\"1200\" data-id=\"167492\" src=\"https:\/\/www.europesays.com\/se\/wp-content\/uploads\/2025\/12\/seychellerna_maltid_lars_wilderang.jpg\" alt=\"\" class=\"wp-image-167492\"  \/><br \/>\nInk\u00f6p av l\u00e4ttare m\u00e5ltid i en kvartersbutik utanf\u00f6r hotellets omr\u00e5de, och resulterande middag. Vi hade tack och lov inte helpension utan bara frukost. Annars var det trer\u00e4tters i helpension b\u00e5de till lunch och middag, och det var illa nog att \u00e4ta tv\u00e5 riktiga m\u00e5ltider om dagen, s\u00e5 en middag och en lunch blev det snacks enligt ovan. Frukt, n\u00f6tter och ost. Den senare fr\u00e5n Arla faktiskt.<\/p>\n<p>De flesta beh\u00f6ver dock inte jobba n\u00e4r de reser bort, s\u00e5 uselt Internet \u00e4r d\u00e4rmed ett icke-problem.<\/p>\n<p><img loading=\"lazy\" decoding=\"async\" width=\"2048\" height=\"1536\" data-id=\"167496\" src=\"https:\/\/www.europesays.com\/se\/wp-content\/uploads\/2025\/12\/seychellerna_mat_cyann-2048x1536.jpeg\" alt=\"\" class=\"wp-image-167496\"  \/><\/p>\n<p><img loading=\"lazy\" decoding=\"async\" width=\"2048\" height=\"1365\" data-id=\"167495\" src=\"https:\/\/www.europesays.com\/se\/wp-content\/uploads\/2025\/12\/seychellerna_cyann-2048x1365.jpg\" alt=\"\" class=\"wp-image-167495\"  \/><\/p>\n<p><img loading=\"lazy\" decoding=\"async\" width=\"1536\" height=\"2048\" data-id=\"167498\" src=\"https:\/\/www.europesays.com\/se\/wp-content\/uploads\/2025\/12\/seychellerna_vinlista_cyann_intro-1536x2048.jpeg\" alt=\"\" class=\"wp-image-167498\"  \/><\/p>\n<p><img loading=\"lazy\" decoding=\"async\" width=\"1536\" height=\"2048\" data-id=\"167497\" src=\"https:\/\/www.europesays.com\/se\/wp-content\/uploads\/2025\/12\/seychellerna_vinlista_cyann-1536x2048.jpeg\" alt=\"\" class=\"wp-image-167497\"  \/><br \/>\nPrisbel\u00f6nta finkrogen Cyann tillh\u00f6rde ocks\u00e5 hotellet, och \u00e4ven om man serverade inte bara ala carte, utan \u00e4ven avsmakningsmenyer s\u00e5 hade man inte vinpaket. D\u00e4remot hade man en imponerande vinlista p\u00e5 glas d\u00e4r det egentligen inte fanns n\u00e5got som saknades, s\u00e5 man kunde tillsammans med sommelierer i internationell toppklass handplocka viner till maten. Den inklusive helflaskor 90 sidor l\u00e5nga vinlistan fanns f\u00f6red\u00f6mligt p\u00e5 en l\u00e4splatta, n\u00e5got fler restauranger borde ta efter f\u00f6r enkla uppdateringar av vad som finns i k\u00e4llaren. F\u00f6r \u00f6vrigt en viss utmaning i att lagra viner i klimatet, men man hade kylrum och kylar f\u00f6r detta \u00e4ndam\u00e5l. Pga dominansen av ryska turister s\u00e5 fanns det ocks\u00e5 en s\u00e4rskilt framtagen lista med s\u00f6ta viner att ha till maten. <\/p>\n<p>Paradis\u00f6ar och mycket att se och g\u00f6ra, men vi satt mest p\u00e5 hotellet och jobbade med begr\u00e4nsade utstick. Vi bodde dock p\u00e5 en resort p\u00e5 grovt r\u00e4knat 150 hektars yta och med 5 \u2013 6 restauranger, s\u00e5 det fanns goda m\u00f6jligheter till b\u00e5de l\u00f6ptr\u00e4ning, samt pauser f\u00f6r gym. Transporter inom resorten skedde med st\u00e4ndigt k\u00f6rande sm\u00e5 \u00f6ppna elbussar, \u00e4ven om vi oftast valde att g\u00e5. Utifr\u00e5n de \u00f6vriga g\u00e4sterna borde fler ocks\u00e5 valt att g\u00e5 ist\u00e4llet f\u00f6r att st\u00e4ndigt ta elbussarna.<\/p>\n<p><img loading=\"lazy\" decoding=\"async\" width=\"1600\" height=\"1200\" src=\"https:\/\/www.europesays.com\/se\/wp-content\/uploads\/2025\/12\/seychellerna_naturstig_lars_wilderang.jpg\" alt=\"\" class=\"wp-image-167493\"  \/>DEt fanns en naturstig p\u00e5 n\u00e5gra kilometer p\u00e5 hotellets omr\u00e5de. Gott om mygg, s\u00e5 man vill g\u00e4rna ha l\u00e5nga kl\u00e4der, men som ni ser p\u00e5 fotot kan det bli lite sm\u00e5svettigt.<\/p>\n<p>L\u00e5gs\u00e4song, s\u00e5 resorten Constance Ephelia hade ca 500 g\u00e4ster vid tillf\u00e4llet, \u00e4ven om man enligt personal (som inte n\u00f6dv\u00e4ndigtvis hade hela bilden) v\u00e4ntade sig 800 under julveckorna.<\/p>\n<p><img loading=\"lazy\" decoding=\"async\" width=\"2048\" height=\"1365\" src=\"https:\/\/www.europesays.com\/se\/wp-content\/uploads\/2025\/12\/seychellerna_naturstig-2048x1365.jpg\" alt=\"\" class=\"wp-image-167494\"  \/>Naturstigen var inte handikappanpassad och t\u00e4mligen v\u00e4lkuperad.<\/p>\n<p>Vi gjorde \u00e4ven en dagsutflykt till grann\u00f6arna Praslin och La Digue.<\/p>\n<p>Praslin har ett naturreservat d\u00e4r landets de facto symbol Coco de Mer v\u00e4xer, med h\u00e5rda straff om man f\u00f6rs\u00f6ker avl\u00e4gsna en av de v\u00e4ldigt speciellt formade frukterna fr\u00e5n \u00f6n.<\/p>\n<p><img loading=\"lazy\" decoding=\"async\" width=\"1920\" height=\"1280\" data-id=\"166384\" src=\"https:\/\/www.europesays.com\/se\/wp-content\/uploads\/2025\/12\/geochallenge_1-1.jpg\" alt=\"\" class=\"wp-image-166384\"  \/><\/p>\n<p><img loading=\"lazy\" decoding=\"async\" width=\"2048\" height=\"1365\" data-id=\"167500\" src=\"https:\/\/www.europesays.com\/se\/wp-content\/uploads\/2025\/12\/seychellerna_praslin_naturstig-2048x1365.jpg\" alt=\"\" class=\"wp-image-167500\"  \/><\/p>\n<p><img loading=\"lazy\" decoding=\"async\" width=\"2048\" height=\"1365\" data-id=\"167499\" src=\"https:\/\/www.europesays.com\/se\/wp-content\/uploads\/2025\/12\/seychellerna_praslin_naturreservat-2048x1365.jpg\" alt=\"\" class=\"wp-image-167499\"  \/><br \/>\nNaturreservatets naturstig gick att anv\u00e4nda med funktionshinder, \u00e4ven om delar kr\u00e4vde att man kunde r\u00f6ra sig trappor. Aldrig varit med om s\u00e5 v\u00e4lh\u00e5llna g\u00e5ngv\u00e4gar i ett naturreservat i Sverige om vi s\u00e4ger s\u00e5, och det f\u00f6ljer intrycket av v\u00e4ldigt rent, v\u00e4lst\u00e4dat och prydligt p\u00e5 Seychellerna.<\/p>\n<p>La Digue i sin tur s\u00e4gs ha en av v\u00e4rldens vackraste str\u00e4nder d\u00e4r vit sand blandas med \u00f6gruppens granitklippor. Seychellerna \u00e4r likt Sverige ur\u00e5ldrigt och ska vara 700 miljoner \u00e5r gammalt, i kontrast mot Karibiens med Antillernas unga vulkan\u00f6ar.<\/p>\n<p><img loading=\"lazy\" decoding=\"async\" width=\"2048\" height=\"1365\" data-id=\"167502\" src=\"https:\/\/www.europesays.com\/se\/wp-content\/uploads\/2025\/12\/seychellerna_la_digue_strand_granit-2048x1365.jpg\" alt=\"\" class=\"wp-image-167502\"  \/><\/p>\n<p><img loading=\"lazy\" decoding=\"async\" width=\"2048\" height=\"1365\" data-id=\"167501\" src=\"https:\/\/www.europesays.com\/se\/wp-content\/uploads\/2025\/12\/seychellerna_la_digue_strand-2048x1365.jpg\" alt=\"\" class=\"wp-image-167501\"  \/><\/p>\n<p><img loading=\"lazy\" decoding=\"async\" width=\"2048\" height=\"1536\" data-id=\"167503\" src=\"https:\/\/www.europesays.com\/se\/wp-content\/uploads\/2025\/12\/seychellerna_la_digue_ystad_saltbad-2048x1536.jpeg\" alt=\"\" class=\"wp-image-167503\"  \/><br \/>\nS\u00f6der\u00f6ver enligt medhavd p\u00e5se. Notera katta i bakgrunden.<\/p>\n<p>P\u00e5 La Digue hyrde vi cyklar f\u00f6r att cykla ner till en av str\u00e4nderna, och som inte ens var s\u00e4rskilt befolkad vid tillf\u00e4llet. Vi kunde rent av hitta en privat plats p\u00e5 sandstranden mellan n\u00e5gra av de unika granitklipporna f\u00f6r ett kort stopp f\u00f6r dopp innan det var dags att ta f\u00e4rjan tillbaka igen. Har man tid b\u00f6r man f\u00f6rst\u00e5s \u00f6vernatta en natt p\u00e5 Praslin och en natt p\u00e5 La Digue, men att stanna l\u00e4nge p\u00e5 en plats \u00e4r inget Wilder\u00e4ngs g\u00f6r.<\/p>\n<p>Hyrcyklarna hade inga l\u00e5s. De var numrerade och det verkade genomg\u00e5ende vara s\u00e5 att hyrfirmorna inte brydde sig om att l\u00e5sa dem \u2013 alla p\u00e5 \u00f6n vet rimligtvis vilken cykel som \u00e4gs av vilken firma och det \u00e4r en \u00f6, s\u00e5 eventuella f\u00f6rs\u00f6k att stj\u00e4la en cykel d\u00e4rifr\u00e5n \u00e4r nog l\u00f6nl\u00f6st.<\/p>\n<p><img loading=\"lazy\" decoding=\"async\" width=\"2048\" height=\"1365\" src=\"https:\/\/www.europesays.com\/se\/wp-content\/uploads\/2025\/12\/seychellerna_farja_bokskrivande-2048x1365.jpg\" alt=\"\" class=\"wp-image-167504\"  \/>Skrev f\u00f6rst\u00e5s p\u00e5 nya boken Satellithj\u00e4rta, d\u00e4r ett av bokens mest centrala kapitel h\u00e4r f\u00f6rfattades p\u00e5 f\u00e4rjan tillbaka till huvud\u00f6n M\u00e1he<\/p>\n<p>Trots att det fanns sm\u00e5 strandhyddor som agerade barer och s\u00e5lte alkholhaltiga drinkar som pina colada etc kontant s\u00e5 m\u00e4rktes ingen fylla p\u00e5 stranden. Hur \u00e4r det ens m\u00f6jligt? Man vet ju att om det skulle finnas strandkiosker i Sverige som s\u00e5lde alkohol s\u00e5 skulle det ligga redl\u00f6sa spyende stupfulla m\u00e4nniskor \u00f6verallt. <\/p>\n<p><img loading=\"lazy\" decoding=\"async\" width=\"2048\" height=\"1365\" data-id=\"167505\" src=\"https:\/\/www.europesays.com\/se\/wp-content\/uploads\/2025\/12\/seychellerna_eden_island_sparbutik-2048x1365.jpg\" alt=\"\" class=\"wp-image-167505\"  \/><\/p>\n<p><img loading=\"lazy\" decoding=\"async\" width=\"2048\" height=\"1365\" data-id=\"167506\" src=\"https:\/\/www.europesays.com\/se\/wp-content\/uploads\/2025\/12\/seychellerna_eden_island_plaza_kopcenter-2048x1365.jpg\" alt=\"\" class=\"wp-image-167506\"  \/><\/p>\n<p><img loading=\"lazy\" decoding=\"async\" width=\"2048\" height=\"1365\" data-id=\"167507\" src=\"https:\/\/www.europesays.com\/se\/wp-content\/uploads\/2025\/12\/seychellerna_eden_island_hus-2048x1365.jpg\" alt=\"\" class=\"wp-image-167507\"  \/><br \/>\nEden Island<\/p>\n<p>Vi tillbringade en kv\u00e4ll p\u00e5 Eden Island, ett t\u00e4mligen exploaterad lyx\u00f6 vid huvudstade Victoria p\u00e5 M\u00e1he, d\u00e4r en taxichauff\u00f6r f\u00f6rs\u00f6kte s\u00e4lja p\u00e5 oss att investera i en l\u00e4genhet och hyra ut. Hela \u00f6n var inte f\u00e4rdigbyggd \u00e4n.<\/p>\n<p><img loading=\"lazy\" decoding=\"async\" width=\"2048\" height=\"1365\" data-id=\"166612\" src=\"https:\/\/www.europesays.com\/se\/wp-content\/uploads\/2025\/12\/seychellerna_eden_island_superyacht_amalya_katamaran-2048x1365.jpg\" alt=\"\" class=\"wp-image-166612\"  \/><\/p>\n<p><img loading=\"lazy\" decoding=\"async\" width=\"2048\" height=\"1365\" data-id=\"167508\" src=\"https:\/\/www.europesays.com\/se\/wp-content\/uploads\/2025\/12\/seychellerna_eden_island_moet_chandon_Champagne-2048x1365.jpg\" alt=\"\" class=\"wp-image-167508\"  \/><\/p>\n<p><img loading=\"lazy\" decoding=\"async\" width=\"2048\" height=\"1365\" data-id=\"167509\" src=\"https:\/\/www.europesays.com\/se\/wp-content\/uploads\/2025\/12\/seychellerna_hyrkatamaraner_eden_island-2048x1365.jpg\" alt=\"\" class=\"wp-image-167509\"  \/><br \/>\nHyrkattor, superyacht och Moet Chandon p\u00e5 Eden Island. Vi f\u00f6rs\u00f6kte hitta Moorings Leoparder, men misslyckades. Frestande att hyra en katta om vi n\u00e5gonsin \u00e5terv\u00e4nder till Seychellerna.<\/p>\n<p>Kontanter beh\u00f6vdes bara f\u00f6r taxichauff\u00f6rerna och strandskjulen, som ingendera heller gav n\u00e5gra kvitton. I \u00f6vrigt fungerade kort \u00f6verallt, inklusive i en lokal servicebutik i ett vanligt bostadsomr\u00e5de av l\u00e4gre standard.<\/p>\n<p><img loading=\"lazy\" decoding=\"async\" width=\"2048\" height=\"1365\" src=\"https:\/\/www.europesays.com\/se\/wp-content\/uploads\/2025\/12\/seychellerna_la_digue_katamaraner-2048x1365.jpg\" alt=\"\" class=\"wp-image-167514\"  \/>Kattor vid La Digue. Barnfamilj ombord p\u00e5 \u00e5tminstone den ena. <\/p>\n<p>Ett lite udda resm\u00e5l som svensk, men det \u00e4r inte f\u00f6rsta g\u00e5ngen vi beger oss till udda platser l\u00e5ngt bort eller l\u00e4ngst ut i resekedjorna. Och knappast sista heller. Kan man st\u00e5 ut med att det var ca 50% ryska turister s\u00e5 \u00e4r det f\u00f6rst\u00e5s ett fantastiskt resm\u00e5l, justerat f\u00f6r budget. Man f\u00e5r ha respekt att alla inte har r\u00e5d eller prioriterar annat. En skidsemester kan t ex kosta det dubbla s\u00e4gs det. Det finns paketresor via svenska charterbolag, men flyg plus hotell kostade d\u00e5 ganska exakt samma som att boka flyg plus hotell sj\u00e4lv, eller rent av mindre. Det finns riktiga charterhotell f\u00f6r den som vill kn\u00f6 med barnfamiljer i ett b\u00e5gformat hotell runt pooler, men Constance Ephelia var ist\u00e4llet v\u00e4ldigt lugnt iaf nu under l\u00e5gs\u00e4song. <\/p>\n<p>F\u00f6r den som har n\u00f6dv\u00e4ndiga certifikat \u00e4r att hyra en katta definitivt ett m\u00f6jligt prisv\u00e4rt alternativ och kuska runt \u00f6arna n\u00e4rmast M\u00e1he. Som v\u00e4dret var n\u00e4r vi var d\u00e4r skulle det varit v\u00e4ldigt behaglig segling.<\/p>\n<p><img loading=\"lazy\" decoding=\"async\" width=\"2048\" height=\"1365\" src=\"https:\/\/www.europesays.com\/se\/wp-content\/uploads\/2025\/12\/seychellerna_katamaran-2048x1365.jpg\" alt=\"\" class=\"wp-image-167516\"  \/>En katamaran i bukten vid hotellets norra strand, fotograferad fr\u00e5n naturstigen. Den hade vid n\u00e4rmare inspektion via kajak bed\u00f6mt ca \u00e5tta ungdomar (dvs under 30-ish \u00e5rs \u00e5lder) ombord, f\u00f6rmodligen fyra par, vilket nog matchar antalet ensuite hytter ombord p\u00e5 en 40+ fots katta i charterklass med lite bredare skrov. En del st\u00f6rre kattor \u00e4n den p\u00e5 fotot kan ha fem hytter, d\u00e4r en f\u00f6rvisso \u00e4r lite mer spartansk och avsedd f\u00f6r inhyrd crew.<\/p>\n<p><img loading=\"lazy\" decoding=\"async\" width=\"1536\" height=\"2048\" src=\"https:\/\/www.europesays.com\/se\/wp-content\/uploads\/2025\/12\/frankrike_cannes_katamaran_leopard46-1536x2048.jpeg\" alt=\"\" class=\"wp-image-167541\"  \/>Planl\u00f6sning (och prisbild) f\u00f6r en 46 fotars Leopardkatta <a href=\"https:\/\/cornucopia.se\/2025\/09\/fredagsmys-det-finns-batmassor-och-sa-finns-det-batmassor\/\" rel=\"nofollow noopener\" target=\"_blank\">p\u00e5 yachtm\u00e4ssan i Cannes nu i september<\/a>. Denna i sin femkabinersversion anv\u00e4nds av Moorings som standardkatta i storleken och finns som s\u00e5dan med m\u00f6jlighet att k\u00f6pa och l\u00e5ta Moorings hantera p\u00e5 valfri plats (Karibien, Medelhavet, Bali, Seychellerna etc) och i utbyte kan man mot endast serviceavgift segla gratis med Moorings var man vill i v\u00e4rlden och d\u00e4rtill f\u00e5 avkastning p\u00e5 uthyrningen \u00e4ven om garanterat \u00e5terk\u00f6pspris f\u00f6rst\u00e5s faller. Som man ser binder det dock en del kapital. Finns \u00e4ven st\u00f6rre alternativ som Leopard 52, som v\u00e4l \u00e4r st\u00f6rre \u00e4n en Stockholmsl\u00e4genhet och kostar ungef\u00e4r det samma, men med en b\u00e5ts driftskostnad (dvs svart h\u00e5l) \u2026<\/p>\n<p>Nu fanns det inte tid f\u00f6r detta, och Lena drog vidare till Madagaskar f\u00f6r att m\u00f6nstra p\u00e5 som brandmansvolont\u00e4r p\u00e5 sjukhusfartyget AFRICA MERCY, <a href=\"https:\/\/cornucopia.se\/2025\/12\/gastartikel-volontar-pa-mercy-ships-i-sierra-leone-och-madagaskar\/\" rel=\"nofollow noopener\" target=\"_blank\">vilket hon skrivit om i en artikel h\u00e4r p\u00e5 bloggen<\/a>.<\/p>\n<p><a href=\"https:\/\/www.instagram.com\/adrenalenaadventures\/\" rel=\"nofollow noopener\" target=\"_blank\">Mer foton fr\u00e5n Seychellerna inklusive stranden p\u00e5 La Digue finns p\u00e5 Lenas Instagram<\/a>. Och j\u00e4ttesk\u00f6ldpaddor.<\/p>\n<p><img loading=\"lazy\" decoding=\"async\" width=\"2048\" height=\"1365\" src=\"https:\/\/www.europesays.com\/se\/wp-content\/uploads\/2025\/12\/seychellerna_flygplats_bokskrivande-2048x1365.jpg\" alt=\"\" class=\"wp-image-167530\"  \/>B\u00f6cker skriver likt bloggen inte sig sj\u00e4lv. H\u00e4r arbetar eder f\u00f6rfattare med Satellithj\u00e4rta p\u00e5 flygplatsen i v\u00e4ntan p\u00e5 flyg \u00f6ver till Praslin. Tre timmars tidsskillnad g\u00f6r ocks\u00e5 att jag kan skriva bok i tre timmar p\u00e5 morgonen n\u00e4r jag \u00e4r mest produktiv, innan det beh\u00f6ver bloggas ekonomi och Ukrainaartikeln suger ut all kraft och tid. R\u00e4tt optimal tidsskillnad f\u00f6r att kunna jobba helt enkelt. F\u00f6r \u00f6vrigt <a href=\"https:\/\/www.akademibokhandeln.se\/lista\/topplista-deckare\" rel=\"nofollow noopener\" target=\"_blank\">\u00e4r J\u00e4garhj\u00e4rta nu #11 mest s\u00e5lda deckare p\u00e5 Akademibokhandeln enligt deras topplista<\/a> och femte mest s\u00e5lda i kategorin med svensk f\u00f6rfattare. M\u00e5nga fina namn i s\u00e4llskap, som Kepler #1, Nesb\u0153 #6, Connely #9, Brown, #12 King #15, Child #16 och Grisham #19. Med tanke p\u00e5 att J\u00e4garhj\u00e4rta gavs ut f\u00f6r ett halv\u00e5r sedan k\u00e4nns det r\u00e4tt okej, och dessutom julveckan med viss f\u00f6rh\u00f6jd f\u00f6rs\u00e4ljning. <\/p>\n<p>*DDR-Sverige \u00e4r ett av Filip &amp; Fredrik v\u00e4letablerat begrepp som beskriver det alliansl\u00f6sa Sverige under kalla kriget, inklusive kontrollen av media d\u00e4r alla svenskar samlades framf\u00f6r teven f\u00f6r att titta p\u00e5 samma urtrista statligt godk\u00e4nda program varje l\u00f6rdagkv\u00e4ll, paraboler och utl\u00e4ndsk media var f\u00f6rbjudet, staten kontrollerade vilken musik som spreds via Sveriges Radio \u2013 spelades det inte d\u00e4r fanns det inte, \u00e4ven om man p\u00e5 l\u00e5ngv\u00e5g kunde ratta in Radio Luxemburg eller Radio Free Europe \u2013 man inte fick f\u00f6ra ut mer \u00e4n 10 000:- SEK ur landet om man skulle p\u00e5 semester, och h\u00e4lften av alla program p\u00e5 TV var ink\u00f6pta fr\u00e5n Warzawapaktens l\u00e4nder, mordfrekvensen var 4x h\u00f6gre \u00e4n idag och det gick omkring knarkare h\u00f6ga som skyskrapor och trakasserade folk p\u00e5 stan, utan att polisen fick g\u00f6ra n\u00e5got f\u00f6r det var inte olagligt att knarka, och man fick r\u00e4kna med att bli knivm\u00f6rdad i k\u00f6n till krogen eller folkparken innan knivlagen inf\u00f6rdes och klasskamrater p\u00e5 Sannaskolan i G\u00f6teborg hade stilett eller butterflykniv med sig i h\u00f6gstadiet vilket ans\u00e5gs vara helt normalt. Ah, good times att v\u00e4xa upp p\u00e5 1980-talet. Fattar inte hur man \u00f6verlevde faktiskt. P\u00e5 tal om svenska folkhemsfundamentalister som dr\u00f6mmer om att det var b\u00e4ttre f\u00f6rr. Ja, fram till 1970-talet var homosexualitet klassat som en sjukdom (dvs implicit ans\u00e5gs vara n\u00e5got som skulle behandlas, hur nu det skulle g\u00e5 till), v\u00e5ldt\u00e4kt inom \u00e4ktenskapet var lagligt, barnaga var lagligt s\u00e5 l\u00e4nge barnen inte hamnade p\u00e5 sjukhus, man steriliserade o\u00f6nskade individer och tv\u00e5ngsadopterade bort opassande f\u00f6r\u00e4ldrars barn. Sp\u00e4dbarn som skulle v\u00e4gas f\u00f6re och efter anmning, d\u00e4r vikterna skulle f\u00f6ras in i en bok och redovisas f\u00f6r barnav\u00e5rdscentralen en g\u00e5ng i veckan. Bl\u00f6jorna skulle v\u00e4gas n\u00e4r de byttes ocks\u00e5 f\u00f6rst\u00e5s. Tro fan det att 70-talisterna \u00e4r den ironiska generationen. Waaa-waaa-jag-vill-ha-mat-waaaa! V\u00e4nta lite, mamma ska bara v\u00e4ga dig f\u00f6rst innan du f\u00e5r tutte \u2026<\/p>\n<p>\t\t\t\t\t\t\t        <script async src=\"\/\/www.instagram.com\/embed.js\"><\/script><\/p>\n","protected":false},"excerpt":{"rendered":"670 Seychelelrna utm\u00e5las ibland som platsen f\u00f6r Edens Lustg\u00e5rd, och har utvecklats till ett g\u00e4stv\u00e4nligt och rent turistparadis.&hellip;\n","protected":false},"author":2,"featured_media":121436,"comment_status":"","ping_status":"","sticky":false,"template":"","format":"standard","meta":{"footnotes":""},"categories":[14],"tags":[22,23,26,27,17,21,24,25,28,29,15,16,18,34,31,33,32,30,19,20,51,52,53,54],"class_list":{"0":"post-121435","1":"post","2":"type-post","3":"status-publish","4":"format-standard","5":"has-post-thumbnail","7":"category-varlden","8":"tag-breaking-news","9":"tag-breakingnews","10":"tag-featured-news","11":"tag-featurednews","12":"tag-headlines","13":"tag-huvudnyheter","14":"tag-latest-news","15":"tag-latestnews","16":"tag-main-news","17":"tag-mainnews","18":"tag-news","19":"tag-nyheter","20":"tag-rubriker","21":"tag-se","22":"tag-svenska","23":"tag-sverige","24":"tag-sweden","25":"tag-swedish","26":"tag-top-stories","27":"tag-topstories","28":"tag-varlden","29":"tag-world","30":"tag-world-news","31":"tag-worldnews"},"share_on_mastodon":{"url":"https:\/\/pubeurope.com\/@se\/115812630947413619","error":""},"_links":{"self":[{"href":"https:\/\/www.europesays.com\/se\/wp-json\/wp\/v2\/posts\/121435","targetHints":{"allow":["GET"]}}],"collection":[{"href":"https:\/\/www.europesays.com\/se\/wp-json\/wp\/v2\/posts"}],"about":[{"href":"https:\/\/www.europesays.com\/se\/wp-json\/wp\/v2\/types\/post"}],"author":[{"embeddable":true,"href":"https:\/\/www.europesays.com\/se\/wp-json\/wp\/v2\/users\/2"}],"replies":[{"embeddable":true,"href":"https:\/\/www.europesays.com\/se\/wp-json\/wp\/v2\/comments?post=121435"}],"version-history":[{"count":0,"href":"https:\/\/www.europesays.com\/se\/wp-json\/wp\/v2\/posts\/121435\/revisions"}],"wp:featuredmedia":[{"embeddable":true,"href":"https:\/\/www.europesays.com\/se\/wp-json\/wp\/v2\/media\/121436"}],"wp:attachment":[{"href":"https:\/\/www.europesays.com\/se\/wp-json\/wp\/v2\/media?parent=121435"}],"wp:term":[{"taxonomy":"category","embeddable":true,"href":"https:\/\/www.europesays.com\/se\/wp-json\/wp\/v2\/categories?post=121435"},{"taxonomy":"post_tag","embeddable":true,"href":"https:\/\/www.europesays.com\/se\/wp-json\/wp\/v2\/tags?post=121435"}],"curies":[{"name":"wp","href":"https:\/\/api.w.org\/{rel}","templated":true}]}}