{"id":121437,"date":"2025-12-31T05:59:10","date_gmt":"2025-12-31T05:59:10","guid":{"rendered":"https:\/\/www.europesays.com\/se\/121437\/"},"modified":"2025-12-31T05:59:10","modified_gmt":"2025-12-31T05:59:10","slug":"ryssland-ukrainsk-attack-mot-hamnstad","status":"publish","type":"post","link":"https:\/\/www.europesays.com\/se\/121437\/","title":{"rendered":"Ryssland: Ukrainsk attack mot hamnstad"},"content":{"rendered":"<p class=\"boxtextgrotesk-root_baa6 hyperion-css-7pajle\">Uppdaterad 04.05 | Publicerad 02.35<\/p>\n<p>share-arrowDela<\/p>\n<p>unsaveSpara<\/p>\n<p class=\"hyperion-css-1shl3oz\" data-test-tag=\"lead-text\">Ryssland uppger att ett oljeraffinaderi i hamnstaden Tuapse i regionen Krasnodar har skadats i en ukrainsk dr\u00f6narattack sent p\u00e5 tisdagskv\u00e4llen lokal tid, rapporterar Kyiv Independent.<\/p>\n<p class=\"hyperion-css-1v9qo5x\">Tv\u00e5 personer ska ha skadats i attacken.<\/p>\n<p class=\"hyperion-css-1v9qo5x\">Tidigare under kv\u00e4llen ska \u00e4ven regionen Luhansk ha utsatts f\u00f6r ukrainska attacker. Ukraina har inte \u00e4nnu kommenterat de ryska uppgifterna.<\/p>\n<p class=\"hyperion-css-1v9qo5x\">Samtidigt har fyra personer, varav tre barn, skadats i en rysk attack mot ukrainska Odessa.<\/p>\n","protected":false},"excerpt":{"rendered":"Uppdaterad 04.05 | Publicerad 02.35 share-arrowDela unsaveSpara Ryssland uppger att ett oljeraffinaderi i hamnstaden Tuapse i regionen Krasnodar&hellip;\n","protected":false},"author":2,"featured_media":465,"comment_status":"","ping_status":"","sticky":false,"template":"","format":"standard","meta":{"footnotes":""},"categories":[5],"tags":[22,23,26,27,17,21,24,25,28,29,15,16,18,34,31,33,32,30,19,20],"class_list":{"0":"post-121437","1":"post","2":"type-post","3":"status-publish","4":"format-standard","5":"has-post-thumbnail","7":"category-rubriker","8":"tag-breaking-news","9":"tag-breakingnews","10":"tag-featured-news","11":"tag-featurednews","12":"tag-headlines","13":"tag-huvudnyheter","14":"tag-latest-news","15":"tag-latestnews","16":"tag-main-news","17":"tag-mainnews","18":"tag-news","19":"tag-nyheter","20":"tag-rubriker","21":"tag-se","22":"tag-svenska","23":"tag-sverige","24":"tag-sweden","25":"tag-swedish","26":"tag-top-stories","27":"tag-topstories"},"share_on_mastodon":{"url":"https:\/\/pubeurope.com\/@se\/115812654284509964","error":""},"_links":{"self":[{"href":"https:\/\/www.europesays.com\/se\/wp-json\/wp\/v2\/posts\/121437","targetHints":{"allow":["GET"]}}],"collection":[{"href":"https:\/\/www.europesays.com\/se\/wp-json\/wp\/v2\/posts"}],"about":[{"href":"https:\/\/www.europesays.com\/se\/wp-json\/wp\/v2\/types\/post"}],"author":[{"embeddable":true,"href":"https:\/\/www.europesays.com\/se\/wp-json\/wp\/v2\/users\/2"}],"replies":[{"embeddable":true,"href":"https:\/\/www.europesays.com\/se\/wp-json\/wp\/v2\/comments?post=121437"}],"version-history":[{"count":0,"href":"https:\/\/www.europesays.com\/se\/wp-json\/wp\/v2\/posts\/121437\/revisions"}],"wp:featuredmedia":[{"embeddable":true,"href":"https:\/\/www.europesays.com\/se\/wp-json\/wp\/v2\/media\/465"}],"wp:attachment":[{"href":"https:\/\/www.europesays.com\/se\/wp-json\/wp\/v2\/media?parent=121437"}],"wp:term":[{"taxonomy":"category","embeddable":true,"href":"https:\/\/www.europesays.com\/se\/wp-json\/wp\/v2\/categories?post=121437"},{"taxonomy":"post_tag","embeddable":true,"href":"https:\/\/www.europesays.com\/se\/wp-json\/wp\/v2\/tags?post=121437"}],"curies":[{"name":"wp","href":"https:\/\/api.w.org\/{rel}","templated":true}]}}