{"id":121440,"date":"2025-12-31T06:07:32","date_gmt":"2025-12-31T06:07:32","guid":{"rendered":"https:\/\/www.europesays.com\/se\/121440\/"},"modified":"2025-12-31T06:07:32","modified_gmt":"2025-12-31T06:07:32","slug":"dramatisk-seger-i-utsalt-scandinavium","status":"publish","type":"post","link":"https:\/\/www.europesays.com\/se\/121440\/","title":{"rendered":"Dramatisk seger i uts\u00e5lt Scandinavium"},"content":{"rendered":"<p class=\"paragraph text-left\"> \u00c5rets n\u00e4st sista dag var fylld av Fr\u00f6lunda HC, f\u00f6r efter att man plockat tre po\u00e4ng i SDHL-fighten i J\u00f6nk\u00f6ping p\u00e5 eftermiddagen stod Scandinavium redo p\u00e5 tisdagskv\u00e4llen f\u00f6r en riktig ny\u00e5rskaramell; Fr\u00f6lunda mot F\u00e4rjestad BK inf\u00f6r uts\u00e5lda l\u00e4ktare. <\/p>\n<p class=\"paragraph text-left\"> G\u00e4sterna fr\u00e5n Karlstad inledde starkast, skapade en del farligheter mot Fr\u00f6lundakassen och utmanade Lars Johansson mycket vid n\u00e5gra tillf\u00e4llen. Men det var Fr\u00f6lunda som \u00e4nd\u00e5 skulle ta ledningen under \u00f6ppningsakten, i en sekvens d\u00e4r Fr\u00f6lunda efter ett numer\u00e4rt \u00f6verl\u00e4ge b\u00f6rjat v\u00e4xa in i matchen och etablerat alltmer tid i anfallszon. <\/p>\n<p class=\"paragraph text-left\"> Linus H\u00f6gberg flippade in pucken till Linus Weissbach, som tog emot och ifr\u00e5n slottet avlossade ett h\u00f6gklassigt backhandavslut f\u00f6rbi Emil Larmi. <\/p>\n<p class=\"paragraph text-left\"> &#8211; Jag f\u00e5r pucken p\u00e5 stor yta och k\u00e4nner att jag inte riktigt hinner l\u00e4gga \u00f6ver den p\u00e5 forehand, s\u00e5 jag t\u00e4nker &#8217;testa bara&#8217;. Sk\u00f6nt att den gick in, kommenterade m\u00e5lskytten Weissbach i TV4. <\/p>\n<p class=\"paragraph text-left\"> &#8211; Det \u00e4r en tuff, men rolig, match att spela, b\u00e5da lag vill v\u00e4ldigt mycket. <\/p>\n<p class=\"paragraph text-left\"> Tufft, men roligt, tyckte nog ocks\u00e5 de allra flesta som f\u00e5tt tag p\u00e5 en biljett till den h\u00e4r matchen, f\u00f6r det h\u00e4nde grejer fr\u00e5n start till slut som fick den h\u00e4r tillst\u00e4llningen att sv\u00e4nga b\u00e5de \u00e5t h\u00f6ger och \u00e5t v\u00e4nster p\u00e5 underh\u00e5llningsm\u00e4taren. <\/p>\n<p class=\"paragraph text-left\"> Efter att Fr\u00f6lunda redde ut tv\u00e5 numer\u00e4ra \u00f6verl\u00e4gen p\u00e5 kort tid tidigt i den andra perioden s\u00e5 tog Fr\u00f6lunda ett tydligt grepp om s\u00e5v\u00e4l matchbild som resultattavla. F\u00f6rst spelade Max Lindholm fint fram Theodor Niederbach, som med avslut och retur fick Emil Larmi ur spel och Lindholm fri gata fram att peta in en l\u00f6s puck f\u00f6r 2-0-ledning. <\/p>\n<p class=\"paragraph text-left\"> Knappt tv\u00e5 minuter senare small det igen, n\u00e4r Noah Hasa lyfte in en backhand fr\u00e5n tekningscirkeln in mot m\u00e5l, en puck som lite v\u00e4l enkelt rann rakt igenom Larmi i g\u00e4sternas m\u00e5lbur &#8211; och den finske m\u00e5lmannen hade gjort sitt f\u00f6r den h\u00e4r kv\u00e4llen. In mellan stolparna kom ist\u00e4llet Melker Thelin, som n\u00e4stan omg\u00e5ende fick den otacksamma uppgiften av en fri Arttu Ruotsalainen mot sig &#8211; men Ruotsalainens f\u00f6rs\u00f6k till att l\u00e4gga pucken l\u00e4ngs isen mellan Thelins ben gick inte hem den g\u00e5ngen. <\/p>\n<p class=\"paragraph text-left\"> Hemmalaget hade kommit in enormt fin i matchen i mittakten och skapade flera stora m\u00f6jligheter f\u00f6r att springa iv\u00e4g p\u00e5 resultattavlan, men F\u00e4rjestad var det lag tryckte p\u00e5 h\u00e5rdast offensivt och till sist skulle \u00e4ven en dittills suver\u00e4nt spelande Lars Johansson till sist \u00f6verlistas &#8211; tv\u00e5 g\u00e5nger om. <\/p>\n<p class=\"paragraph text-left\"> Under periodens avslutade 90 sekunder spr\u00e4ckte F\u00e4rjestad f\u00f6rst nollan med ett kliniskt avslut av Albert Wikman &#8211; och n\u00e4r bara 1.5 sekund \u00e5terstod av akten lyckades Joel Kellman tr\u00e5ckla in en puck fr\u00e5n distans, som hittade in mellan Lasse och hans h\u00f6gra stolpe f\u00f6r en 2-3-reducering. <\/p>\n<p class=\"paragraph text-left\"> &#8211; Det \u00e4r mycket slarvigt av oss i slutet, vi blir lite sp\u00e4nda och spelar inte ut som<br \/>\nvi ska. Det andra m\u00e5let \u00e4r v\u00e4l lite turligt ocks\u00e5,<br \/>\nmen vi s\u00e4tter oss i d\u00e5liga situationer som g\u00f6r att de f\u00e5r g\u00f6ra tv\u00e5 m\u00e5l, kommenterade Max Lindholm i TV4 i andra paus och utvecklade: <\/p>\n<p class=\"paragraph text-left\"> &#8211; Vi<br \/>\nsitter trots allt i en bra sits just nu, jag hade tackat ja till den h\u00e4r sitsen p\u00e5 f\u00f6rhand<br \/>\ns\u00e5 det \u00e4r bara att g\u00e5 ut och k\u00f6ra i tredje. <\/p>\n","protected":false},"excerpt":{"rendered":"\u00c5rets n\u00e4st sista dag var fylld av Fr\u00f6lunda HC, f\u00f6r efter att man plockat tre po\u00e4ng i SDHL-fighten&hellip;\n","protected":false},"author":2,"featured_media":121441,"comment_status":"","ping_status":"","sticky":false,"template":"","format":"standard","meta":{"footnotes":""},"categories":[5],"tags":[22,23,26,27,17,21,24,25,28,29,15,16,18,34,31,33,32,30,19,20],"class_list":{"0":"post-121440","1":"post","2":"type-post","3":"status-publish","4":"format-standard","5":"has-post-thumbnail","7":"category-rubriker","8":"tag-breaking-news","9":"tag-breakingnews","10":"tag-featured-news","11":"tag-featurednews","12":"tag-headlines","13":"tag-huvudnyheter","14":"tag-latest-news","15":"tag-latestnews","16":"tag-main-news","17":"tag-mainnews","18":"tag-news","19":"tag-nyheter","20":"tag-rubriker","21":"tag-se","22":"tag-svenska","23":"tag-sverige","24":"tag-sweden","25":"tag-swedish","26":"tag-top-stories","27":"tag-topstories"},"share_on_mastodon":{"url":"https:\/\/pubeurope.com\/@se\/115812685761189118","error":""},"_links":{"self":[{"href":"https:\/\/www.europesays.com\/se\/wp-json\/wp\/v2\/posts\/121440","targetHints":{"allow":["GET"]}}],"collection":[{"href":"https:\/\/www.europesays.com\/se\/wp-json\/wp\/v2\/posts"}],"about":[{"href":"https:\/\/www.europesays.com\/se\/wp-json\/wp\/v2\/types\/post"}],"author":[{"embeddable":true,"href":"https:\/\/www.europesays.com\/se\/wp-json\/wp\/v2\/users\/2"}],"replies":[{"embeddable":true,"href":"https:\/\/www.europesays.com\/se\/wp-json\/wp\/v2\/comments?post=121440"}],"version-history":[{"count":0,"href":"https:\/\/www.europesays.com\/se\/wp-json\/wp\/v2\/posts\/121440\/revisions"}],"wp:featuredmedia":[{"embeddable":true,"href":"https:\/\/www.europesays.com\/se\/wp-json\/wp\/v2\/media\/121441"}],"wp:attachment":[{"href":"https:\/\/www.europesays.com\/se\/wp-json\/wp\/v2\/media?parent=121440"}],"wp:term":[{"taxonomy":"category","embeddable":true,"href":"https:\/\/www.europesays.com\/se\/wp-json\/wp\/v2\/categories?post=121440"},{"taxonomy":"post_tag","embeddable":true,"href":"https:\/\/www.europesays.com\/se\/wp-json\/wp\/v2\/tags?post=121440"}],"curies":[{"name":"wp","href":"https:\/\/api.w.org\/{rel}","templated":true}]}}