{"id":121442,"date":"2025-12-31T06:13:06","date_gmt":"2025-12-31T06:13:06","guid":{"rendered":"https:\/\/www.europesays.com\/se\/121442\/"},"modified":"2025-12-31T06:13:06","modified_gmt":"2025-12-31T06:13:06","slug":"ryssland-flyttar-vapensystem-narmare-eu","status":"publish","type":"post","link":"https:\/\/www.europesays.com\/se\/121442\/","title":{"rendered":"Ryssland flyttar vapensystem n\u00e4rmare EU"},"content":{"rendered":"<p>Publicerad 31 dec 2025 kl 06.39Uppdaterad kl 07.02<\/p>\n<p>Ryssland sp\u00e4nner musklerna efter den p\u00e5st\u00e5dda attacken mot Putins hem, som man menar att Ukraina ligger bakom.<\/p>\n<p>Milit\u00e4ren flyttar nu ett robotsystem till Belarus \u2013 n\u00e4rmare EU och Nato.\u00a0<\/p>\n<p>Det har kapacitet att avfyra k\u00e4rnvapen.\u00a0<\/p>\n<p><img   alt=\"\"\/><\/p>\n<p>Bilden, sl\u00e4ppt av Ryssland, uppges visa hur Oresjnik rullar in i Belarus.<\/p>\n<p>Foto: RUSSIAN DEFENCE MINISTRY PRESS SERVICE \/ EPA RUSSIAN DEFENCE MINISTRY PRESS SERVICE<\/p>\n<p>\u00d6ppna bild i helsk\u00e4rm<img loading=\"lazy\"   alt=\"\"\/><\/p>\n<p>Den ryska flaggan hissades p\u00e5 den belarusiska milit\u00e4rbasen.<\/p>\n<p>Foto: RUSSIAN DEFENCE MINISTRY PRESS SERVICE \/ EPA RUSSIAN DEFENCE MINISTRY PRESS SERVICE<\/p>\n<p>\u00d6ppna bild i helsk\u00e4rm<img loading=\"lazy\"   alt=\"\"\/><\/p>\n<p>Flytten kommer efter att Kreml p\u00e5st\u00e5r sig ha blivit attackerat.<\/p>\n<p>Foto: MIKHAIL METZEL\/SPUTNIK\/KREMLIN \/ POOL \/ EPA SPUTNIK POOL<\/p>\n<p>\u00d6ppna bild i helsk\u00e4rm<\/p>\n<p>P\u00e5 tisdagen la Rysslands f\u00f6rsvarsdepartement upp en video som uppges visa flytten av robotsystemet Oresjnik, skriver <a href=\"https:\/\/www.theguardian.com\/world\/2025\/dec\/30\/russia-claims-moved-nuclear-capable-missile-system-belarus\" rel=\"nofollow noopener\" target=\"_blank\">The Guardian<\/a>.<\/p>\n<p>Systemet har placerats p\u00e5 en milit\u00e4rbas i \u00f6stra Belarus, n\u00e4ra den ryska gr\u00e4nsen. Det har f\u00f6rm\u00e5gan att avfyra k\u00e4rnvapen.\u00a0<\/p>\n<p>Ses som skr\u00e4mself\u00f6rs\u00f6k<\/p>\n<p>Flytten ses som ett skr\u00e4mself\u00f6rs\u00f6k fr\u00e5n Rysslands sida, inte minst d\u00e5 den skulle inneb\u00e4ra att det tar kortare tid f\u00f6r en rysk missil att n\u00e5 st\u00e4der inom EU:s gr\u00e4nser. Oresjnik-robotar \u00e4r ballistiska medeldistansrobotar som kan f\u00e4rdas upp mot 12 300 kilometer per timme, skriver <a href=\"https:\/\/www.politico.eu\/article\/russia-nuclear-capable-oreshnik-hypersonic-missile-combat-duty-belarus\/\" rel=\"nofollow noopener\" target=\"_blank\">Politico<\/a>.\u00a0<\/p>\n<p>Belarus president Aleksandr Lukasjenko har tidigare, enligt The Guardian, sagt att tio Oresjnik-system ska placeras i landet. Ryssland och Belarus \u00e4r n\u00e4ra allierade.<\/p>\n<p>Kr\u00e4ver h\u00e4mnd efter p\u00e5st\u00e5dd attack<\/p>\n<p>Uppvisningen av vapnen sker bara n\u00e5gra dagar efter att Ryssland uttalat nya hot mot Ukraina. I s\u00f6ndags rapporterade ryska statliga medier om en <a href=\"https:\/\/www.expressen.se\/nyheter\/varlden\/ryssland-ukrainsk-attack-mot-putins-residens\/\" rel=\"nofollow noopener\" target=\"_blank\">omfattande dr\u00f6narattack mot Vladimir Putins residens<\/a> i Novgorod i Ryssland.\u00a0<\/p>\n<p>Ryssland menar att Ukraina ligger bakom attacken. Det finns d\u00e4remot inga bevis f\u00f6r att den faktiskt har intr\u00e4ffat.<\/p>\n<p>Ukraina har helt tillbakavisat anklagelserna om att man ska ha slagit till mot presidentpalatset.<\/p>\n<p>\u2013 Ryssland vill undergr\u00e4va den ukrainsk-amerikanska fredsprocessen, sade president Zelenskyj p\u00e5 s\u00f6ndagskv\u00e4llen.<\/p>\n<p>Den ryske utrikesministern <a href=\"https:\/\/www.expressen.se\/tagg\/person\/sergej-lavrov\/\" class=\"\" rel=\"nofollow noopener\" target=\"_blank\">Sergej Lavrov<\/a> har d\u00e4refter varnat f\u00f6r att man kommer att h\u00e4mnas p\u00e5 Ukraina.<\/p>\n","protected":false},"excerpt":{"rendered":"Publicerad 31 dec 2025 kl 06.39Uppdaterad kl 07.02 Ryssland sp\u00e4nner musklerna efter den p\u00e5st\u00e5dda attacken mot Putins hem,&hellip;\n","protected":false},"author":2,"featured_media":121443,"comment_status":"","ping_status":"","sticky":false,"template":"","format":"standard","meta":{"footnotes":""},"categories":[14],"tags":[22,23,26,27,17,21,24,25,540,274,28,29,15,16,6098,1010,203,18,34,55,31,33,32,30,19,20,51,52,53,54],"class_list":{"0":"post-121442","1":"post","2":"type-post","3":"status-publish","4":"format-standard","5":"has-post-thumbnail","7":"category-varlden","8":"tag-breaking-news","9":"tag-breakingnews","10":"tag-featured-news","11":"tag-featurednews","12":"tag-headlines","13":"tag-huvudnyheter","14":"tag-latest-news","15":"tag-latestnews","16":"tag-location-belarus","17":"tag-location-ryssland","18":"tag-main-news","19":"tag-mainnews","20":"tag-news","21":"tag-nyheter","22":"tag-person-aleksandr-lukasjenka","23":"tag-person-sergej-lavrov","24":"tag-person-vladimir-putin","25":"tag-rubriker","26":"tag-se","27":"tag-sections-varlden","28":"tag-svenska","29":"tag-sverige","30":"tag-sweden","31":"tag-swedish","32":"tag-top-stories","33":"tag-topstories","34":"tag-varlden","35":"tag-world","36":"tag-world-news","37":"tag-worldnews"},"share_on_mastodon":{"url":"https:\/\/pubeurope.com\/@se\/115812709417645643","error":""},"_links":{"self":[{"href":"https:\/\/www.europesays.com\/se\/wp-json\/wp\/v2\/posts\/121442","targetHints":{"allow":["GET"]}}],"collection":[{"href":"https:\/\/www.europesays.com\/se\/wp-json\/wp\/v2\/posts"}],"about":[{"href":"https:\/\/www.europesays.com\/se\/wp-json\/wp\/v2\/types\/post"}],"author":[{"embeddable":true,"href":"https:\/\/www.europesays.com\/se\/wp-json\/wp\/v2\/users\/2"}],"replies":[{"embeddable":true,"href":"https:\/\/www.europesays.com\/se\/wp-json\/wp\/v2\/comments?post=121442"}],"version-history":[{"count":0,"href":"https:\/\/www.europesays.com\/se\/wp-json\/wp\/v2\/posts\/121442\/revisions"}],"wp:featuredmedia":[{"embeddable":true,"href":"https:\/\/www.europesays.com\/se\/wp-json\/wp\/v2\/media\/121443"}],"wp:attachment":[{"href":"https:\/\/www.europesays.com\/se\/wp-json\/wp\/v2\/media?parent=121442"}],"wp:term":[{"taxonomy":"category","embeddable":true,"href":"https:\/\/www.europesays.com\/se\/wp-json\/wp\/v2\/categories?post=121442"},{"taxonomy":"post_tag","embeddable":true,"href":"https:\/\/www.europesays.com\/se\/wp-json\/wp\/v2\/tags?post=121442"}],"curies":[{"name":"wp","href":"https:\/\/api.w.org\/{rel}","templated":true}]}}