{"id":121444,"date":"2025-12-31T06:14:11","date_gmt":"2025-12-31T06:14:11","guid":{"rendered":"https:\/\/www.europesays.com\/se\/121444\/"},"modified":"2025-12-31T06:14:11","modified_gmt":"2025-12-31T06:14:11","slug":"pandemin-var-en-befrielse-man-slapp-krama-och-kramas","status":"publish","type":"post","link":"https:\/\/www.europesays.com\/se\/121444\/","title":{"rendered":"Pandemin var en befrielse, man slapp krama och kramas"},"content":{"rendered":"<p>share-arrowDela<\/p>\n<p>unsaveSpara<\/p>\n<p>expand-left<\/p>\n<p>helsk\u00e4rm<img decoding=\"async\" class=\"image-asset hyperion-css-u06ts1\" data-test-tag=\"image-asset\" src=\"https:\/\/www.europesays.com\/se\/wp-content\/uploads\/2025\/12\/98285bdd-8824-4b9c-bc9e-becc74563adc.jpeg\"  alt=\"Hej \u2013 och kram.\"  loading=\"eager\" fetchpriority=\"high\" style=\"aspect-ratio:1900 \/ 1297\"\/>Hej \u2013 och kram.<\/p>\n<p class=\"hyperion-css-1v9qo5x\">Pandemin var en befrielse eftersom man inte l\u00e4ngre beh\u00f6vde krama varenda m\u00e4nniska man tr\u00e4ffade. N\u00e4r jag skriver \u201dman\u201d menar jag mig sj\u00e4lv.<\/p>\n<p class=\"hyperion-css-1v9qo5x\">Jag har aldrig varit bekv\u00e4m med att krama folk som jag knappt k\u00e4nner, jag har aldrig varit s\u00e4rskilt f\u00f6rtjust i att krama dem jag k\u00e4nner heller utom familjen och sl\u00e4kten. Barn som tycker det \u00e4r vidrigt n\u00e4r tanter och farbr\u00f6der \u00f6verfaller dem med o\u00f6nskade omfamningar och h\u00f6gljudd intimitet har min fulla f\u00f6rst\u00e5else.<\/p>\n<p class=\"hyperion-css-1v9qo5x\">Privat blyg \u2013 reserverad \u00e4r nog ett b\u00e4ttre ord \u2013 har jag inga problem med att yrkesm\u00e4ssigt kontakta makthavare eller s\u00e5 kallat vanliga m\u00e4nniskor och fr\u00e5ga dem om deras liv och tankar. Att kliva in i ok\u00e4nda rum \u00e4r mitt jobb.<\/p>\n<p class=\"hyperion-css-1v9qo5x\">Inte heller har jag problem med att kindpussa kvinnor. P\u00e5 s\u00e4tt och vis \u00e4r det mer n\u00e4rg\u00e5nget \u00e4n att kramas, p\u00e5 s\u00e4tt och vis inte. Hur som helst \u00e4r inte jag och ingen annan heller alltid konsekvent, ingen m\u00e4nniska \u00e4r gjuten i ett stycke utom m\u00f6jligen <a data-test-tag=\"internal-link\" href=\"https:\/\/www.aftonbladet.se\/tagg\/ulf-kristersson\" class=\"hyperion-css-15jkft9\" rel=\"nofollow noopener\" target=\"\" aria-label=\"Ulf Kristersson\">Ulf Kristersson<\/a>.<\/p>\n<p class=\"hyperion-css-1v9qo5x\">Det sista var ett sk\u00e4mt.<\/p>\n<p>expand-left<\/p>\n<p>helsk\u00e4rm<img decoding=\"async\" class=\"image-asset hyperion-css-u06ts1\" data-test-tag=\"image-asset\" src=\"https:\/\/www.europesays.com\/se\/wp-content\/uploads\/2025\/12\/7c460954-9b2f-4d62-ab37-0d9148958b72.jpeg\"  alt=\"Att kyssa kvinnor p\u00e5 hand \u00e4r elegant.\"  loading=\"eager\" fetchpriority=\"high\" style=\"aspect-ratio:1900 \/ 1495\"\/>Att kyssa kvinnor p\u00e5 hand \u00e4r elegant. Foto: Getty Images \/ Getty Images<\/p>\n<p class=\"hyperion-css-1v9qo5x\"><strong>Jag skulle g\u00e4rna anamma den polska<\/strong> traditionen d\u00e4r m\u00e4n kysser kvinnor p\u00e5 hand. Det \u00e4r elegant. Dessutom har jag anledning att tro att damerna blir f\u00f6rtjusta. N\u00e4r jag tr\u00e4ffade general Jaruzelski f\u00f6rsta g\u00e5ngen \u2013 han var Polens sista kommunistiska diktator, f\u00f6dd i en adelsfamilj v\u00e4ster om Bialystok \u2013 kysste han ytterst elaborerat min kvinnliga tolk p\u00e5 hand. Hon var en h\u00e4ngiven antikommunist. Det var roligt att se hennes h\u00e4nf\u00f6relse.<\/p>\n<p class=\"hyperion-css-1v9qo5x\">De enda jag vet som kysser kvinnor p\u00e5 hand i Sverige \u00e4r <a data-test-tag=\"internal-link\" href=\"https:\/\/www.aftonbladet.se\/tagg\/jan-guillou\" class=\"hyperion-css-15jkft9\" rel=\"nofollow noopener\" target=\"\" aria-label=\"Jan Guillou\">Jan Guillou<\/a> och Staffan Heimerson. Jag \u00e4r os\u00e4ker p\u00e5 vad jag ska g\u00f6ra med den insikten.<\/p>\n<p class=\"hyperion-css-1v9qo5x\">Det evinnerliga kramandet \u00e4r en kompensation f\u00f6r n\u00e5got, os\u00e4kert vad. Inte bara Sverige \u00e4r drabbat. I Danmark har psykologf\u00f6retaget Encounter best\u00e4mt att de anst\u00e4llda ska krama varandra en g\u00e5ng p\u00e5 morgonen och en p\u00e5 eftermiddagen.<\/p>\n<p class=\"hyperion-css-1v9qo5x\">S\u00e5dan PK-idioti \u00e4gnar de sig allts\u00e5 \u00e5t i Danmark!<\/p>\n<p>expand-left<\/p>\n<p>helsk\u00e4rm<img decoding=\"async\" class=\"image-asset hyperion-css-u06ts1\" data-test-tag=\"image-asset\" src=\"https:\/\/www.europesays.com\/se\/wp-content\/uploads\/2025\/12\/f6b51a82-8652-4402-b178-b5d3fad4c5bc.jpeg\"  alt=\"Tutsymfonin ekar i Stockholm.\"  loading=\"eager\" fetchpriority=\"high\" style=\"aspect-ratio:1900 \/ 1269\"\/>Tutsymfonin ekar i Stockholm. Foto: Getty Images\/iStockphoto<\/p>\n<p class=\"hyperion-css-1v9qo5x\"><strong>Varf\u00f6r k\u00e4nner kreti och pleti<\/strong> s\u00e5dant behov av att omfamna varandra?<\/p>\n<p class=\"hyperion-css-1v9qo5x\">Har samh\u00e4llet blivit kallare? Konkurrensen mellan individer h\u00e5rdare? I n\u00e5gon m\u00e5n tror jag det \u00e4r s\u00e5. Det r\u00e4cker med att promenera genom Stockholm och lyssna till tutandet, s\u00e5 fort det \u00e4r ett litet stopp i trafiken vr\u00e4ker sig n\u00e5gon stressad stackare p\u00e5 tutan och det \u00e4r inget litet k\u00e4ckt tutande utan ett BR\u00d6L \u2013 K\u00d6R DIN J\u00c4VEL, JAG HAR BR\u00c5TTOM.<\/p>\n<p class=\"hyperion-css-1v9qo5x\">Det beh\u00f6ver inte ens vara stopp f\u00f6r att det ska uppst\u00e5 en tutsymfoni, det r\u00e4cker med att bilen framf\u00f6r saktar in, n\u00e5gon f\u00f6rare \u00e4r os\u00e4ker p\u00e5 om han ska sv\u00e4nga till h\u00f6ger eller v\u00e4nster \u2013 FLYTTA P\u00c5 DIG F\u00d6R FAN.<\/p>\n<p class=\"hyperion-css-1v9qo5x\">Visst kan kramandet vara k\u00e4nslom\u00e4ssigt kompensatoriskt i en tillvaro d\u00e4r m\u00e4nniskor \u00e4r som hetsade r\u00e5djur med sk\u00e4llande j\u00e4mthundar efter sig.<\/p>\n<p class=\"hyperion-css-1v9qo5x\">Detta p\u00e5g\u00e5r m\u00e4rkligt nog parallellt med en ny-viktoriansk v\u00e5g d\u00e4r m\u00e4nniskor inte ska r\u00f6ra vid varandra.<\/p>\n<p class=\"hyperion-css-1v9qo5x\">G\u00e5 in i en kl\u00e4daff\u00e4r, s\u00e4g att du inte vet vilken storlek du har p\u00e5 byxorna och be den kvinnliga f\u00f6rs\u00e4ljaren m\u00e4ta midjan. F\u00f6rr var det sj\u00e4lvklart, rutin. Nu kommer hon inte att g\u00f6ra det. M\u00f6jligen ger hon dig ett m\u00e5ttband s\u00e5 att du kan m\u00e4ta sj\u00e4lv, \u00e4n troligare gissar hon storleken och ger dig ett par tre byxor att prova.<\/p>\n<p>expand-left<\/p>\n<p>helsk\u00e4rm<img decoding=\"async\" class=\"image-asset hyperion-css-u06ts1\" data-test-tag=\"image-asset\" src=\"https:\/\/www.europesays.com\/se\/wp-content\/uploads\/2025\/12\/fed437e9-cdb6-41e2-9868-bb9acfe60571.jpeg\"  alt=\"I Istanbul beh\u00f6ver fr\u00e4mlingar inte kramas.\"  loading=\"eager\" fetchpriority=\"high\" style=\"aspect-ratio:1900 \/ 1267\"\/>I Istanbul beh\u00f6ver fr\u00e4mlingar inte kramas. Foto: Emrah Gurel \/ AP<\/p>\n<p class=\"hyperion-css-1v9qo5x\"><strong>2008 genomgick jag en bypassoperation<\/strong> f\u00f6r hj\u00e4rtat. P\u00e5 rehab fick jag sm\u00e4rtstillande medel som jag inte t\u00e5lde. Jag svettades kopi\u00f6st, s\u00e4ngkl\u00e4derna var bl\u00f6ta, jag gungade i ett hav av svett. Jag sa till en ung sjuksk\u00f6terska att n\u00e5got var fel, det rann om mig, det kunde inte vara normalt.<\/p>\n<p class=\"hyperion-css-1v9qo5x\">K\u00e4nn p\u00e5 pannan, sa jag.<\/p>\n<p class=\"hyperion-css-1v9qo5x\">Hon stod bredvid s\u00e4ngen och s\u00e5g p\u00e5 mig.<\/p>\n<p class=\"hyperion-css-1v9qo5x\">K\u00e4nn.<\/p>\n<p class=\"hyperion-css-1v9qo5x\">Hon str\u00e4ckte fram pekfingret, petade f\u00f6rsiktigt och sa:<\/p>\n<p class=\"hyperion-css-1v9qo5x\">Usch.<\/p>\n<p class=\"hyperion-css-1v9qo5x\">D\u00e5 ins\u00e5g jag att vi lever i en ny tid d\u00e4r tv\u00e5 extrema sociala m\u00f6nster existerar sida vid sida, ett st\u00e4ndigt kladdande och samtidigt ber\u00f6ringsskr\u00e4ck, jag minns svettningarna och sjuksk\u00f6terskans motvilja alldeles tydligt, det var ett klarg\u00f6rande \u00f6gonblick.<\/p>\n<p class=\"hyperion-css-1v9qo5x\"><strong>Nu \u00e4r det ny\u00e5rsafton och jag befinner<\/strong> mig i Istanbul. H\u00e4r beh\u00f6ver jag inte krama fr\u00e4mlingar. Det k\u00e4nns sk\u00f6nt. Jag ska krama min fru och mina v\u00e4nner.<\/p>\n<p class=\"hyperion-css-1v9qo5x\">Alla andra ger jag ett fast handslag och uppriktig \u00f6nskan om att n\u00e4sta \u00e5r blir bra, ja, jag \u00e4r s\u00e4ker p\u00e5 att det blir b\u00e4ttre om vi alla hj\u00e4lps \u00e5t.<\/p>\n","protected":false},"excerpt":{"rendered":"share-arrowDela unsaveSpara expand-left helsk\u00e4rmHej \u2013 och kram. Pandemin var en befrielse eftersom man inte l\u00e4ngre beh\u00f6vde krama varenda&hellip;\n","protected":false},"author":2,"featured_media":121445,"comment_status":"","ping_status":"","sticky":false,"template":"","format":"standard","meta":{"footnotes":""},"categories":[12],"tags":[22,23,26,27,17,21,24,25,28,29,15,16,18,34,31,33,32,30,19,20],"class_list":{"0":"post-121444","1":"post","2":"type-post","3":"status-publish","4":"format-standard","5":"has-post-thumbnail","7":"category-sverige","8":"tag-breaking-news","9":"tag-breakingnews","10":"tag-featured-news","11":"tag-featurednews","12":"tag-headlines","13":"tag-huvudnyheter","14":"tag-latest-news","15":"tag-latestnews","16":"tag-main-news","17":"tag-mainnews","18":"tag-news","19":"tag-nyheter","20":"tag-rubriker","21":"tag-se","22":"tag-svenska","23":"tag-sverige","24":"tag-sweden","25":"tag-swedish","26":"tag-top-stories","27":"tag-topstories"},"share_on_mastodon":{"url":"https:\/\/pubeurope.com\/@se\/115812713316146672","error":""},"_links":{"self":[{"href":"https:\/\/www.europesays.com\/se\/wp-json\/wp\/v2\/posts\/121444","targetHints":{"allow":["GET"]}}],"collection":[{"href":"https:\/\/www.europesays.com\/se\/wp-json\/wp\/v2\/posts"}],"about":[{"href":"https:\/\/www.europesays.com\/se\/wp-json\/wp\/v2\/types\/post"}],"author":[{"embeddable":true,"href":"https:\/\/www.europesays.com\/se\/wp-json\/wp\/v2\/users\/2"}],"replies":[{"embeddable":true,"href":"https:\/\/www.europesays.com\/se\/wp-json\/wp\/v2\/comments?post=121444"}],"version-history":[{"count":0,"href":"https:\/\/www.europesays.com\/se\/wp-json\/wp\/v2\/posts\/121444\/revisions"}],"wp:featuredmedia":[{"embeddable":true,"href":"https:\/\/www.europesays.com\/se\/wp-json\/wp\/v2\/media\/121445"}],"wp:attachment":[{"href":"https:\/\/www.europesays.com\/se\/wp-json\/wp\/v2\/media?parent=121444"}],"wp:term":[{"taxonomy":"category","embeddable":true,"href":"https:\/\/www.europesays.com\/se\/wp-json\/wp\/v2\/categories?post=121444"},{"taxonomy":"post_tag","embeddable":true,"href":"https:\/\/www.europesays.com\/se\/wp-json\/wp\/v2\/tags?post=121444"}],"curies":[{"name":"wp","href":"https:\/\/api.w.org\/{rel}","templated":true}]}}