{"id":121446,"date":"2025-12-31T06:21:08","date_gmt":"2025-12-31T06:21:08","guid":{"rendered":"https:\/\/www.europesays.com\/se\/121446\/"},"modified":"2025-12-31T06:21:08","modified_gmt":"2025-12-31T06:21:08","slug":"kennedys-dotterdotter-dod-skrev-sjalv-om-cancern","status":"publish","type":"post","link":"https:\/\/www.europesays.com\/se\/121446\/","title":{"rendered":"Kennedys dotterdotter d\u00f6d \u2013 skrev sj\u00e4lv om cancern"},"content":{"rendered":"<p>Den amerikanska journalisten Tatiana Schlossberg, barnbarn till John F Kennedy, \u00e4r d\u00f6d 35 \u00e5r gammal, rapporterar flera medier. <\/p>\n<p>Schlossberg skrev i en kr\u00f6nika i The New Yorker i november att hon drabbats av en ovanlig form av leukemi. Hon riktade d\u00e5 ocks\u00e5 kritik mot sin sl\u00e4kting, h\u00e4lsominister Robert F Kennedy, f\u00f6r hans politik som hon menade kan drabba bland annat cancerforskning negativt.<\/p>\n<p>Familjen bekr\u00e4ftade d\u00f6dsfallet i ett kort uttalande p\u00e5 tisdagen.  <\/p>\n<p>Omni \u00e4r politiskt obundna och oberoende. Vi str\u00e4var efter att ge fler perspektiv p\u00e5 nyheterna. Har du fr\u00e5gor eller synpunkter kring v\u00e5r rapportering? <a href=\"https:\/\/omni.se\/kennedys-dotterdotter-dod-skrev-sjalv-om-cancern\/a\/mailto:redaktion@omni.se\" class=\"ArticleActions_contactLink__W2F1M\" rel=\"nofollow noopener\" target=\"_blank\">Kontakta redaktionen<\/a><\/p>\n","protected":false},"excerpt":{"rendered":"Den amerikanska journalisten Tatiana Schlossberg, barnbarn till John F Kennedy, \u00e4r d\u00f6d 35 \u00e5r gammal, rapporterar flera medier.&hellip;\n","protected":false},"author":2,"featured_media":121447,"comment_status":"","ping_status":"","sticky":false,"template":"","format":"standard","meta":{"footnotes":""},"categories":[14],"tags":[22,23,26,27,17,21,12228,24,25,28,29,15,268,16,12883,18,34,31,33,32,30,19,20,74,51,52,53,54],"class_list":{"0":"post-121446","1":"post","2":"type-post","3":"status-publish","4":"format-standard","5":"has-post-thumbnail","7":"category-varlden","8":"tag-breaking-news","9":"tag-breakingnews","10":"tag-featured-news","11":"tag-featurednews","12":"tag-headlines","13":"tag-huvudnyheter","14":"tag-john-f-kennedy","15":"tag-latest-news","16":"tag-latestnews","17":"tag-main-news","18":"tag-mainnews","19":"tag-news","20":"tag-nordamerika","21":"tag-nyheter","22":"tag-robert-f-kennedy","23":"tag-rubriker","24":"tag-se","25":"tag-svenska","26":"tag-sverige","27":"tag-sweden","28":"tag-swedish","29":"tag-top-stories","30":"tag-topstories","31":"tag-usa","32":"tag-varlden","33":"tag-world","34":"tag-world-news","35":"tag-worldnews"},"share_on_mastodon":{"url":"https:\/\/pubeurope.com\/@se\/115812740779911897","error":""},"_links":{"self":[{"href":"https:\/\/www.europesays.com\/se\/wp-json\/wp\/v2\/posts\/121446","targetHints":{"allow":["GET"]}}],"collection":[{"href":"https:\/\/www.europesays.com\/se\/wp-json\/wp\/v2\/posts"}],"about":[{"href":"https:\/\/www.europesays.com\/se\/wp-json\/wp\/v2\/types\/post"}],"author":[{"embeddable":true,"href":"https:\/\/www.europesays.com\/se\/wp-json\/wp\/v2\/users\/2"}],"replies":[{"embeddable":true,"href":"https:\/\/www.europesays.com\/se\/wp-json\/wp\/v2\/comments?post=121446"}],"version-history":[{"count":0,"href":"https:\/\/www.europesays.com\/se\/wp-json\/wp\/v2\/posts\/121446\/revisions"}],"wp:featuredmedia":[{"embeddable":true,"href":"https:\/\/www.europesays.com\/se\/wp-json\/wp\/v2\/media\/121447"}],"wp:attachment":[{"href":"https:\/\/www.europesays.com\/se\/wp-json\/wp\/v2\/media?parent=121446"}],"wp:term":[{"taxonomy":"category","embeddable":true,"href":"https:\/\/www.europesays.com\/se\/wp-json\/wp\/v2\/categories?post=121446"},{"taxonomy":"post_tag","embeddable":true,"href":"https:\/\/www.europesays.com\/se\/wp-json\/wp\/v2\/tags?post=121446"}],"curies":[{"name":"wp","href":"https:\/\/api.w.org\/{rel}","templated":true}]}}