{"id":121448,"date":"2025-12-31T06:29:10","date_gmt":"2025-12-31T06:29:10","guid":{"rendered":"https:\/\/www.europesays.com\/se\/121448\/"},"modified":"2025-12-31T06:29:10","modified_gmt":"2025-12-31T06:29:10","slug":"atta-skal-till-att-generation-z-aterupptacker-tron-pa-gud","status":"publish","type":"post","link":"https:\/\/www.europesays.com\/se\/121448\/","title":{"rendered":"\u00c5tta sk\u00e4l till att generation Z \u00e5ter\u00aduppt\u00e4cker tron p\u00e5 Gud"},"content":{"rendered":"<p class=\"kicker t16 tm16 quinary color_mobile_quinary\" style=\"\">Kulturkommentar<\/p>\n<p>\n        Unga har insett att man inte blir lycklig av att vara fri fr\u00e5n alla ramar, utan att det finns en djupare lycka, menar Marco Str\u00f6mberg.<br \/>\n        Sara Andersson\n    <\/p>\n<p>    Aggressiv feminism, islams utbredning i\u00a0v\u00e4st och en f\u00f6r\u00e4ldra\u00adgeneration som \u00e4r sekul\u00e4r. Det \u00e4r n\u00e5gra av orsakerna till att allt fler unga b\u00f6rjar tro p\u00e5 Gud, skriver Marco Str\u00f6mberg.<\/p>\n<p>Rapporter om ett \u00f6kat intresse f\u00f6r den kristna tron st\u00e5r som sp\u00f6n i\u00a0backen. Senast s\u00e5g vi Ungdoms\u00adbarometerns rapport om att 44\u00a0procent av ungdomar mellan 18 och 25\u00a0\u00e5r uppger att Jesus \u00e4r Guds son. Vi har ett flertal liknande rapporter under 2025 som pekar p\u00e5 samma trend: SOM-institutet, Evangelical Focus, engelska och walesiska bibel\u00ads\u00e4llskapet, etc.<\/p>\n<p>                ERBJUDANDE!<br \/>\n<br \/>V\u00e4rlden idag DIGITAL<br \/>\n                2 m\u00e5nader f\u00f6r 10 kr!<\/p>\n<p>\n                    <a class=\"lab-paywall-teaser-offer-button\" href=\"https:\/\/api.varldenidag.se\/paywall\/order?providerUrl=https%3A%2F%2Forder.flowy.se%2Fvarldenidag%2Fvarldenidagdigital%2F3990%2Fuserform%3FcouponNumber%3D124&amp;siteAlias=varldenidag&amp;&amp;siteId=2&amp;contentUrl=https%3A%2F%2Fwww.varldenidag.se%2Fkultur%2Fatta-skael-till-att-generation-z-aterupptaecker-tron-pa-gud%2F897892\" rel=\"nofollow noopener\" target=\"_blank\">K\u00d6P<\/a>\n                <\/p>\n<p>                V\u00e4rlden idag<br \/>\n<br \/>DIGITAL<br \/>\n                129,-<\/p>\n<p class=\"price_description\">kr\/m\u00e5nad \u200b\u200b\u200b\u200b\u200b\u200b<\/p>\n<p>\n                    <a class=\"lab-paywall-teaser-offer-button\" href=\"https:\/\/order.flowy.se\/varldenidag\/varldenidagdigital\" rel=\"nofollow noopener\" target=\"_blank\">K\u00d6P<\/a>\n                <\/p>\n<p>                V\u00e4rlden idag<br \/>\n<br \/>PAPPER<br \/>\n                189,-<\/p>\n<p class=\"price_description\">kr\/m\u00e5nad \u200b\u200b\u200b\u200b\u200b\u200b<\/p>\n<p>\n                    <a class=\"lab-paywall-teaser-offer-button\" href=\"https:\/\/order.flowy.se\/varldenidag\/varldenidag\" rel=\"nofollow noopener\" target=\"_blank\">K\u00d6P<\/a>\n                <\/p>\n","protected":false},"excerpt":{"rendered":"Kulturkommentar Unga har insett att man inte blir lycklig av att vara fri fr\u00e5n alla ramar, utan att&hellip;\n","protected":false},"author":2,"featured_media":121449,"comment_status":"","ping_status":"","sticky":false,"template":"","format":"standard","meta":{"footnotes":""},"categories":[14],"tags":[22,23,26,27,17,21,24,25,28,29,15,16,18,34,31,33,32,30,19,20,51,52,53,54],"class_list":{"0":"post-121448","1":"post","2":"type-post","3":"status-publish","4":"format-standard","5":"has-post-thumbnail","7":"category-varlden","8":"tag-breaking-news","9":"tag-breakingnews","10":"tag-featured-news","11":"tag-featurednews","12":"tag-headlines","13":"tag-huvudnyheter","14":"tag-latest-news","15":"tag-latestnews","16":"tag-main-news","17":"tag-mainnews","18":"tag-news","19":"tag-nyheter","20":"tag-rubriker","21":"tag-se","22":"tag-svenska","23":"tag-sverige","24":"tag-sweden","25":"tag-swedish","26":"tag-top-stories","27":"tag-topstories","28":"tag-varlden","29":"tag-world","30":"tag-world-news","31":"tag-worldnews"},"share_on_mastodon":{"url":"https:\/\/pubeurope.com\/@se\/115812772227821879","error":""},"_links":{"self":[{"href":"https:\/\/www.europesays.com\/se\/wp-json\/wp\/v2\/posts\/121448","targetHints":{"allow":["GET"]}}],"collection":[{"href":"https:\/\/www.europesays.com\/se\/wp-json\/wp\/v2\/posts"}],"about":[{"href":"https:\/\/www.europesays.com\/se\/wp-json\/wp\/v2\/types\/post"}],"author":[{"embeddable":true,"href":"https:\/\/www.europesays.com\/se\/wp-json\/wp\/v2\/users\/2"}],"replies":[{"embeddable":true,"href":"https:\/\/www.europesays.com\/se\/wp-json\/wp\/v2\/comments?post=121448"}],"version-history":[{"count":0,"href":"https:\/\/www.europesays.com\/se\/wp-json\/wp\/v2\/posts\/121448\/revisions"}],"wp:featuredmedia":[{"embeddable":true,"href":"https:\/\/www.europesays.com\/se\/wp-json\/wp\/v2\/media\/121449"}],"wp:attachment":[{"href":"https:\/\/www.europesays.com\/se\/wp-json\/wp\/v2\/media?parent=121448"}],"wp:term":[{"taxonomy":"category","embeddable":true,"href":"https:\/\/www.europesays.com\/se\/wp-json\/wp\/v2\/categories?post=121448"},{"taxonomy":"post_tag","embeddable":true,"href":"https:\/\/www.europesays.com\/se\/wp-json\/wp\/v2\/tags?post=121448"}],"curies":[{"name":"wp","href":"https:\/\/api.w.org\/{rel}","templated":true}]}}