{"id":121454,"date":"2025-12-31T06:43:07","date_gmt":"2025-12-31T06:43:07","guid":{"rendered":"https:\/\/www.europesays.com\/se\/121454\/"},"modified":"2025-12-31T06:43:07","modified_gmt":"2025-12-31T06:43:07","slug":"calle-jarnkrok-malade-mot-new-jersey-forsta-pa-tva-manader-nhl","status":"publish","type":"post","link":"https:\/\/www.europesays.com\/se\/121454\/","title":{"rendered":"Calle J\u00e4rnkrok m\u00e5lade mot New Jersey \u2013 f\u00f6rsta p\u00e5 tv\u00e5 m\u00e5nader | NHL"},"content":{"rendered":"<p>Publicerad 31 dec 2025 kl 06.47<\/p>\n<p>LOS ANGELES. Ingen William Nylander, ingen Auston Matthews.<\/p>\n<p>Men vad gjorde det?<\/p>\n<p>Calle J\u00e4rnkrok klev fram och gjorde sitt f\u00f6rsta m\u00e5l p\u00e5 14 matcher och hj\u00e4lpte Toronto Maple Leafs till en 4-0-seger mot New Jersey Devils.<\/p>\n<p>En tung f\u00f6rlust f\u00f6r Devils och Jacob Markstr\u00f6m, som sl\u00e4ppte in tre m\u00e5l p\u00e5 29 skott. Torontos sista m\u00e5l kom i tom kasse.<\/p>\n<p><img   alt=\"\"\/><\/p>\n<p>Calle J\u00e4rnkrok gjorde sitt f\u00f6rsta m\u00e5l sedan 1 november.<\/p>\n<p>Foto: FRANK GUNN \/ AP TT NYHETSBYR\u00c5N<\/p>\n<p>\u00d6ppna bild i helsk\u00e4rm<img loading=\"lazy\"   alt=\"\"\/><\/p>\n<p>Calle J\u00e4rnkrok.<\/p>\n<p>Foto: CHRISTOPHER KATSAROV \/ AP TT NYHETSBYR\u00c5N<\/p>\n<p>\u00d6ppna bild i helsk\u00e4rm<\/p>\n<p><a href=\"https:\/\/www.expressen.se\/tagg\/person\/calle-jarnkrok\/\" class=\"\" rel=\"nofollow noopener\" target=\"_blank\">Calle J\u00e4rnkrok<\/a> har haft en tuff s\u00e4song i Maple Leafs och varit petad vid n\u00e5gra tillf\u00e4llen.\u00a0<\/p>\n<p>Han hade inte hittat r\u00e4tt sedan den 1 november, men i natt skickade han in 3-0 efter drygt sex minuter i den tredje perioden och d\u00e4r var New Jersey ett slaget lag.<\/p>\n<p>J\u00e4rnkrok fick pucken av Steven Lorentz mitt i skottsektorn och klippte till direkt.<\/p>\n<p>Till sin gl\u00e4dje kunde han se pucken f\u00f6rsvinna in \u00f6ver plockhandsken p\u00e5 Markstr\u00f6m. Calle J\u00e4rnkroks lagkamrater fattade direkt att det var ett efterl\u00e4ngtat m\u00e5l f\u00f6r svensken och bj\u00f6d honom p\u00e5 ett stort kramkalas ute p\u00e5 isen.<\/p>\n<p>Och n\u00e4r han kom f\u00f6rbi b\u00e5set f\u00f6r det sedvanliga \u201dHigh-five\u201d var det breda leenden hos de andra spelarna.<\/p>\n<p>Direkt efter slagsm\u00e5let<\/p>\n<p>Toronto-m\u00e5lvakten Joseph Woll utn\u00e4mndes till matchens lirare efter att ha svarat f\u00f6r 33 r\u00e4ddningar.<\/p>\n<p>\u2013 Alla var med och bidrog i dag, det h\u00e4r var en lagseger p\u00e5 alla s\u00e4tt och vis, sa Woll efter\u00e5t.<\/p>\n<p>J\u00e4rnkroks 3-0-m\u00e5l kom 13 sekunder efter ett slagsm\u00e5l mellan hemmalagets Matthew Knies och Devils lagkapten Nico Hischier.<\/p>\n<p>Den sistn\u00e4mnde \u00e4r ingen som kastar handskarna till vardags, men antog utmaningen fr\u00e5n Knies efter en tekning i ett f\u00f6rs\u00f6k att v\u00e4cka laget.<\/p>\n<p>\u2013 Klart att jag inte vill att Nico ska sl\u00e5ss, men jag beundrar hans mod och vilja att f\u00e5 ig\u00e5ng lagkamraterna. Jag hoppas att det smittar av sig till v\u00e5ra andra spelare, kommenterade coachen Sheldon Kiefe.<\/p>\n","protected":false},"excerpt":{"rendered":"Publicerad 31 dec 2025 kl 06.47 LOS ANGELES. Ingen William Nylander, ingen Auston Matthews. Men vad gjorde det?&hellip;\n","protected":false},"author":2,"featured_media":121455,"comment_status":"","ping_status":"","sticky":false,"template":"","format":"standard","meta":{"footnotes":""},"categories":[68],"tags":[421,1166,11701,34,255,256,111,110,31,33,32,30],"class_list":{"0":"post-121454","1":"post","2":"type-post","3":"status-publish","4":"format-standard","5":"has-post-thumbnail","7":"category-sport","8":"tag-organization-nhl","9":"tag-organization-toronto-maple-leafs","10":"tag-person-calle-jarnkrok","11":"tag-se","12":"tag-sections-ishockey","13":"tag-sections-nhl","14":"tag-sport","15":"tag-sports","16":"tag-svenska","17":"tag-sverige","18":"tag-sweden","19":"tag-swedish"},"share_on_mastodon":{"url":"https:\/\/pubeurope.com\/@se\/115812827386082662","error":""},"_links":{"self":[{"href":"https:\/\/www.europesays.com\/se\/wp-json\/wp\/v2\/posts\/121454","targetHints":{"allow":["GET"]}}],"collection":[{"href":"https:\/\/www.europesays.com\/se\/wp-json\/wp\/v2\/posts"}],"about":[{"href":"https:\/\/www.europesays.com\/se\/wp-json\/wp\/v2\/types\/post"}],"author":[{"embeddable":true,"href":"https:\/\/www.europesays.com\/se\/wp-json\/wp\/v2\/users\/2"}],"replies":[{"embeddable":true,"href":"https:\/\/www.europesays.com\/se\/wp-json\/wp\/v2\/comments?post=121454"}],"version-history":[{"count":0,"href":"https:\/\/www.europesays.com\/se\/wp-json\/wp\/v2\/posts\/121454\/revisions"}],"wp:featuredmedia":[{"embeddable":true,"href":"https:\/\/www.europesays.com\/se\/wp-json\/wp\/v2\/media\/121455"}],"wp:attachment":[{"href":"https:\/\/www.europesays.com\/se\/wp-json\/wp\/v2\/media?parent=121454"}],"wp:term":[{"taxonomy":"category","embeddable":true,"href":"https:\/\/www.europesays.com\/se\/wp-json\/wp\/v2\/categories?post=121454"},{"taxonomy":"post_tag","embeddable":true,"href":"https:\/\/www.europesays.com\/se\/wp-json\/wp\/v2\/tags?post=121454"}],"curies":[{"name":"wp","href":"https:\/\/api.w.org\/{rel}","templated":true}]}}