{"id":121456,"date":"2025-12-31T06:44:12","date_gmt":"2025-12-31T06:44:12","guid":{"rendered":"https:\/\/www.europesays.com\/se\/121456\/"},"modified":"2025-12-31T06:44:12","modified_gmt":"2025-12-31T06:44:12","slug":"the-wire-skadespelaren-isiah-whitlock-jr-ar-dod","status":"publish","type":"post","link":"https:\/\/www.europesays.com\/se\/121456\/","title":{"rendered":"The Wire-sk\u00e5despelaren Isiah Whitlock Jr \u00e4r d\u00f6d"},"content":{"rendered":"<p>Den amerikanska sk\u00e5despelaren Isiah Whitlock Jr \u00e4r d\u00f6d, 71 \u00e5r gammal, rapporterar Deadline. <\/p>\n<p>Whitlock blev k\u00e4nd som den korrupta politikern Clay Davis i \u201dThe Wire\u201d, men medverkade ocks\u00e5 i bland annat \u201dVeep\u201d och \u201dYour honor\u201d under sin 30 \u00e5r l\u00e5nga karri\u00e4r. <\/p>\n<p>Han spelade ocks\u00e5 i flera av regiss\u00f6ren Spike Lees filmer. <\/p>\n<p>D\u00f6dsfallet kommer mindre \u00e4n tv\u00e5 veckor efter att Whitlocks \u201dThe wire\u201d-kollega James Ransone hittats d\u00f6d i ett hem i Los Angeles, skriver TT. <\/p>\n<p>Omni \u00e4r politiskt obundna och oberoende. Vi str\u00e4var efter att ge fler perspektiv p\u00e5 nyheterna. Har du fr\u00e5gor eller synpunkter kring v\u00e5r rapportering? <a href=\"https:\/\/omni.se\/the-wire-skadespelaren-isiah-whitlock-jr-dod\/a\/mailto:redaktion@omni.se\" class=\"ArticleActions_contactLink__W2F1M\" rel=\"nofollow noopener\" target=\"_blank\">Kontakta redaktionen<\/a><\/p>\n","protected":false},"excerpt":{"rendered":"Den amerikanska sk\u00e5despelaren Isiah Whitlock Jr \u00e4r d\u00f6d, 71 \u00e5r gammal, rapporterar Deadline. Whitlock blev k\u00e4nd som den&hellip;\n","protected":false},"author":2,"featured_media":121457,"comment_status":"","ping_status":"","sticky":false,"template":"","format":"standard","meta":{"footnotes":""},"categories":[67],"tags":[104,168,34,31,33,32,30,105],"class_list":{"0":"post-121456","1":"post","2":"type-post","3":"status-publish","4":"format-standard","5":"has-post-thumbnail","7":"category-underhallning","8":"tag-entertainment","9":"tag-film-tv","10":"tag-se","11":"tag-svenska","12":"tag-sverige","13":"tag-sweden","14":"tag-swedish","15":"tag-underhallning"},"share_on_mastodon":{"url":"https:\/\/pubeurope.com\/@se\/115812831196802339","error":""},"_links":{"self":[{"href":"https:\/\/www.europesays.com\/se\/wp-json\/wp\/v2\/posts\/121456","targetHints":{"allow":["GET"]}}],"collection":[{"href":"https:\/\/www.europesays.com\/se\/wp-json\/wp\/v2\/posts"}],"about":[{"href":"https:\/\/www.europesays.com\/se\/wp-json\/wp\/v2\/types\/post"}],"author":[{"embeddable":true,"href":"https:\/\/www.europesays.com\/se\/wp-json\/wp\/v2\/users\/2"}],"replies":[{"embeddable":true,"href":"https:\/\/www.europesays.com\/se\/wp-json\/wp\/v2\/comments?post=121456"}],"version-history":[{"count":0,"href":"https:\/\/www.europesays.com\/se\/wp-json\/wp\/v2\/posts\/121456\/revisions"}],"wp:featuredmedia":[{"embeddable":true,"href":"https:\/\/www.europesays.com\/se\/wp-json\/wp\/v2\/media\/121457"}],"wp:attachment":[{"href":"https:\/\/www.europesays.com\/se\/wp-json\/wp\/v2\/media?parent=121456"}],"wp:term":[{"taxonomy":"category","embeddable":true,"href":"https:\/\/www.europesays.com\/se\/wp-json\/wp\/v2\/categories?post=121456"},{"taxonomy":"post_tag","embeddable":true,"href":"https:\/\/www.europesays.com\/se\/wp-json\/wp\/v2\/tags?post=121456"}],"curies":[{"name":"wp","href":"https:\/\/api.w.org\/{rel}","templated":true}]}}