{"id":121458,"date":"2025-12-31T06:50:11","date_gmt":"2025-12-31T06:50:11","guid":{"rendered":"https:\/\/www.europesays.com\/se\/121458\/"},"modified":"2025-12-31T06:50:11","modified_gmt":"2025-12-31T06:50:11","slug":"nollvision-och-hardare-lagar-partiledarna-reagerar-efter-julmorden","status":"publish","type":"post","link":"https:\/\/www.europesays.com\/se\/121458\/","title":{"rendered":"Nollvision och h\u00e5rdare lagar \u2013 partiledarna reagerar efter julmorden"},"content":{"rendered":"<p>\u201dObeskrivlig ondska\u201d, \u201dvederv\u00e4rdigt\u201d och ett system som sviker.<\/p>\n<p>Politikerna reagerar starkt p\u00e5 julhelgens mord \u2013 och kr\u00e4ver h\u00e5rdare tag.<\/p>\n<p>S\u00e5 h\u00e4r vill de f\u00f6rhindra m\u00e4ns v\u00e5ld mot kvinnor.<\/p>\n<p>Nattvandraren Stefan Nilsson om k\u00e4nslorna i R\u00f6nninge: \u201dOtryggheten kommer finnas kvar\u201d.<img loading=\"lazy\"   alt=\"\"\/><\/p>\n<p>Ebba Busch (KD).<\/p>\n<p>Foto: Anders Wiklund\/TT \/ TT NYHETSBYR\u00c5N<\/p>\n<p>\u00d6ppna bild i helsk\u00e4rm<img loading=\"lazy\"   alt=\"\"\/><\/p>\n<p>Jimmie \u00c5kesson (SD).<\/p>\n<p>Foto: ANNA-KARIN NILSSON<\/p>\n<p>\u00d6ppna bild i helsk\u00e4rm<img loading=\"lazy\"   alt=\"\"\/><\/p>\n<p>Nooshi Dadgostar (V).<\/p>\n<p>Foto: PELLE T NILSSON \/ SPA SPA | SWEDISH PRESS AGENCY<\/p>\n<p>\u00d6ppna bild i helsk\u00e4rm<img loading=\"lazy\"   alt=\"\"\/><\/p>\n<p>Magdalena Anderssn (S).<\/p>\n<p>Foto: Jonas Ekstr\u00f6mer\/TT \/ TT NYHETSBYR\u00c5N<\/p>\n<p>\u00d6ppna bild i helsk\u00e4rmArtikeln i korthet<\/p>\n<p>\u25a0 Tv\u00e5 kvinnor m\u00f6rdades under julhelgen \u2013 nu reagerar de svenska partiledarna starkt.<\/p>\n<p>\u25a0 De kr\u00e4ver bland annat h\u00e5rdare lagar och nollvision mot m\u00e4ns v\u00e5ld mot kvinnor.<\/p>\n<p>\u25a0 Regeringen t\u00e4nker inr\u00e4tta ett s\u00e4rskilt ministerr\u00e5d.<\/p>\n<p>Visa mer<\/p>\n<p>P\u00e5 juldagen m\u00f6rdades en kvinna i 55-\u00e5rs\u00e5ldern <a href=\"https:\/\/www.expressen.se\/nyheter\/sverige\/garningsmannen-i-boden-var-i-huset-i-over-tre-timmar\/\" rel=\"nofollow noopener\" target=\"_blank\">i sitt eget hem i Boden<\/a>. Tv\u00e5 dagar senare <a href=\"https:\/\/www.expressen.se\/nyheter\/sverige\/polisen-haller-presstraff-om-sokinsatsen-i-ronninge-\/\" rel=\"nofollow noopener\" target=\"_blank\">hittades en 25-\u00e5rig kvinna<\/a>, som f\u00f6rsvunnit i R\u00f6nninge natten mot annandagen, d\u00f6d \u2013 ocks\u00e5 hon m\u00f6rdad.<\/p>\n<p>De brutala d\u00e5den har skakat hela Sverige, och \u00e4ven partiledarna uttrycker best\u00f6rtning.<\/p>\n<p>Busch: \u201dMisslyckats kapitalt\u201d<\/p>\n<p>Vice statsminister Ebba Busch (KD) skriver p\u00e5 tisdagskv\u00e4llen p\u00e5 <a href=\"https:\/\/x.com\/BuschEbba\/status\/2006084428380999898\" rel=\"nofollow\">X<\/a> att mordet i R\u00f6nninge \u201dg\u00e5r inte att ta in\u201d. Att det \u00e4r ett \u201dvansinnesd\u00e5d\u201d som \u00e4r \u201dvederv\u00e4rdigt\u201d.<\/p>\n<p>\u201dJag vet inte exakt vad som h\u00e4nt. Jag vet inte hur denna person (<a href=\"https:\/\/www.expressen.se\/nyheter\/sverige\/vilma-andersson-misstanks-for-styckmordet-i-ronninge-\/\" rel=\"nofollow noopener\" target=\"_blank\">den misst\u00e4nkta, Vilma Andersson<\/a>, reds anm) tidigare bed\u00f6mts av r\u00e4ttsv\u00e5rdande myndigheter i samband med utredningar och domslut. Jag kan bara utg\u00e5 fr\u00e5n att alla bed\u00f6mningar gjorts enligt g\u00e4llande lagar och regler. Och d\u00e5 har staten, r\u00e4tten som ska st\u00e5 p\u00e5 den svages sida, misslyckats kapitalt. Till kostnaden av en kvinnas liv\u201d, skriver Busch.<\/p>\n<p>Hon skriver sen att regeringen nu t\u00e4nker inr\u00e4tta ett s\u00e4rskilt ministerr\u00e5d i arbetet mot m\u00e4ns v\u00e5ld mot kvinnor, som <a href=\"https:\/\/www.expressen.se\/nyheter\/sverige\/nytt-ministerrad-inrattas-mot-mans-vald-mot-kvinnor\/\" rel=\"nofollow noopener\" target=\"_blank\">statsminister Ulf Kristersson (M) ber\u00e4ttade om<\/a> i en debattartikel i Aftonbladet tidigare under tisdagen, och som han ocks\u00e5 har skrivit om p\u00e5 <a href=\"https:\/\/x.com\/SwedishPM\" rel=\"nofollow\">X<\/a>.<\/p>\n<p>\u00c5kesson: Kompromissl\u00f6s kurs\u00e4ndring<\/p>\n<p>\u00c4ven Jimmie \u00c5kesson (SD) reagerar starkt p\u00e5 morden och skriver under tisdagen p\u00e5 <a href=\"https:\/\/x.com\/jimmieakesson\/status\/2006089788907196489\" rel=\"nofollow\">X<\/a> att \u201ddet \u00e4r sv\u00e5rt att ta in den obeskrivliga ondskan\u201d. Han uppger att SD kommer att \u201ddriva p\u00e5 f\u00f6r en f\u00f6r\u00e4ndrad lagstiftning\u201d, efter att \u201daningsl\u00f6sa politiker fattat beslut som m\u00f6jliggjort f\u00f6r samh\u00e4llsfarliga personer att vistas ute bland folk\u201d.<\/p>\n<p>\u201dDen kurs\u00e4ndring vi genomf\u00f6r tillsammans med regeringen \u00e4r tydlig och kompromissl\u00f6s. Skyddet f\u00f6r laglydiga m\u00e4nniskor ska alltid g\u00e5 f\u00f6rst. M\u00e4nniskor som \u00e4r dokumenterat farliga ska inte sl\u00e4ppas ut och ges m\u00f6jlighet att forts\u00e4tta skada andra\u201d, skriver \u00c5kesson.<\/p>\n<p>S vill ha nollvision<\/p>\n<p>\u00c4ven Magdalena Andersson (S) har tagit till <a href=\"https:\/\/x.com\/magdandersson\/status\/2006008953721979264\" rel=\"nofollow\">X<\/a> under tisdagen, d\u00e4r hon skriver att \u201dvarje kvinna ska kunna leva tryggt\u201d och att m\u00e4ns v\u00e5ld mot kvinnor i dag \u00e4r ett av v\u00e5ra st\u00f6rsta samh\u00e4llsproblem.<\/p>\n<p>\u201dVi socialdemokrater vill se en nollvision mot m\u00e4ns v\u00e5ld mot kvinnor d\u00e4r skarpare \u00e5tg\u00e4rder inf\u00f6rs \u00f6ver hela kedjan\u201d, skriver S-ledaren.<\/p>\n<p>Annons<\/p>\n<p>Som exempel n\u00e4mner hon tidsobest\u00e4mda straff f\u00f6r \u00e5terfallsv\u00e5ldt\u00e4ktsm\u00e4n, b\u00e4ttre riskbed\u00f6mningar och starkare st\u00f6d till brottsoffer.<\/p>\n<p>V: Mer r\u00e4ttspsykiatrisk v\u00e5rd<\/p>\n<p>V-ledaren Nooshi Dadgostar skrev p\u00e5 <a href=\"https:\/\/www.facebook.com\/ndadgostar\/posts\/pfbid0b82rWCogtmShhTxwHsaDxpy64zQ5uaTeEiegA4TvJ8qZuA2TJXCM3ezBFM46dZC3l\" rel=\"nofollow noopener\" target=\"_blank\">Facebook<\/a> under m\u00e5ndagen att \u201ddet \u00e4r tydligt att samh\u00e4llet inte g\u00f6r tillr\u00e4ckligt f\u00f6r att skydda kvinnor\u201d och andra utsatta, och att systemet sviker n\u00e4r personer med h\u00f6g risk att \u00e5terfalla i grovt v\u00e5ld sl\u00e4pps fria efter avtj\u00e4nat straff.<\/p>\n<p>\u201dV\u00e4nsterpartiet vill d\u00e4rf\u00f6r se en f\u00f6r\u00e4ndring d\u00e4r fler d\u00f6ms till r\u00e4ttspsykiatrisk v\u00e5rd med s\u00e4rskild utskrivningspr\u00f6vning\u201d, skriver Dadgostar.<\/p>\n<p>Ocks\u00e5 <a href=\"https:\/\/www.expressen.se\/tagg\/person\/simona-mohamsson\/\" class=\"\" rel=\"nofollow noopener\" target=\"_blank\">Simona Mohamsson<\/a> (L) skrev p\u00e5 Facebook under m\u00e5ndagen, att frihet utan trygghet \u2013 d\u00e4r kvinnor begr\u00e4nsar sina liv av r\u00e4dsla \u2013 inte \u00e4r verklig frihet.<\/p>\n<p>\u201dDet som skett de senaste dagarna ska aldrig n\u00e5gonsin f\u00e5 ske, det har jag som politiker ett ansvar f\u00f6r att se till. Vi m\u00e5ste agera tidigare och h\u00e5rdare\u201d, skriver L-ledaren.<\/p>\n<p>C-ledaren Elisabeth Thand Ringqvist skriver p\u00e5 <a href=\"https:\/\/www.instagram.com\/p\/DS5FOmJDFI2\/\" rel=\"nofollow noopener\" target=\"_blank\">Instagram<\/a> att \u201dvi m\u00e5ste\u201d st\u00e4rka r\u00e4ttsv\u00e4sendet och ta mer ansvar f\u00f6r at f\u00f6rebygga v\u00e5ld.<\/p>\n<p>\u201dTillg\u00e4nglig psykiatri i hela landet, r\u00e4tt niv\u00e5 av sekretess mellan myndigheter och l\u00e5ngsiktig finansiering till tjej och kvinnojourer \u00e4r centrala delar i det arbetet.\u201d<\/p>\n<p><script async src=\"\/\/www.instagram.com\/embed.js\"><\/script><\/p>\n","protected":false},"excerpt":{"rendered":"\u201dObeskrivlig ondska\u201d, \u201dvederv\u00e4rdigt\u201d och ett system som sviker. Politikerna reagerar starkt p\u00e5 julhelgens mord \u2013 och kr\u00e4ver h\u00e5rdare&hellip;\n","protected":false},"author":2,"featured_media":121459,"comment_status":"","ping_status":"","sticky":false,"template":"","format":"standard","meta":{"footnotes":""},"categories":[5],"tags":[22,23,26,27,17,21,24,25,28,29,15,12855,16,874,944,1207,1501,650,18,34,154,31,33,32,30,19,152,1942,20],"class_list":{"0":"post-121458","1":"post","2":"type-post","3":"status-publish","4":"format-standard","5":"has-post-thumbnail","7":"category-rubriker","8":"tag-breaking-news","9":"tag-breakingnews","10":"tag-featured-news","11":"tag-featurednews","12":"tag-headlines","13":"tag-huvudnyheter","14":"tag-latest-news","15":"tag-latestnews","16":"tag-main-news","17":"tag-mainnews","18":"tag-news","19":"tag-newsstory-kvinna-mordad-i-ronninge","20":"tag-nyheter","21":"tag-person-ebba-busch","22":"tag-person-jimmie-akesson","23":"tag-person-magdalena-andersson","24":"tag-person-nooshi-dadgostar","25":"tag-person-simona-mohamsson","26":"tag-rubriker","27":"tag-se","28":"tag-sections-sverige","29":"tag-svenska","30":"tag-sverige","31":"tag-sweden","32":"tag-swedish","33":"tag-top-stories","34":"tag-topic-inrikespolitik","35":"tag-topic-lagar","36":"tag-topstories"},"share_on_mastodon":{"url":"","error":"Validation failed: Text character limit of 500 exceeded"},"_links":{"self":[{"href":"https:\/\/www.europesays.com\/se\/wp-json\/wp\/v2\/posts\/121458","targetHints":{"allow":["GET"]}}],"collection":[{"href":"https:\/\/www.europesays.com\/se\/wp-json\/wp\/v2\/posts"}],"about":[{"href":"https:\/\/www.europesays.com\/se\/wp-json\/wp\/v2\/types\/post"}],"author":[{"embeddable":true,"href":"https:\/\/www.europesays.com\/se\/wp-json\/wp\/v2\/users\/2"}],"replies":[{"embeddable":true,"href":"https:\/\/www.europesays.com\/se\/wp-json\/wp\/v2\/comments?post=121458"}],"version-history":[{"count":0,"href":"https:\/\/www.europesays.com\/se\/wp-json\/wp\/v2\/posts\/121458\/revisions"}],"wp:featuredmedia":[{"embeddable":true,"href":"https:\/\/www.europesays.com\/se\/wp-json\/wp\/v2\/media\/121459"}],"wp:attachment":[{"href":"https:\/\/www.europesays.com\/se\/wp-json\/wp\/v2\/media?parent=121458"}],"wp:term":[{"taxonomy":"category","embeddable":true,"href":"https:\/\/www.europesays.com\/se\/wp-json\/wp\/v2\/categories?post=121458"},{"taxonomy":"post_tag","embeddable":true,"href":"https:\/\/www.europesays.com\/se\/wp-json\/wp\/v2\/tags?post=121458"}],"curies":[{"name":"wp","href":"https:\/\/api.w.org\/{rel}","templated":true}]}}