{"id":121462,"date":"2025-12-31T06:53:27","date_gmt":"2025-12-31T06:53:27","guid":{"rendered":"https:\/\/www.europesays.com\/se\/121462\/"},"modified":"2025-12-31T06:53:27","modified_gmt":"2025-12-31T06:53:27","slug":"bara-sadar-har-en-ny-film-om-dracula-slappts-digitalt","status":"publish","type":"post","link":"https:\/\/www.europesays.com\/se\/121462\/","title":{"rendered":"Bara s\u00e5d\u00e4r har en ny film om &#8221;Dracula&#8221; sl\u00e4ppts digitalt"},"content":{"rendered":"<p>Dracula finns i m\u00e5nga tappningen och versioner. Bara de senaste \u00e5ren har \u201d<a href=\"https:\/\/www.moviezine.se\/movies\/renfield\" rel=\"nofollow noopener\" target=\"_blank\">Renfield<\/a>\u201d, \u201d<a href=\"https:\/\/www.moviezine.se\/movies\/the-last-voyage-of-the-demeter\" rel=\"nofollow noopener\" target=\"_blank\">The Last Voyage of Demeter<\/a>\u201d och \u201d<a href=\"https:\/\/www.moviezine.se\/movies\/nosferatu-2024\" rel=\"nofollow noopener\" target=\"_blank\">Nosferatu<\/a>\u201d gjort tre v\u00e4ldigt olika tolkningar av samma ikoniska karakt\u00e4r. Nu \u00e4r det dags f\u00f6r <strong>Luc Besson<\/strong> \u2013 regiss\u00f6ren bakom \u201d<a href=\"https:\/\/www.moviezine.se\/movies\/lucy\" rel=\"nofollow noopener\" target=\"_blank\">Lucy<\/a>\u201d och \u201d<a href=\"https:\/\/www.moviezine.se\/movies\/det-femte-elementet\" rel=\"nofollow noopener\" target=\"_blank\">Det femte elementet<\/a>\u201d \u2013 att s\u00e4tta en mer romantisk ton \u00f6ver det hela. <\/p>\n<p>En furste p\u00e5 1400-talet f\u00f6rlorar sin hustru och f\u00f6rd\u00f6mer d\u00e4rmed Gud efter den sv\u00e5ra f\u00f6rlusten. I vanlig ordning drabbas han av en evig f\u00f6rbannelse och f\u00f6rvandlas till Dracula. Dock ger han inte upp hoppet om att \u00e5terf\u00f6renas med sin f\u00f6rlorade k\u00e4rlek. <\/p>\n<p>L\u00e4s ocks\u00e5: <a href=\"https:\/\/www.moviezine.se\/nyheter\/sydney-sweeneys-nya-thriller-ar-en-valbehovd-succe\" title=\"Sydney Sweeneys nya thriller \u00e4r en v\u00e4lbeh\u00f6vd succ\u00e9\" class=\"underline-custom !font-montserrat !font-bold !underline-offset-4 !decoration-4 !decoration-moviezine-green !text-md\" rel=\"nofollow noopener\" target=\"_blank\">Sydney Sweeneys nya thriller \u00e4r en v\u00e4lbeh\u00f6vd succ\u00e9<\/a><\/p>\n<p><img loading=\"lazy\" decoding=\"async\" width=\"648\" height=\"417\" alt=\"\" class=\"wp-image-709757 perfmatters-lazy\" src=\"https:\/\/www.europesays.com\/se\/wp-content\/uploads\/2025\/12\/Dracula-e1767099233244-648x417.jpg\"  data-\/><\/p>\n<p>Vampyrfilmen heter kort och gott \u201dDracula\u201d, men i Sverige har den d\u00f6pts till \u201dDracula: A Love Tale\u201d. Inte helt fel med tanke p\u00e5 den mer romantiska vinkeln man fokuserar p\u00e5. I titelrollen ser vi <strong>Caleb Landry Jones<\/strong> (\u201dThree Billboards Outside Ebbing, Missouri\u201d). Han f\u00e5r uppbackning av <strong>Christoph Waltz<\/strong> (\u201dFrankenstein\u201d) och <strong>Matilda De Angelis<\/strong> (\u201dThe Undoing\u201d). <\/p>\n<p>L\u00e4s ocks\u00e5: <a href=\"https:\/\/www.moviezine.se\/nyheter\/kritikerfavoriten-du-inte-sag-pa-bio-slapps-digitalt-idag-overraskar-standigt\" title=\"Kritikerfavoriten du inte s\u00e5g p\u00e5 bio sl\u00e4pps digitalt idag: \u201d\u00d6verraskar st\u00e4ndigt\u201d\" class=\"underline-custom !font-montserrat !font-bold !underline-offset-4 !decoration-4 !decoration-moviezine-green !text-md\" rel=\"nofollow noopener\" target=\"_blank\">Kritikerfavoriten du inte s\u00e5g p\u00e5 bio sl\u00e4pps digitalt idag: \u201d\u00d6verraskar st\u00e4ndigt\u201d<\/a><\/p>\n<p>Det har blivit ett mestadels positivt mottagande med 78% p\u00e5 Rotten Tomatoes i skrivande stund. <a href=\"https:\/\/www.theguardian.com\/film\/2025\/nov\/25\/dracula-a-love-tale-review-luc-besson-caleb-landry-jones-christoph-waltz\" rel=\"nofollow noopener\" target=\"_blank\">Guardian<\/a> delar ut 3\/5 i betyg och skriver \u201d\u00e4ven om vi egentligen inte beh\u00f6ver \u00e4nnu en filmversion av Bram Stokers ber\u00e4ttelse, har Bessons tolkning b\u00e5de ambition och pondus. Jones och Waltz \u00e4r perfekt castade.\u201d<\/p>\n<p>Om du inte kan f\u00e5 nog av den od\u00f6dlige filmikonen kan du se \u201dDracula: A Love Story\u201d p\u00e5 Apple, Rakuten TV, SF Anytime, Prime Video och Viaplay. Se trailern: <\/p>\n<p><img loading=\"lazy\" decoding=\"async\" alt=\"YouTube video\" width=\"480\" height=\"360\" data-pin-nopin=\"true\" nopin=\"nopin\" class=\"perfmatters-lazy\" src=\"https:\/\/www.europesays.com\/se\/wp-content\/uploads\/2025\/12\/1767164007_0_hqdefault.jpg\"\/><\/p>\n<p>L\u00e4s ocks\u00e5: <a href=\"https:\/\/www.moviezine.se\/nyheter\/steven-spielberg-vagrade-jobba-med-ben-affleck-efter-familjebrak-jag-har-problem-med-honom\" title=\"Steven Spielberg v\u00e4grade jobba med Ben Affleck efter br\u00e5k vid pool\" class=\"underline-custom !font-montserrat !font-bold !underline-offset-4 !decoration-4 !decoration-moviezine-green !text-md\" rel=\"nofollow noopener\" target=\"_blank\">Steven Spielberg v\u00e4grade jobba med Ben Affleck efter br\u00e5k vid pool<\/a><\/p>\n","protected":false},"excerpt":{"rendered":"Dracula finns i m\u00e5nga tappningen och versioner. Bara de senaste \u00e5ren har \u201dRenfield\u201d, \u201dThe Last Voyage of Demeter\u201d&hellip;\n","protected":false},"author":2,"featured_media":121463,"comment_status":"","ping_status":"","sticky":false,"template":"","format":"standard","meta":{"footnotes":""},"categories":[67],"tags":[2372,104,34,31,33,32,30,105],"class_list":{"0":"post-121462","1":"post","2":"type-post","3":"status-publish","4":"format-standard","5":"has-post-thumbnail","7":"category-underhallning","8":"tag-digitalpremiar","9":"tag-entertainment","10":"tag-se","11":"tag-svenska","12":"tag-sverige","13":"tag-sweden","14":"tag-swedish","15":"tag-underhallning"},"share_on_mastodon":{"url":"https:\/\/pubeurope.com\/@se\/115812866639305891","error":""},"_links":{"self":[{"href":"https:\/\/www.europesays.com\/se\/wp-json\/wp\/v2\/posts\/121462","targetHints":{"allow":["GET"]}}],"collection":[{"href":"https:\/\/www.europesays.com\/se\/wp-json\/wp\/v2\/posts"}],"about":[{"href":"https:\/\/www.europesays.com\/se\/wp-json\/wp\/v2\/types\/post"}],"author":[{"embeddable":true,"href":"https:\/\/www.europesays.com\/se\/wp-json\/wp\/v2\/users\/2"}],"replies":[{"embeddable":true,"href":"https:\/\/www.europesays.com\/se\/wp-json\/wp\/v2\/comments?post=121462"}],"version-history":[{"count":0,"href":"https:\/\/www.europesays.com\/se\/wp-json\/wp\/v2\/posts\/121462\/revisions"}],"wp:featuredmedia":[{"embeddable":true,"href":"https:\/\/www.europesays.com\/se\/wp-json\/wp\/v2\/media\/121463"}],"wp:attachment":[{"href":"https:\/\/www.europesays.com\/se\/wp-json\/wp\/v2\/media?parent=121462"}],"wp:term":[{"taxonomy":"category","embeddable":true,"href":"https:\/\/www.europesays.com\/se\/wp-json\/wp\/v2\/categories?post=121462"},{"taxonomy":"post_tag","embeddable":true,"href":"https:\/\/www.europesays.com\/se\/wp-json\/wp\/v2\/tags?post=121462"}],"curies":[{"name":"wp","href":"https:\/\/api.w.org\/{rel}","templated":true}]}}