{"id":121466,"date":"2025-12-31T07:05:11","date_gmt":"2025-12-31T07:05:11","guid":{"rendered":"https:\/\/www.europesays.com\/se\/121466\/"},"modified":"2025-12-31T07:05:11","modified_gmt":"2025-12-31T07:05:11","slug":"thailand-slapper-kambodjanska-soldater","status":"publish","type":"post","link":"https:\/\/www.europesays.com\/se\/121466\/","title":{"rendered":"Thailand sl\u00e4pper kambodjanska soldater"},"content":{"rendered":"<p>share-arrowDela<\/p>\n<p>unsaveSpara<\/p>\n<p>expand-left<\/p>\n<p>helsk\u00e4rm<img decoding=\"async\" class=\"image-asset hyperion-css-u06ts1\" data-test-tag=\"image-asset\" src=\"https:\/\/www.europesays.com\/se\/wp-content\/uploads\/2025\/12\/a9242a01-3653-4836-a1b2-f5f01c46929b.jpeg\"  alt=\"Kambodjas utrikesminister Prak Sokhonn, till v\u00e4nster, skakar hand med sin thail\u00e4ndska motsvarighet Sihasak Phuangketkeow under ett m\u00f6te p\u00e5 m\u00e5ndagen. I mitten Kinas utrikesminister Wang Yi.\"  loading=\"eager\" fetchpriority=\"high\" style=\"aspect-ratio:1900 \/ 1267\"\/>Kambodjas utrikesminister Prak Sokhonn, till v\u00e4nster, skakar hand med sin thail\u00e4ndska motsvarighet Sihasak Phuangketkeow under ett m\u00f6te p\u00e5 m\u00e5ndagen. I mitten Kinas utrikesminister Wang Yi. Foto: Akp Via AP\/TT<\/p>\n<p class=\"hyperion-css-1shl3oz\" data-test-tag=\"lead-text\">Thailand har sl\u00e4ppt 18 kambodjanska soldater. Beskedet kommer bara dagar efter det att l\u00e4nderna undertecknat ett nytt avtal om vapenvila.<\/p>\n<p class=\"hyperion-css-1v9qo5x\">Frisl\u00e4ppandet av soldaterna, som tillf\u00e5ngatogs av Thailand i juli i \u00e5r, sker som ett bevis p\u00e5 \u201dv\u00e4lvilja och f\u00f6r att bygga f\u00f6rtroende\u201d enligt ett uttalande fr\u00e5n det thail\u00e4ndska utrikesdepartementet.<\/p>\n<p class=\"hyperion-css-1v9qo5x\">Vapenvilan mellan Thailand och Kambodja tr\u00e4dde officiellt i kraft i l\u00f6rdags efter flera m\u00e5naders oroligheter. L\u00e4nderna har ing\u00e5tt vapenvila tv\u00e5 g\u00e5nger tidigare, men b\u00e5da har brustit.<\/p>\n<p class=\"hyperion-css-1v9qo5x\">I de senaste veckornas strider mellan l\u00e4nderna har minst 47 m\u00e4nniskor d\u00f6dats och \u00f6ver en miljon tvingats l\u00e4mna sina hem.<\/p>\n","protected":false},"excerpt":{"rendered":"share-arrowDela unsaveSpara expand-left helsk\u00e4rmKambodjas utrikesminister Prak Sokhonn, till v\u00e4nster, skakar hand med sin thail\u00e4ndska motsvarighet Sihasak Phuangketkeow under&hellip;\n","protected":false},"author":2,"featured_media":121467,"comment_status":"","ping_status":"","sticky":false,"template":"","format":"standard","meta":{"footnotes":""},"categories":[14],"tags":[22,23,26,27,17,21,24,25,28,29,15,16,18,34,31,33,32,30,19,20,51,52,53,54],"class_list":{"0":"post-121466","1":"post","2":"type-post","3":"status-publish","4":"format-standard","5":"has-post-thumbnail","7":"category-varlden","8":"tag-breaking-news","9":"tag-breakingnews","10":"tag-featured-news","11":"tag-featurednews","12":"tag-headlines","13":"tag-huvudnyheter","14":"tag-latest-news","15":"tag-latestnews","16":"tag-main-news","17":"tag-mainnews","18":"tag-news","19":"tag-nyheter","20":"tag-rubriker","21":"tag-se","22":"tag-svenska","23":"tag-sverige","24":"tag-sweden","25":"tag-swedish","26":"tag-top-stories","27":"tag-topstories","28":"tag-varlden","29":"tag-world","30":"tag-world-news","31":"tag-worldnews"},"share_on_mastodon":{"url":"https:\/\/pubeurope.com\/@se\/115812913868084565","error":""},"_links":{"self":[{"href":"https:\/\/www.europesays.com\/se\/wp-json\/wp\/v2\/posts\/121466","targetHints":{"allow":["GET"]}}],"collection":[{"href":"https:\/\/www.europesays.com\/se\/wp-json\/wp\/v2\/posts"}],"about":[{"href":"https:\/\/www.europesays.com\/se\/wp-json\/wp\/v2\/types\/post"}],"author":[{"embeddable":true,"href":"https:\/\/www.europesays.com\/se\/wp-json\/wp\/v2\/users\/2"}],"replies":[{"embeddable":true,"href":"https:\/\/www.europesays.com\/se\/wp-json\/wp\/v2\/comments?post=121466"}],"version-history":[{"count":0,"href":"https:\/\/www.europesays.com\/se\/wp-json\/wp\/v2\/posts\/121466\/revisions"}],"wp:featuredmedia":[{"embeddable":true,"href":"https:\/\/www.europesays.com\/se\/wp-json\/wp\/v2\/media\/121467"}],"wp:attachment":[{"href":"https:\/\/www.europesays.com\/se\/wp-json\/wp\/v2\/media?parent=121466"}],"wp:term":[{"taxonomy":"category","embeddable":true,"href":"https:\/\/www.europesays.com\/se\/wp-json\/wp\/v2\/categories?post=121466"},{"taxonomy":"post_tag","embeddable":true,"href":"https:\/\/www.europesays.com\/se\/wp-json\/wp\/v2\/tags?post=121466"}],"curies":[{"name":"wp","href":"https:\/\/api.w.org\/{rel}","templated":true}]}}