{"id":121468,"date":"2025-12-31T07:06:07","date_gmt":"2025-12-31T07:06:07","guid":{"rendered":"https:\/\/www.europesays.com\/se\/121468\/"},"modified":"2025-12-31T07:06:07","modified_gmt":"2025-12-31T07:06:07","slug":"31-december-08-00-sammanfattning-natt-ostergotlands-lan","status":"publish","type":"post","link":"https:\/\/www.europesays.com\/se\/121468\/","title":{"rendered":"31 december 08.00, Sammanfattning natt, \u00d6sterg\u00f6tlands l\u00e4n"},"content":{"rendered":"<p>God morgon. Under natten till ny\u00e5rsafton har polisens regionledningscentral \u00f6st hanterat ett 80-tal \u00e4renden som r\u00f6r \u00d6sterg\u00f6tlands l\u00e4n. Det har dels r\u00f6rt sig om en del samtal om fyrverkerier, men ocks\u00e5 trygghetsskapande arbete och kontroller av personer och fordon.\u00a0<\/p>\n<p><strong>01:06, Misshandel, Norrk\u00f6ping<\/strong><br \/>En man misshandlades utomhus Norrk\u00f6ping under natten. H\u00e4ndelsen \u00e4r rubricerad som grov misshandel d\u00e5 m\u00e5ls\u00e4gande blivit skadad med ett tillhygge. Den drabbade, en man i 35-\u00e5rs\u00e5ldern, f\u00f6rdes till sjukv\u00e5rd.\u00a0<\/p>\n<p>Omst\u00e4ndigheterna kring det intr\u00e4ffade \u00e4r \u00e4nnu inte klarlagda. D\u00e4rmed finns inte mer information\u00a0att ge i nul\u00e4get. Ingen person har gripits. <\/p>\n<p><strong>02:53, St\u00f6ld genom inbrott, Norrk\u00f6ping<\/strong><br \/>Polis kallas till en aff\u00e4rsverksamhet i stadsdelen Gamla staden med anledning av ett inbrott hos en aff\u00e4rsverksamhet. P\u00e5 plats kan konstateras att det finns ett h\u00e5l i ett f\u00f6nster och att gods f\u00f6r ett ok\u00e4nt v\u00e4rde stulits. Ingen person \u00e4r misst\u00e4nkt.\u00a0<\/p>\n","protected":false},"excerpt":{"rendered":"God morgon. Under natten till ny\u00e5rsafton har polisens regionledningscentral \u00f6st hanterat ett 80-tal \u00e4renden som r\u00f6r \u00d6sterg\u00f6tlands l\u00e4n.&hellip;\n","protected":false},"author":2,"featured_media":54,"comment_status":"","ping_status":"","sticky":false,"template":"","format":"standard","meta":{"footnotes":""},"categories":[12],"tags":[22,23,26,27,17,21,24,25,28,29,15,16,18,34,31,33,32,30,19,20],"class_list":{"0":"post-121468","1":"post","2":"type-post","3":"status-publish","4":"format-standard","5":"has-post-thumbnail","7":"category-sverige","8":"tag-breaking-news","9":"tag-breakingnews","10":"tag-featured-news","11":"tag-featurednews","12":"tag-headlines","13":"tag-huvudnyheter","14":"tag-latest-news","15":"tag-latestnews","16":"tag-main-news","17":"tag-mainnews","18":"tag-news","19":"tag-nyheter","20":"tag-rubriker","21":"tag-se","22":"tag-svenska","23":"tag-sverige","24":"tag-sweden","25":"tag-swedish","26":"tag-top-stories","27":"tag-topstories"},"share_on_mastodon":{"url":"https:\/\/pubeurope.com\/@se\/115812917745059328","error":""},"_links":{"self":[{"href":"https:\/\/www.europesays.com\/se\/wp-json\/wp\/v2\/posts\/121468","targetHints":{"allow":["GET"]}}],"collection":[{"href":"https:\/\/www.europesays.com\/se\/wp-json\/wp\/v2\/posts"}],"about":[{"href":"https:\/\/www.europesays.com\/se\/wp-json\/wp\/v2\/types\/post"}],"author":[{"embeddable":true,"href":"https:\/\/www.europesays.com\/se\/wp-json\/wp\/v2\/users\/2"}],"replies":[{"embeddable":true,"href":"https:\/\/www.europesays.com\/se\/wp-json\/wp\/v2\/comments?post=121468"}],"version-history":[{"count":0,"href":"https:\/\/www.europesays.com\/se\/wp-json\/wp\/v2\/posts\/121468\/revisions"}],"wp:featuredmedia":[{"embeddable":true,"href":"https:\/\/www.europesays.com\/se\/wp-json\/wp\/v2\/media\/54"}],"wp:attachment":[{"href":"https:\/\/www.europesays.com\/se\/wp-json\/wp\/v2\/media?parent=121468"}],"wp:term":[{"taxonomy":"category","embeddable":true,"href":"https:\/\/www.europesays.com\/se\/wp-json\/wp\/v2\/categories?post=121468"},{"taxonomy":"post_tag","embeddable":true,"href":"https:\/\/www.europesays.com\/se\/wp-json\/wp\/v2\/tags?post=121468"}],"curies":[{"name":"wp","href":"https:\/\/api.w.org\/{rel}","templated":true}]}}