{"id":121469,"date":"2025-12-31T07:14:27","date_gmt":"2025-12-31T07:14:27","guid":{"rendered":"https:\/\/www.europesays.com\/se\/121469\/"},"modified":"2025-12-31T07:14:27","modified_gmt":"2025-12-31T07:14:27","slug":"flera-varmerekord-slagna-under-2025","status":"publish","type":"post","link":"https:\/\/www.europesays.com\/se\/121469\/","title":{"rendered":"Flera v\u00e4rmerekord slagna under 2025"},"content":{"rendered":"<p>Flera regioner har under \u00e5ret upplevt de varmaste uppm\u00e4tta temperaturerna hittills. I Centralasien, Sahelregionen och norra Europa har medeltemperaturen aldrig tidigare varit h\u00f6gre, enligt data fr\u00e5n EU:s klimattj\u00e4nst Copernicus som har analyserats av AFP.Globalt sett ser de senaste tolv m\u00e5naderna ut att bli de tredje varmaste n\u00e5gonsin sedan m\u00e4tningarna b\u00f6rjade, efter <\/p>\n","protected":false},"excerpt":{"rendered":"Flera regioner har under \u00e5ret upplevt de varmaste uppm\u00e4tta temperaturerna hittills. I Centralasien, Sahelregionen och norra Europa har&hellip;\n","protected":false},"author":2,"featured_media":121470,"comment_status":"","ping_status":"","sticky":false,"template":"","format":"standard","meta":{"footnotes":""},"categories":[14],"tags":[22,23,26,27,17,21,24,25,28,29,15,16,18,34,31,33,32,30,19,20,51,52,53,54],"class_list":{"0":"post-121469","1":"post","2":"type-post","3":"status-publish","4":"format-standard","5":"has-post-thumbnail","7":"category-varlden","8":"tag-breaking-news","9":"tag-breakingnews","10":"tag-featured-news","11":"tag-featurednews","12":"tag-headlines","13":"tag-huvudnyheter","14":"tag-latest-news","15":"tag-latestnews","16":"tag-main-news","17":"tag-mainnews","18":"tag-news","19":"tag-nyheter","20":"tag-rubriker","21":"tag-se","22":"tag-svenska","23":"tag-sverige","24":"tag-sweden","25":"tag-swedish","26":"tag-top-stories","27":"tag-topstories","28":"tag-varlden","29":"tag-world","30":"tag-world-news","31":"tag-worldnews"},"share_on_mastodon":{"url":"https:\/\/pubeurope.com\/@se\/115812949222418262","error":""},"_links":{"self":[{"href":"https:\/\/www.europesays.com\/se\/wp-json\/wp\/v2\/posts\/121469","targetHints":{"allow":["GET"]}}],"collection":[{"href":"https:\/\/www.europesays.com\/se\/wp-json\/wp\/v2\/posts"}],"about":[{"href":"https:\/\/www.europesays.com\/se\/wp-json\/wp\/v2\/types\/post"}],"author":[{"embeddable":true,"href":"https:\/\/www.europesays.com\/se\/wp-json\/wp\/v2\/users\/2"}],"replies":[{"embeddable":true,"href":"https:\/\/www.europesays.com\/se\/wp-json\/wp\/v2\/comments?post=121469"}],"version-history":[{"count":0,"href":"https:\/\/www.europesays.com\/se\/wp-json\/wp\/v2\/posts\/121469\/revisions"}],"wp:featuredmedia":[{"embeddable":true,"href":"https:\/\/www.europesays.com\/se\/wp-json\/wp\/v2\/media\/121470"}],"wp:attachment":[{"href":"https:\/\/www.europesays.com\/se\/wp-json\/wp\/v2\/media?parent=121469"}],"wp:term":[{"taxonomy":"category","embeddable":true,"href":"https:\/\/www.europesays.com\/se\/wp-json\/wp\/v2\/categories?post=121469"},{"taxonomy":"post_tag","embeddable":true,"href":"https:\/\/www.europesays.com\/se\/wp-json\/wp\/v2\/tags?post=121469"}],"curies":[{"name":"wp","href":"https:\/\/api.w.org\/{rel}","templated":true}]}}