{"id":121471,"date":"2025-12-31T07:15:12","date_gmt":"2025-12-31T07:15:12","guid":{"rendered":"https:\/\/www.europesays.com\/se\/121471\/"},"modified":"2025-12-31T07:15:12","modified_gmt":"2025-12-31T07:15:12","slug":"kommuner-hjalper-stromlosa-invanare","status":"publish","type":"post","link":"https:\/\/www.europesays.com\/se\/121471\/","title":{"rendered":"Kommuner hj\u00e4lper str\u00f6ml\u00f6sa inv\u00e5nare"},"content":{"rendered":"<p class=\"boxtextgrotesk-root_baa6 hyperion-css-7pajle\">Uppdaterad 07.37 | Publicerad 06.15<\/p>\n<p>share-arrowDela<\/p>\n<p>unsaveSpara<\/p>\n<p>expand-left<\/p>\n<p>helsk\u00e4rm<img decoding=\"async\" class=\"image-asset hyperion-css-u06ts1\" data-test-tag=\"image-asset\" src=\"https:\/\/www.europesays.com\/se\/wp-content\/uploads\/2025\/12\/90670160-d56c-4ad5-a5b8-be29e744690b.jpeg\"  alt=\"M\u00e5nga i G\u00e4vleborgs l\u00e4n blev av med str\u00f6mmen under stormen Johannes. Arkivbild.\"  loading=\"eager\" fetchpriority=\"high\" style=\"aspect-ratio:1900 \/ 1424\"\/>M\u00e5nga i G\u00e4vleborgs l\u00e4n blev av med str\u00f6mmen under stormen Johannes. Arkivbild. Foto: Tomas Bengtsson\/TT<\/p>\n<p class=\"hyperion-css-1shl3oz\" data-test-tag=\"lead-text\">Tusentals abonnenter i G\u00e4vleborgs l\u00e4n \u00e4r fortfarande utan el efter stormen Johannes och det kan dr\u00f6ja dagar innan den \u00e4r tillbaka.<\/p>\n<p class=\"hyperion-css-1shl3oz\" data-test-tag=\"lead-text\">Flera kommuner i l\u00e4net \u00f6ppnar nu lokaler s\u00e5 att str\u00f6ml\u00f6sa inv\u00e5nare kan v\u00e4rma sig och duscha.<\/p>\n<p class=\"hyperion-css-1v9qo5x\">Bolln\u00e4s erbjuder m\u00f6jlighet till \u00f6vernattning till de inv\u00e5nare som beh\u00f6ver det. Det r\u00f6r sig i s\u00e5 fall om enklare s\u00e4ngar eller madrasser i gymnastiksal eller sporthall.<\/p>\n<p class=\"hyperion-css-1v9qo5x\">Intresserade ska h\u00f6ra av sig till kommunen mellan klockan 8 och 11 p\u00e5 ny\u00e5rsafton.<\/p>\n<p class=\"hyperion-css-1v9qo5x\">Hur stort behovet \u00e4r av \u00f6vernattning \u00e4r inte k\u00e4nt, s\u00e4ger Anna-Karin Niemann, kommunikationschef i Bolln\u00e4s.<\/p>\n<p class=\"hyperion-css-1v9qo5x\">\u2013 Det \u00e4r mer som en beredskap, s\u00e4ger hon.<\/p>\n<p class=\"hyperion-css-1v9qo5x\">Kommunen har \u00e4ven \u00f6ppnat sporthallar f\u00f6r att ge inv\u00e5narna tillg\u00e5ng till att duscha.<\/p>\n<p class=\"hyperion-css-1v9qo5x\">\u00c4ven i bland annat Hudiksvall och Ljusdal har det \u00f6ppnats lokaler s\u00e5 att m\u00e4nniskor kan v\u00e4rma sig, duscha och ladda mobiltelefoner.<\/p>\n<p class=\"hyperion-css-1v9qo5x\">Runt 40\u00a0000 hush\u00e5ll blev str\u00f6ml\u00f6sa n\u00e4r stormen Johannes passerade \u00f6ver norra och mellersta Sverige under l\u00f6rdagen. P\u00e5 ny\u00e5rsaftons morgon var \u00f6ver 3\u00a0500 hush\u00e5ll fortsatt utan str\u00f6m, varav lejonparten i G\u00e4vleborgs l\u00e4n och knappt 300 i V\u00e4sternorrland, enligt eln\u00e4tsbolagen Ellevio och Eon.<\/p>\n<p class=\"hyperion-css-1v9qo5x\">\u2013 Str\u00f6mmen kommer inte vara tillbaka hos alla under ny\u00e5rsafton, sade Jonatan Bj\u00f6rck, presskommunikat\u00f6r hos Ellevio, till TT p\u00e5 tisdagen.<\/p>\n","protected":false},"excerpt":{"rendered":"Uppdaterad 07.37 | Publicerad 06.15 share-arrowDela unsaveSpara expand-left helsk\u00e4rmM\u00e5nga i G\u00e4vleborgs l\u00e4n blev av med str\u00f6mmen under stormen&hellip;\n","protected":false},"author":2,"featured_media":121472,"comment_status":"","ping_status":"","sticky":false,"template":"","format":"standard","meta":{"footnotes":""},"categories":[12],"tags":[22,23,26,27,17,21,24,25,28,29,15,16,18,34,31,33,32,30,19,20],"class_list":{"0":"post-121471","1":"post","2":"type-post","3":"status-publish","4":"format-standard","5":"has-post-thumbnail","7":"category-sverige","8":"tag-breaking-news","9":"tag-breakingnews","10":"tag-featured-news","11":"tag-featurednews","12":"tag-headlines","13":"tag-huvudnyheter","14":"tag-latest-news","15":"tag-latestnews","16":"tag-main-news","17":"tag-mainnews","18":"tag-news","19":"tag-nyheter","20":"tag-rubriker","21":"tag-se","22":"tag-svenska","23":"tag-sverige","24":"tag-sweden","25":"tag-swedish","26":"tag-top-stories","27":"tag-topstories"},"share_on_mastodon":{"url":"https:\/\/pubeurope.com\/@se\/115812953124281833","error":""},"_links":{"self":[{"href":"https:\/\/www.europesays.com\/se\/wp-json\/wp\/v2\/posts\/121471","targetHints":{"allow":["GET"]}}],"collection":[{"href":"https:\/\/www.europesays.com\/se\/wp-json\/wp\/v2\/posts"}],"about":[{"href":"https:\/\/www.europesays.com\/se\/wp-json\/wp\/v2\/types\/post"}],"author":[{"embeddable":true,"href":"https:\/\/www.europesays.com\/se\/wp-json\/wp\/v2\/users\/2"}],"replies":[{"embeddable":true,"href":"https:\/\/www.europesays.com\/se\/wp-json\/wp\/v2\/comments?post=121471"}],"version-history":[{"count":0,"href":"https:\/\/www.europesays.com\/se\/wp-json\/wp\/v2\/posts\/121471\/revisions"}],"wp:featuredmedia":[{"embeddable":true,"href":"https:\/\/www.europesays.com\/se\/wp-json\/wp\/v2\/media\/121472"}],"wp:attachment":[{"href":"https:\/\/www.europesays.com\/se\/wp-json\/wp\/v2\/media?parent=121471"}],"wp:term":[{"taxonomy":"category","embeddable":true,"href":"https:\/\/www.europesays.com\/se\/wp-json\/wp\/v2\/categories?post=121471"},{"taxonomy":"post_tag","embeddable":true,"href":"https:\/\/www.europesays.com\/se\/wp-json\/wp\/v2\/tags?post=121471"}],"curies":[{"name":"wp","href":"https:\/\/api.w.org\/{rel}","templated":true}]}}