{"id":121475,"date":"2025-12-31T07:22:32","date_gmt":"2025-12-31T07:22:32","guid":{"rendered":"https:\/\/www.europesays.com\/se\/121475\/"},"modified":"2025-12-31T07:22:32","modified_gmt":"2025-12-31T07:22:32","slug":"varfor-bombar-trump-i-nigeria-egentligen","status":"publish","type":"post","link":"https:\/\/www.europesays.com\/se\/121475\/","title":{"rendered":"Varf\u00f6r bombar Trump i Nigeria egentligen?"},"content":{"rendered":"<p class=\"has-medium-font-size\">P\u00e5 natten mellan juldagen och annandag jul n\u00e5ddes vi av nyheten att Trumpregimen har l\u00e5tit sina bomber falla \u00f6ver ytterligare ett land: Nigeria.<br \/>Donald Trump har sedan en tid tillbaka hotat med bombningar. Hans sk\u00e4l har mycket litet med verklighet och sanning att g\u00f6ra. <\/p>\n<p>Opinion|Peter Wid\u00e9n<\/p>\n<p class=\"has-drop-cap\">Trump p\u00e5st\u00e5r, livligt uppbackad av de fundamentalistiska evangeliska kyrkorna i USA, att det p\u00e5g\u00e5r ett folkmord p\u00e5 de kristna i Nigeria. Ett folkmord som den nigerianska regeringen inte g\u00f6r n\u00e5got f\u00f6r att stoppa. Trump har hotat med direkt milit\u00e4r intervention. Nigerias regering har f\u00f6rklarat att man f\u00f6rvisso har problem med v\u00e5ld och terror i landet men att\u00a0<strong>detta v\u00e5ld drabbar f\u00f6ljare av alla religioner\u00a0och alla befolkningsgrupper<\/strong>. Sanningen \u00e4r att den islamiska fundamentalistiska sekten Boko Harams terror till st\u00f6rsta delen drabbat muslimer.<\/p>\n<p>Mycket av v\u00e5ldet handlar om konkurrens om mark och handlar ofta om ren banditverksamhet. Det finns ocks\u00e5 grupper som har anknytning till sekten Islamiska Staten (IS) och det \u00e4r tydligen ett av denna sekts l\u00e4ger som Trump l\u00e5tit bomba.<\/p>\n<p>Den Nigerianska arm\u00e9n har under l\u00e5ng tid varit inblandad i konfrontationer med sekterna och banditerna. Faktum \u00e4r att regeringsstyrkorna inte heller har undg\u00e5tt anklagelser om v\u00e5ld mot civilbefolkningen.<\/p>\n<p>Regeringen har tillbakavisat USA:s p\u00e5st\u00e5enden om att v\u00e5ldet \u00e4r riktat enbart mot kristna och p\u00e5visat, med st\u00f6d fr\u00e5n internationell expertis, att fler muslimer \u00e4n kristna d\u00f6dats. Befolkningen best\u00e5r till n\u00e4ra h\u00e4lften av muslimer och likas\u00e5 till n\u00e4ra h\u00e4lften av kristna. Det finns ocks\u00e5 anh\u00e4ngare av traditionell f\u00f6r-kristen och f\u00f6r-muslimsk religion.\u00a0<strong>Om n\u00e4ra h\u00e4lften av befolkningen skulle vara utsatt f\u00f6r f\u00f6rs\u00f6k till folkmord borde kanske fler \u00e4n Donald Trump och hans kristna fundamentalister i USA ha uppt\u00e4ckt det<\/strong>.<\/p>\n<p>F\u00f6rvirrande blir det att det efter tillbakavisandet av Trumps fantasier och hot\u00a0<strong>nu h\u00e4vdas att attacken utf\u00f6rdes i samr\u00e5d mellan USA och den nigerianska regeringen<\/strong>. Samtidigt som Nigeria \u00e5terigen po\u00e4ngterar att det inte finns n\u00e5got v\u00e5ld riktat mot enbart kristna. Det \u00e4r ju p\u00e5st\u00e5endet om att det f\u00f6religger ett antikristet utrotningshot som \u00e4r US-amerikanernas eget grundargument f\u00f6r bombningarna. Hur kan man tolka detta?<\/p>\n<p><strong>En f\u00f6rklaring kan vara<\/strong>\u00a0att den nigerianska regeringen, eftersom man sj\u00e4lv har nytta av att IS-sympatis\u00f6rerna f\u00f6rsvagas och eftersom man kanske inte tror sej kunna st\u00e5 emot USA:s beslut, helt enkelt viker sej och spelar med i elakt spel.<\/p>\n<p><strong>Men hur ska man f\u00f6rklara USA:s beslut att b\u00f6rja bomba i \u00e4nnu ett land?<\/strong><\/p>\n<p>Det kan finnas en rad olika sk\u00e4l. Ett kan vara det faktum att Nigeria \u00e4r en\u00a0<strong>stor oljeproducent<\/strong>\u00a0och att USA har imperialistisk konkurrens i V\u00e4stafrika; fr\u00e5n Ryssland, Kina och EU. Man vill skruva upp sin n\u00e4rvaro. Bombningarna kan ocks\u00e5 vara en signal till konkurrenterna.<\/p>\n<p>Det handlar s\u00e4kert ocks\u00e5 om att\u00a0<strong>cementera Trumpregimens st\u00f6d bland h\u00f6gerkristna<\/strong>\u00a0kyrkor i USA. Det var ingen tillf\u00e4llighet att den fundamentalistiska kongressledamoten Ted Cruz fick st\u00e5 bredvid Trump n\u00e4r han meddelade att bombningarna genomf\u00f6rts. De h\u00f6gerkristna massorna i USA pr\u00e4glas inte bara av fundamentalism (bokstavstroende) utan ocks\u00e5 av massiv okunnighet om omv\u00e4rlden och l\u00e5g bildningsniv\u00e5. Egenskaper som \u00e4r bra att ha om man ska sv\u00e4lja Donald Trumps l\u00f6gner och hugskott.<\/p>\n<p>USA har under detta \u00e5r\u00a0<strong>hunnit med att bomba i Iran, Jemen och i Nigeria.<\/strong>\u00a0Man har bombat fiskeb\u00e5tar i\u00a0<strong>Karibiska Havet och Stilla havet<\/strong>\u00a0och d\u00e4rigenom utf\u00f6rt utomr\u00e4ttsliga avr\u00e4ttningar av \u00f6ver 100 personer. Man hotar\u00a0<strong>Venezuela<\/strong>\u00a0med invasion och har lagt en krigsflotta i havet norr om landet. Man har f\u00f6rnyat hoten om att annektera\u00a0<strong>Gr\u00f6nland<\/strong>\u00a0och\u00a0<strong>Kanada<\/strong>. Tre Venezuelanska tankb\u00e5tar har kapats. Man har faktiskt ocks\u00e5 kapat ett kinesiskt lastfartyg utanf\u00f6r Sri Lankas kust men sl\u00e4ppte det n\u00e4r man inte hittade det gods man letade efter. F\u00f6r att inte n\u00e4mna det faktum att det \u00e4r USA som genom sina leveranser och st\u00f6d sett till att\u00a0<strong>folkmordet p\u00e5 Palestinierna<\/strong>\u00a0kunnat fortg\u00e5.<\/p>\n<p>S\u00e5 Magdalena Andersson;\u00a0<strong>Hur smart var det att ge denna r\u00f6varnation r\u00e4tt till 17 milit\u00e4rbaser i Sverige?<\/strong>\u00a0Vad skulle den US-amerikanska regimen kunna anv\u00e4nda sin milit\u00e4ra n\u00e4rvaro till om vi fick en svensk regering som inte dansade efter deras pipa? Om inte Magdalena Anderson vill svara s\u00e5 f\u00e5r g\u00e4rna n\u00e5gon ledande socialdemokrat i Eskilstuna rycka in och upplysa oss. G\u00e4rna ocks\u00e5 om\u00a0<strong>hur klokt det var att st\u00e4lla svensk milit\u00e4r under NATO:s och d\u00e4rmed USA:s kommando.<\/strong><\/p>\n<p>Artikeln ursprungligen publicerad i eFOLKET i Eskilstuna<br \/><a href=\"https:\/\/efolket.eu\/2025\/12\/varfor-bombar-trump-i-nigeria-egentligen\/\" rel=\"nofollow noopener\" target=\"_blank\">https:\/\/efolket.eu\/2025\/12\/varfor-bombar-trump-i-nigeria-egentligen\/<\/a><\/p>\n","protected":false},"excerpt":{"rendered":"P\u00e5 natten mellan juldagen och annandag jul n\u00e5ddes vi av nyheten att Trumpregimen har l\u00e5tit sina bomber falla&hellip;\n","protected":false},"author":2,"featured_media":121476,"comment_status":"","ping_status":"","sticky":false,"template":"","format":"standard","meta":{"footnotes":""},"categories":[14],"tags":[22,23,26,27,17,21,24,25,28,29,15,16,5262,18,34,31,33,32,30,19,20,51,52,53,54],"class_list":{"0":"post-121475","1":"post","2":"type-post","3":"status-publish","4":"format-standard","5":"has-post-thumbnail","7":"category-varlden","8":"tag-breaking-news","9":"tag-breakingnews","10":"tag-featured-news","11":"tag-featurednews","12":"tag-headlines","13":"tag-huvudnyheter","14":"tag-latest-news","15":"tag-latestnews","16":"tag-main-news","17":"tag-mainnews","18":"tag-news","19":"tag-nyheter","20":"tag-offentlig","21":"tag-rubriker","22":"tag-se","23":"tag-svenska","24":"tag-sverige","25":"tag-sweden","26":"tag-swedish","27":"tag-top-stories","28":"tag-topstories","29":"tag-varlden","30":"tag-world","31":"tag-world-news","32":"tag-worldnews"},"share_on_mastodon":{"url":"https:\/\/pubeurope.com\/@se\/115812980682237190","error":""},"_links":{"self":[{"href":"https:\/\/www.europesays.com\/se\/wp-json\/wp\/v2\/posts\/121475","targetHints":{"allow":["GET"]}}],"collection":[{"href":"https:\/\/www.europesays.com\/se\/wp-json\/wp\/v2\/posts"}],"about":[{"href":"https:\/\/www.europesays.com\/se\/wp-json\/wp\/v2\/types\/post"}],"author":[{"embeddable":true,"href":"https:\/\/www.europesays.com\/se\/wp-json\/wp\/v2\/users\/2"}],"replies":[{"embeddable":true,"href":"https:\/\/www.europesays.com\/se\/wp-json\/wp\/v2\/comments?post=121475"}],"version-history":[{"count":0,"href":"https:\/\/www.europesays.com\/se\/wp-json\/wp\/v2\/posts\/121475\/revisions"}],"wp:featuredmedia":[{"embeddable":true,"href":"https:\/\/www.europesays.com\/se\/wp-json\/wp\/v2\/media\/121476"}],"wp:attachment":[{"href":"https:\/\/www.europesays.com\/se\/wp-json\/wp\/v2\/media?parent=121475"}],"wp:term":[{"taxonomy":"category","embeddable":true,"href":"https:\/\/www.europesays.com\/se\/wp-json\/wp\/v2\/categories?post=121475"},{"taxonomy":"post_tag","embeddable":true,"href":"https:\/\/www.europesays.com\/se\/wp-json\/wp\/v2\/tags?post=121475"}],"curies":[{"name":"wp","href":"https:\/\/api.w.org\/{rel}","templated":true}]}}