{"id":121477,"date":"2025-12-31T07:23:11","date_gmt":"2025-12-31T07:23:11","guid":{"rendered":"https:\/\/www.europesays.com\/se\/121477\/"},"modified":"2025-12-31T07:23:11","modified_gmt":"2025-12-31T07:23:11","slug":"namnbyte-for-campino-pa-foodora-till-vastervik-city","status":"publish","type":"post","link":"https:\/\/www.europesays.com\/se\/121477\/","title":{"rendered":"Namnbyte f\u00f6r Campino p\u00e5 Foodora till V\u00e4stervik City"},"content":{"rendered":"<p>Han ber\u00e4ttar att han kontaktades av Norrk\u00f6pingsbolaget Concept Bandits som undrade om han var intresserad av ett nytt pizzakoncept.\u2013 Jag svarade &#8221;ja&#8221;. Jag bakar \u00e5t flera olika koncept redan, s\u00e4ger han.Det var n\u00e4r de f\u00f6rsta best\u00e4llningarna trillade in som han reagerade. P\u00e5 best\u00e4llningarna stod det Campino \u2013 hade ordrarna g\u00e5tt till fel pizzeria?N\u00e4r han fick klart f\u00f6r si<\/p>\n","protected":false},"excerpt":{"rendered":"Han ber\u00e4ttar att han kontaktades av Norrk\u00f6pingsbolaget Concept Bandits som undrade om han var intresserad av ett nytt&hellip;\n","protected":false},"author":2,"featured_media":121478,"comment_status":"","ping_status":"","sticky":false,"template":"","format":"standard","meta":{"footnotes":""},"categories":[12],"tags":[22,23,26,27,17,21,24,25,28,29,15,16,18,34,31,33,32,30,19,20],"class_list":{"0":"post-121477","1":"post","2":"type-post","3":"status-publish","4":"format-standard","5":"has-post-thumbnail","7":"category-sverige","8":"tag-breaking-news","9":"tag-breakingnews","10":"tag-featured-news","11":"tag-featurednews","12":"tag-headlines","13":"tag-huvudnyheter","14":"tag-latest-news","15":"tag-latestnews","16":"tag-main-news","17":"tag-mainnews","18":"tag-news","19":"tag-nyheter","20":"tag-rubriker","21":"tag-se","22":"tag-svenska","23":"tag-sverige","24":"tag-sweden","25":"tag-swedish","26":"tag-top-stories","27":"tag-topstories"},"share_on_mastodon":{"url":"https:\/\/pubeurope.com\/@se\/115812984569765412","error":""},"_links":{"self":[{"href":"https:\/\/www.europesays.com\/se\/wp-json\/wp\/v2\/posts\/121477","targetHints":{"allow":["GET"]}}],"collection":[{"href":"https:\/\/www.europesays.com\/se\/wp-json\/wp\/v2\/posts"}],"about":[{"href":"https:\/\/www.europesays.com\/se\/wp-json\/wp\/v2\/types\/post"}],"author":[{"embeddable":true,"href":"https:\/\/www.europesays.com\/se\/wp-json\/wp\/v2\/users\/2"}],"replies":[{"embeddable":true,"href":"https:\/\/www.europesays.com\/se\/wp-json\/wp\/v2\/comments?post=121477"}],"version-history":[{"count":0,"href":"https:\/\/www.europesays.com\/se\/wp-json\/wp\/v2\/posts\/121477\/revisions"}],"wp:featuredmedia":[{"embeddable":true,"href":"https:\/\/www.europesays.com\/se\/wp-json\/wp\/v2\/media\/121478"}],"wp:attachment":[{"href":"https:\/\/www.europesays.com\/se\/wp-json\/wp\/v2\/media?parent=121477"}],"wp:term":[{"taxonomy":"category","embeddable":true,"href":"https:\/\/www.europesays.com\/se\/wp-json\/wp\/v2\/categories?post=121477"},{"taxonomy":"post_tag","embeddable":true,"href":"https:\/\/www.europesays.com\/se\/wp-json\/wp\/v2\/tags?post=121477"}],"curies":[{"name":"wp","href":"https:\/\/api.w.org\/{rel}","templated":true}]}}