{"id":121481,"date":"2025-12-31T07:31:11","date_gmt":"2025-12-31T07:31:11","guid":{"rendered":"https:\/\/www.europesays.com\/se\/121481\/"},"modified":"2025-12-31T07:31:11","modified_gmt":"2025-12-31T07:31:11","slug":"trassel-pa-toa-raddningstjanst-larmades","status":"publish","type":"post","link":"https:\/\/www.europesays.com\/se\/121481\/","title":{"rendered":"Trassel p\u00e5 toa \u2013 r\u00e4ddningstj\u00e4nst larmades"},"content":{"rendered":"<p>Under tisdagskv\u00e4llen larmades r\u00e4ddningstj\u00e4nsten till ett hotell i centrala Uppsala. D\u00f6rren till en toalett hade g\u00e5tt i bakl\u00e5s.\u2013 Personen ska ha varit fast en stund, sa Annelie Silveira, teamledare p\u00e5 SOS Alarm, d\u00e5.N\u00e4r r\u00e4ddningstj\u00e4nsten v\u00e4l var p\u00e5 plats gick det fort. D\u00f6rren kunde \u00f6ppnas upp \u2013 och personen som varit fast i \u00f6ver en timme kunde komma ut.Larmet kom klocka<\/p>\n","protected":false},"excerpt":{"rendered":"Under tisdagskv\u00e4llen larmades r\u00e4ddningstj\u00e4nsten till ett hotell i centrala Uppsala. D\u00f6rren till en toalett hade g\u00e5tt i bakl\u00e5s.\u2013&hellip;\n","protected":false},"author":2,"featured_media":1027,"comment_status":"","ping_status":"","sticky":false,"template":"","format":"standard","meta":{"footnotes":""},"categories":[12],"tags":[22,23,26,27,17,21,24,25,28,29,15,16,18,34,31,33,32,30,19,20],"class_list":{"0":"post-121481","1":"post","2":"type-post","3":"status-publish","4":"format-standard","5":"has-post-thumbnail","7":"category-sverige","8":"tag-breaking-news","9":"tag-breakingnews","10":"tag-featured-news","11":"tag-featurednews","12":"tag-headlines","13":"tag-huvudnyheter","14":"tag-latest-news","15":"tag-latestnews","16":"tag-main-news","17":"tag-mainnews","18":"tag-news","19":"tag-nyheter","20":"tag-rubriker","21":"tag-se","22":"tag-svenska","23":"tag-sverige","24":"tag-sweden","25":"tag-swedish","26":"tag-top-stories","27":"tag-topstories"},"share_on_mastodon":{"url":"https:\/\/pubeurope.com\/@se\/115813016026571198","error":""},"_links":{"self":[{"href":"https:\/\/www.europesays.com\/se\/wp-json\/wp\/v2\/posts\/121481","targetHints":{"allow":["GET"]}}],"collection":[{"href":"https:\/\/www.europesays.com\/se\/wp-json\/wp\/v2\/posts"}],"about":[{"href":"https:\/\/www.europesays.com\/se\/wp-json\/wp\/v2\/types\/post"}],"author":[{"embeddable":true,"href":"https:\/\/www.europesays.com\/se\/wp-json\/wp\/v2\/users\/2"}],"replies":[{"embeddable":true,"href":"https:\/\/www.europesays.com\/se\/wp-json\/wp\/v2\/comments?post=121481"}],"version-history":[{"count":0,"href":"https:\/\/www.europesays.com\/se\/wp-json\/wp\/v2\/posts\/121481\/revisions"}],"wp:featuredmedia":[{"embeddable":true,"href":"https:\/\/www.europesays.com\/se\/wp-json\/wp\/v2\/media\/1027"}],"wp:attachment":[{"href":"https:\/\/www.europesays.com\/se\/wp-json\/wp\/v2\/media?parent=121481"}],"wp:term":[{"taxonomy":"category","embeddable":true,"href":"https:\/\/www.europesays.com\/se\/wp-json\/wp\/v2\/categories?post=121481"},{"taxonomy":"post_tag","embeddable":true,"href":"https:\/\/www.europesays.com\/se\/wp-json\/wp\/v2\/tags?post=121481"}],"curies":[{"name":"wp","href":"https:\/\/api.w.org\/{rel}","templated":true}]}}