{"id":121482,"date":"2025-12-31T07:35:06","date_gmt":"2025-12-31T07:35:06","guid":{"rendered":"https:\/\/www.europesays.com\/se\/121482\/"},"modified":"2025-12-31T07:35:06","modified_gmt":"2025-12-31T07:35:06","slug":"modeorakel-oense-om-2026-utom-nar-det-galler-fransar","status":"publish","type":"post","link":"https:\/\/www.europesays.com\/se\/121482\/","title":{"rendered":"Modeorakel oense om 2026 \u2013 utom n\u00e4r det g\u00e4ller fransar"},"content":{"rendered":"<p>Trendspanarna p\u00e5 stora moderedaktioner spretar n\u00e4r de f\u00f6rs\u00f6ker spika de viktigaste stilinslagen f\u00f6r \u00e5ret som kommer. The Independent f\u00f6resl\u00e5r gr\u00e5 kostym och BBC v\u00e4ldigt starka signalf\u00e4rger. M\u00f6jligen det senare, tycks Cosmopolitan h\u00e4vda, men bara om f\u00e4rgen i fr\u00e5ga \u00e4r Yves Klein-bl\u00e5.<\/p>\n<p>Det tycks dock finnas ett omr\u00e5de d\u00e4r man \u00e4r helt \u00f6verens: 2026 blir ett \u00e5r f\u00f6r fransar. Till synes b\u00e5de f\u00f6r m\u00e4n och kvinnor och b\u00e5de p\u00e5 jackor, byxor och kjolar.<\/p>\n<p>Enligt The Independent bygger den spaningen inte heller bara p\u00e5 k\u00e4nsla: Enligt data fr\u00e5n Klarna har f\u00f6rs\u00e4ljningen av plagg med fransar rusat mellan 44 och 67 procent mellan 2024 och 2025. <\/p>\n<p>Omni \u00e4r politiskt obundna och oberoende. Vi str\u00e4var efter att ge fler perspektiv p\u00e5 nyheterna. Har du fr\u00e5gor eller synpunkter kring v\u00e5r rapportering? <a href=\"https:\/\/omni.se\/modeorakel-oense-om-2026-utom-nar-det-galler-fransar\/a\/mailto:redaktion@omni.se\" class=\"ArticleActions_contactLink__W2F1M\" rel=\"nofollow noopener\" target=\"_blank\">Kontakta redaktionen<\/a><\/p>\n","protected":false},"excerpt":{"rendered":"Trendspanarna p\u00e5 stora moderedaktioner spretar n\u00e4r de f\u00f6rs\u00f6ker spika de viktigaste stilinslagen f\u00f6r \u00e5ret som kommer. The Independent&hellip;\n","protected":false},"author":2,"featured_media":121483,"comment_status":"","ping_status":"","sticky":false,"template":"","format":"standard","meta":{"footnotes":""},"categories":[67],"tags":[104,90,1592,34,31,33,32,30,105],"class_list":{"0":"post-121482","1":"post","2":"type-post","3":"status-publish","4":"format-standard","5":"has-post-thumbnail","7":"category-underhallning","8":"tag-entertainment","9":"tag-klarna","10":"tag-mode","11":"tag-se","12":"tag-svenska","13":"tag-sverige","14":"tag-sweden","15":"tag-swedish","16":"tag-underhallning"},"share_on_mastodon":{"url":"https:\/\/pubeurope.com\/@se\/115813031802573525","error":""},"_links":{"self":[{"href":"https:\/\/www.europesays.com\/se\/wp-json\/wp\/v2\/posts\/121482","targetHints":{"allow":["GET"]}}],"collection":[{"href":"https:\/\/www.europesays.com\/se\/wp-json\/wp\/v2\/posts"}],"about":[{"href":"https:\/\/www.europesays.com\/se\/wp-json\/wp\/v2\/types\/post"}],"author":[{"embeddable":true,"href":"https:\/\/www.europesays.com\/se\/wp-json\/wp\/v2\/users\/2"}],"replies":[{"embeddable":true,"href":"https:\/\/www.europesays.com\/se\/wp-json\/wp\/v2\/comments?post=121482"}],"version-history":[{"count":0,"href":"https:\/\/www.europesays.com\/se\/wp-json\/wp\/v2\/posts\/121482\/revisions"}],"wp:featuredmedia":[{"embeddable":true,"href":"https:\/\/www.europesays.com\/se\/wp-json\/wp\/v2\/media\/121483"}],"wp:attachment":[{"href":"https:\/\/www.europesays.com\/se\/wp-json\/wp\/v2\/media?parent=121482"}],"wp:term":[{"taxonomy":"category","embeddable":true,"href":"https:\/\/www.europesays.com\/se\/wp-json\/wp\/v2\/categories?post=121482"},{"taxonomy":"post_tag","embeddable":true,"href":"https:\/\/www.europesays.com\/se\/wp-json\/wp\/v2\/tags?post=121482"}],"curies":[{"name":"wp","href":"https:\/\/api.w.org\/{rel}","templated":true}]}}