{"id":121484,"date":"2025-12-31T07:39:07","date_gmt":"2025-12-31T07:39:07","guid":{"rendered":"https:\/\/www.europesays.com\/se\/121484\/"},"modified":"2025-12-31T07:39:07","modified_gmt":"2025-12-31T07:39:07","slug":"har-kan-goteborg-inte-langre-stoppa-vin-i-solen","status":"publish","type":"post","link":"https:\/\/www.europesays.com\/se\/121484\/","title":{"rendered":"H\u00e4r kan G\u00f6teborg inte l\u00e4ngre stoppa vin i solen"},"content":{"rendered":"<p class=\"ort\">Norrmalm<\/p>\n<p class=\"text\">I b\u00f6rjan av 2025 hade bolaget &#8221;Glad stad&#8221; \u2013 som jobbar med att skapa liv p\u00e5 bortgl\u00f6mda ytor \u2013 stora planer f\u00f6r sommaren. Tidigare \u00e5r har de bland annat byggt upp Klara sj\u00f6krog vid Stadshusbron, d\u00e4r folk har slagit sig ner utomhus f\u00f6r att \u00e4ta eller ta ett glas. De hade \u00e4ven l\u00e5ngt g\u00e5ngna planer p\u00e5 en ny matmarknad i Bred\u00e4ng. Ut\u00f6ver det v\u00e4ntade en etablering i Hornstull och en i centrala Stockholm.<\/p>\n<p class=\"text\">Planerna grusades dock, och alla projekt f\u00f6rutom ett fick st\u00e4llas in. Detta efter en dom i kammarr\u00e4tten i G\u00f6teborg, som slog fast att serveringstillst\u00e5nd inte kunde ges till st\u00e4llen som bara har sittplatser utomhus.<\/p>\n<p class=\"text\">\u2013 Utan att kunna erbjuda g\u00e4sterna alkohol f\u00e5r vi inte budgeten att g\u00e5 ihop, sa en besviken Fredrik Lindst\u00e5l, grundare av Glad stad, n\u00e4r beskedet kom.<\/p>\n<p>Tydliga regler<\/p>\n<p class=\"text\">Det var n\u00e4r restaurang Liebling p\u00e5 S\u00f6dermalm i somras skulle s\u00f6ka tillst\u00e5nd f\u00f6r sin biergarten som de st\u00f6tte p\u00e5 patrull. Domen i G\u00f6teborg blev v\u00e4gledande, och p\u00e5verkade uteserveringar i hela landet.<\/p>\n<p><img decoding=\"async\" class=\"Image Image_\" src=\"\" data-aghref=\"http:\/\/www.mitti.se\/image-3.328067.269126.20251231070132.78ca91d99c\" data-agimagetype=\"hardcrop\" alt=\"Fredrik Lindst\u00e5l, grundare av Glad stad, \u00e4r l\u00e4ttad \u00f6ver domen, och ser fram emot n\u00e4sta sommar.\"\/><\/p>\n<p class=\"Caption\">Fredrik Lindst\u00e5l, grundare av Glad stad, \u00e4r l\u00e4ttad \u00f6ver domen, och ser fram emot n\u00e4sta sommar.<\/p>\n<p class=\"Source\">Victor Malmcrona<\/p>\n<p class=\"text\">Nu har dock kammarr\u00e4tten i Stockholm slagit fast att Liebling har <a target=\"_blank\" rel=\"noopener nofollow\" href=\"https:\/\/www.mitti.se\/nyheter\/liebling-vann-mot-staden--uteserveringen-far-gront-ljus-6.3.334543.9f306a954c\">r\u00e4tt till sin uteservering, trots att de inte har n\u00e5gra platser inomhus.<\/a> Ett beslut som Alexander Ojanne (S), social- och trygghetsborgarr\u00e5d i Stockholm, v\u00e4lkomnar.<\/p>\n<p class=\"text\">\u2013 Vi \u00e4r j\u00e4tten\u00f6jda! Det k\u00e4nns sk\u00f6nt att vi fick beskedet i god tid, nu n\u00e4r alla snart ska ans\u00f6ka om serveringstillst\u00e5nd, s\u00e4ger han.<\/p>\n<p class=\"text\">F\u00f6r kr\u00f6gare inneb\u00e4r den nya bed\u00f6mningen att alkohollagen inte hindrar en krog som bara har platser utomhus utomhus att f\u00e5 serveringstillst\u00e5nd.<\/p>\n<p class=\"text\">Fredrik Lindst\u00e5l konstaterar att beskedet \u00e4r &#8221;fantastiskt\u201d.<\/p>\n<p class=\"text\">\u2013 Men nu \u00e4r det j\u00e4tteviktigt att staden blir tydliga med vilka regler som faktiskt g\u00e4ller, s\u00e5 att man som akt\u00f6r f\u00f6rst\u00e5r och kan s\u00f6ka tillst\u00e5nd.<\/p>\n<p>Matkrav kan slopas<\/p>\n<p class=\"text\">I h\u00f6stas \u00f6verl\u00e4mnade F\u00f6renklingsr\u00e5det en utredning till regeringen, med f\u00f6rslag om att slopa kravet p\u00e5 matservering och eget k\u00f6k f\u00f6r serveringsst\u00e4llen som vill servera alkohol.<\/p>\n<p class=\"text\">\u201dRegeringen aviserade att f\u00f6rslaget ska beredas snabbt, vilket f\u00f6rhoppningsvis kan leda till att regelf\u00f6renklingen \u00e4r p\u00e5 plats redan n\u00e4sta sommar\u201d, skriver F\u00f6renklingsr\u00e5det om utredningen.<\/p>\n<p><img decoding=\"async\" class=\"Image Image_\" src=\"\" data-aghref=\"http:\/\/www.mitti.se\/image-3.334802.269126.20251231070132.7f78820fbd\" data-agimagetype=\"hardcrop\" alt=\"Social- och trygghetsborgarr\u00e5det Alexander Ojanne (S) s\u00e4ger att staden \u00e4r n\u00f6jd med domen.\"\/><\/p>\n<p class=\"Caption\">Social- och trygghetsborgarr\u00e5det Alexander Ojanne (S) s\u00e4ger att staden \u00e4r n\u00f6jd med domen.<\/p>\n<p class=\"Source\">Angie Gray<\/p>\n<p class=\"text\">Fredrik Lindst\u00e5l hoppas att staden ser \u00f6ver \u00e4ven detta, n\u00e4r beslut har tagits.<\/p>\n<p class=\"text\">\u2013 Jag tror att det kan \u00f6ppna upp f\u00f6r mycket roligt utomhus.<\/p>\n<p class=\"citat\">Jag tror att det kan \u00f6ppna upp f\u00f6r mycket roligt utomhus.<\/p>\n","protected":false},"excerpt":{"rendered":"Norrmalm I b\u00f6rjan av 2025 hade bolaget &#8221;Glad stad&#8221; \u2013 som jobbar med att skapa liv p\u00e5 bortgl\u00f6mda&hellip;\n","protected":false},"author":2,"featured_media":121485,"comment_status":"","ping_status":"","sticky":false,"template":"","format":"standard","meta":{"footnotes":""},"categories":[12],"tags":[22,23,26,27,17,21,24,25,28,29,15,16,18,34,31,33,32,30,19,20],"class_list":{"0":"post-121484","1":"post","2":"type-post","3":"status-publish","4":"format-standard","5":"has-post-thumbnail","7":"category-sverige","8":"tag-breaking-news","9":"tag-breakingnews","10":"tag-featured-news","11":"tag-featurednews","12":"tag-headlines","13":"tag-huvudnyheter","14":"tag-latest-news","15":"tag-latestnews","16":"tag-main-news","17":"tag-mainnews","18":"tag-news","19":"tag-nyheter","20":"tag-rubriker","21":"tag-se","22":"tag-svenska","23":"tag-sverige","24":"tag-sweden","25":"tag-swedish","26":"tag-top-stories","27":"tag-topstories"},"share_on_mastodon":{"url":"https:\/\/pubeurope.com\/@se\/115813047541005236","error":""},"_links":{"self":[{"href":"https:\/\/www.europesays.com\/se\/wp-json\/wp\/v2\/posts\/121484","targetHints":{"allow":["GET"]}}],"collection":[{"href":"https:\/\/www.europesays.com\/se\/wp-json\/wp\/v2\/posts"}],"about":[{"href":"https:\/\/www.europesays.com\/se\/wp-json\/wp\/v2\/types\/post"}],"author":[{"embeddable":true,"href":"https:\/\/www.europesays.com\/se\/wp-json\/wp\/v2\/users\/2"}],"replies":[{"embeddable":true,"href":"https:\/\/www.europesays.com\/se\/wp-json\/wp\/v2\/comments?post=121484"}],"version-history":[{"count":0,"href":"https:\/\/www.europesays.com\/se\/wp-json\/wp\/v2\/posts\/121484\/revisions"}],"wp:featuredmedia":[{"embeddable":true,"href":"https:\/\/www.europesays.com\/se\/wp-json\/wp\/v2\/media\/121485"}],"wp:attachment":[{"href":"https:\/\/www.europesays.com\/se\/wp-json\/wp\/v2\/media?parent=121484"}],"wp:term":[{"taxonomy":"category","embeddable":true,"href":"https:\/\/www.europesays.com\/se\/wp-json\/wp\/v2\/categories?post=121484"},{"taxonomy":"post_tag","embeddable":true,"href":"https:\/\/www.europesays.com\/se\/wp-json\/wp\/v2\/tags?post=121484"}],"curies":[{"name":"wp","href":"https:\/\/api.w.org\/{rel}","templated":true}]}}